{"id":36168,"date":"2023-10-23T12:50:52","date_gmt":"2023-10-23T15:50:52","guid":{"rendered":"https:\/\/radiorevelacionfm.cl\/?p=36168"},"modified":"2023-10-23T12:50:52","modified_gmt":"2023-10-23T15:50:52","slug":"montanistas-del-ejercito-se-instruyen-en-terrenos-glaciares-de-campos-de-hielo-norte","status":"publish","type":"post","link":"https:\/\/radiorevelacionfm.cl\/?p=36168","title":{"rendered":"Monta\u00f1istas del Ej\u00e9rcito se instruyen en terrenos glaciares de Campos de Hielo Norte"},"content":{"rendered":"<div class=\"flex_column av_one_full  flex_column_div av-zero-column-padding first  avia-builder-el-0  el_before_av_one_full  avia-builder-el-first  \" style='border-radius:0px; '><div  class='avia-image-container  av-styling-    avia-builder-el-1  avia-builder-el-no-sibling  avia-align-center '  itemprop=\"image\" itemscope=\"itemscope\" itemtype=\"https:\/\/schema.org\/ImageObject\"  ><div class='avia-image-container-inner'><div class='avia-image-overlay-wrap'><img decoding=\"async\" class='wp-image-36169 avia-img-lazy-loading-not-36169 avia_image' src=\"https:\/\/radiorevelacionfm.cl\/wp-content\/uploads\/2023\/10\/WhatsApp-Image-2023-10-23-at-09.50.18-1-1.jpeg\" alt='' title='WhatsApp Image 2023-10-23 at 09.50.18 (1) (1)' height=\"600\" width=\"800\"  itemprop=\"thumbnailUrl\" srcset=\"https:\/\/radiorevelacionfm.cl\/wp-content\/uploads\/2023\/10\/WhatsApp-Image-2023-10-23-at-09.50.18-1-1.jpeg 800w, https:\/\/radiorevelacionfm.cl\/wp-content\/uploads\/2023\/10\/WhatsApp-Image-2023-10-23-at-09.50.18-1-1-300x225.jpeg 300w, https:\/\/radiorevelacionfm.cl\/wp-content\/uploads\/2023\/10\/WhatsApp-Image-2023-10-23-at-09.50.18-1-1-768x576.jpeg 768w, https:\/\/radiorevelacionfm.cl\/wp-content\/uploads\/2023\/10\/WhatsApp-Image-2023-10-23-at-09.50.18-1-1-705x529.jpeg 705w, https:\/\/radiorevelacionfm.cl\/wp-content\/uploads\/2023\/10\/WhatsApp-Image-2023-10-23-at-09.50.18-1-1-450x338.jpeg 450w, https:\/\/radiorevelacionfm.cl\/wp-content\/uploads\/2023\/10\/WhatsApp-Image-2023-10-23-at-09.50.18-1-1-600x450.jpeg 600w\" sizes=\"(max-width: 800px) 100vw, 800px\" \/><\/div><\/div><\/div><\/div><div class=\"flex_column av_one_full  flex_column_div av-zero-column-padding first  avia-builder-el-2  el_after_av_one_full  el_before_av_one_full  column-top-margin\" style='border-radius:0px; '><section class=\"av_textblock_section \"  itemscope=\"itemscope\" itemtype=\"https:\/\/schema.org\/BlogPosting\" itemprop=\"blogPost\" ><div class='avia_textblock  '   itemprop=\"text\" ><p style=\"text-align: center;\"><span style=\"font-size: 18pt;\"><strong>Monta\u00f1istas del Ej\u00e9rcito se instruyen en terrenos glaciares de Campos de Hielo Norte<\/strong><\/span><\/p>\n<div id=\"gtx-trans\" style=\"position: absolute; left: -50px; top: 4.31534px;\">\n<div class=\"gtx-trans-icon\"><\/div>\n<\/div>\n<\/div><\/section><\/div><div class=\"flex_column av_one_full  flex_column_div av-zero-column-padding first  avia-builder-el-4  el_after_av_one_full  el_before_av_hr  column-top-margin\" style='border-radius:0px; '><section class=\"av_textblock_section \"  itemscope=\"itemscope\" itemtype=\"https:\/\/schema.org\/BlogPosting\" itemprop=\"blogPost\" ><div class='avia_textblock  '   itemprop=\"text\" ><p style=\"text-align: justify;\">Con el objetivo de perfeccionar sus habilidades, entrenar los procedimientos t\u00e1cticos y t\u00e9cnicos en terrenos glaciares, adem\u00e1s de desarrollar las competencias necesarias para enfrentar eventuales situaciones de emergencias y\/o cat\u00e1strofes los efectivos de la Compa\u00f1\u00eda Andina Divisionaria N\u00b020 \u201cCochrane\u201d realizaron un entrenamiento en el Glaciar Nef en Campos de Hielo Norte.<\/p>\n<p style=\"text-align: justify;\">En este contexto, para el ejercicio se consider\u00f3 una inserci\u00f3n anfibia por el Lago Plomo y\u00a0 una marcha al glaciar de aproximadamente 34 kil\u00f3metros. Posteriormente, en el glaciar Nef se ejecut\u00f3 un desplazamiento sobre hielo de 10 km.<\/p>\n<p style=\"text-align: justify;\">El ejercicio, permiti\u00f3 que los especialistas en monta\u00f1a entrenaran las habilidades necesarias para vivir y desplazarse en un glaciar realizando t\u00e9cnicas de escalamiento en hielo, desplazamiento en un glaciar, aumentando las capacidades t\u00e1cticas y t\u00e9cnicas de la unidad militar, y as\u00ed operar en situaciones de emergencias y cat\u00e1strofes en escenarios geogr\u00e1ficos de dif\u00edcil acceso y bajo condiciones meteorol\u00f3gicas adversas considerando que en esta fecha estivaly durante todo el a\u00f1o \u00a0la Regi\u00f3n de Ays\u00e9n es muy visitada por turistas.<\/p>\n<\/div><\/section><\/div><div  style='height:50px' class='hr hr-invisible   avia-builder-el-6  el_after_av_one_full  el_before_av_social_share '><span class='hr-inner ' ><span class='hr-inner-style'><\/span><\/span><\/div><\/p>\n<div  class='av-social-sharing-box  avia-builder-el-7  el_after_av_hr  el_before_av_hr  '><div class='av-share-box'><h5 class='av-share-link-description av-no-toc '>Compartir esta noticia<\/h5><ul class='av-share-box-list noLightbox'><li class='av-share-link av-social-link-facebook' ><a target=\"_blank\" aria-label=\"Compartir en Facebook\" href='https:\/\/www.facebook.com\/sharer.php?u=https:\/\/radiorevelacionfm.cl\/?p=36168&#038;t=Monta%C3%B1istas%20del%20Ej%C3%A9rcito%20se%20instruyen%20en%20terrenos%20glaciares%20de%20Campos%20de%20Hielo%20Norte' aria-hidden='false' data-av_icon='\ue8f3' data-av_iconfont='entypo-fontello' title='' data-avia-related-tooltip='Compartir en Facebook' rel=\"noopener\"><span class='avia_hidden_link_text'>Compartir en Facebook<\/span><\/a><\/li><li class='av-share-link av-social-link-twitter' ><a target=\"_blank\" aria-label=\"Compartir en Twitter\" href='https:\/\/twitter.com\/share?text=Monta%C3%B1istas%20del%20Ej%C3%A9rcito%20se%20instruyen%20en%20terrenos%20glaciares%20de%20Campos%20de%20Hielo%20Norte&#038;url=https:\/\/radiorevelacionfm.cl\/?p=36168' aria-hidden='false' data-av_icon='\ue8f1' data-av_iconfont='entypo-fontello' title='' data-avia-related-tooltip='Compartir en Twitter' rel=\"noopener\"><span class='avia_hidden_link_text'>Compartir en Twitter<\/span><\/a><\/li><li class='av-share-link av-social-link-whatsapp' ><a target=\"_blank\" aria-label=\"Compartir en Whatsapp\" href='https:\/\/api.whatsapp.com\/send?text=https:\/\/radiorevelacionfm.cl\/?p=36168' aria-hidden='false' data-av_icon='\uf232' data-av_iconfont='entypo-fontello' title='' data-avia-related-tooltip='Compartir en Whatsapp' rel=\"noopener\"><span class='avia_hidden_link_text'>Compartir en Whatsapp<\/span><\/a><\/li><li class='av-share-link av-social-link-linkedin' ><a target=\"_blank\" aria-label=\"Compartir en LinkedIn\" href='https:\/\/linkedin.com\/shareArticle?mini=true&#038;title=Monta%C3%B1istas%20del%20Ej%C3%A9rcito%20se%20instruyen%20en%20terrenos%20glaciares%20de%20Campos%20de%20Hielo%20Norte&#038;url=https:\/\/radiorevelacionfm.cl\/?p=36168' aria-hidden='false' data-av_icon='\ue8fc' data-av_iconfont='entypo-fontello' title='' data-avia-related-tooltip='Compartir en LinkedIn' rel=\"noopener\"><span class='avia_hidden_link_text'>Compartir en LinkedIn<\/span><\/a><\/li><li class='av-share-link av-social-link-mail' ><a  aria-label=\"Compartir por correo\" href='mailto:?subject=Monta%C3%B1istas%20del%20Ej%C3%A9rcito%20se%20instruyen%20en%20terrenos%20glaciares%20de%20Campos%20de%20Hielo%20Norte&#038;body=https:\/\/radiorevelacionfm.cl\/?p=36168' aria-hidden='false' data-av_icon='\ue805' data-av_iconfont='entypo-fontello' title='' data-avia-related-tooltip='Compartir por correo'><span class='avia_hidden_link_text'>Compartir por correo<\/span><\/a><\/li><\/ul><\/div><\/div>\n<div  style='height:50px' class='hr hr-invisible   avia-builder-el-8  el_after_av_social_share  el_before_av_comments_list '><span class='hr-inner ' ><span class='hr-inner-style'><\/span><\/span><\/div>\n<div  class='av-buildercomment  av-blog-meta-html-info-disabled av-blog-meta-tag-disabled  '><\/div>\n","protected":false},"excerpt":{"rendered":"","protected":false},"author":1,"featured_media":36169,"comment_status":"open","ping_status":"open","sticky":false,"template":"","format":"standard","meta":{"footnotes":""},"categories":[38],"tags":[],"class_list":["post-36168","post","type-post","status-publish","format-standard","has-post-thumbnail","hentry","category-regional"],"jetpack_featured_media_url":"https:\/\/radiorevelacionfm.cl\/wp-content\/uploads\/2023\/10\/WhatsApp-Image-2023-10-23-at-09.50.18-1-1.jpeg","_links":{"self":[{"href":"https:\/\/radiorevelacionfm.cl\/index.php?rest_route=\/wp\/v2\/posts\/36168","targetHints":{"allow":["GET"]}}],"collection":[{"href":"https:\/\/radiorevelacionfm.cl\/index.php?rest_route=\/wp\/v2\/posts"}],"about":[{"href":"https:\/\/radiorevelacionfm.cl\/index.php?rest_route=\/wp\/v2\/types\/post"}],"author":[{"embeddable":true,"href":"https:\/\/radiorevelacionfm.cl\/index.php?rest_route=\/wp\/v2\/users\/1"}],"replies":[{"embeddable":true,"href":"https:\/\/radiorevelacionfm.cl\/index.php?rest_route=%2Fwp%2Fv2%2Fcomments&post=36168"}],"version-history":[{"count":1,"href":"https:\/\/radiorevelacionfm.cl\/index.php?rest_route=\/wp\/v2\/posts\/36168\/revisions"}],"predecessor-version":[{"id":36170,"href":"https:\/\/radiorevelacionfm.cl\/index.php?rest_route=\/wp\/v2\/posts\/36168\/revisions\/36170"}],"wp:featuredmedia":[{"embeddable":true,"href":"https:\/\/radiorevelacionfm.cl\/index.php?rest_route=\/wp\/v2\/media\/36169"}],"wp:attachment":[{"href":"https:\/\/radiorevelacionfm.cl\/index.php?rest_route=%2Fwp%2Fv2%2Fmedia&parent=36168"}],"wp:term":[{"taxonomy":"category","embeddable":true,"href":"https:\/\/radiorevelacionfm.cl\/index.php?rest_route=%2Fwp%2Fv2%2Fcategories&post=36168"},{"taxonomy":"post_tag","embeddable":true,"href":"https:\/\/radiorevelacionfm.cl\/index.php?rest_route=%2Fwp%2Fv2%2Ftags&post=36168"}],"curies":[{"name":"wp","href":"https:\/\/api.w.org\/{rel}","templated":true}]}}