{"id":36163,"date":"2023-10-22T16:09:09","date_gmt":"2023-10-22T19:09:09","guid":{"rendered":"https:\/\/radiorevelacionfm.cl\/?p=36163"},"modified":"2023-10-22T16:09:09","modified_gmt":"2023-10-22T19:09:09","slug":"en-jornada-de-participacion-indagan-necesidades-de-transporte-de-villa-manihuales","status":"publish","type":"post","link":"https:\/\/radiorevelacionfm.cl\/?p=36163","title":{"rendered":"En jornada de participaci\u00f3n, indagan necesidades de transporte de Villa Ma\u00f1ihuales"},"content":{"rendered":"<div class=\"flex_column av_one_full  flex_column_div av-zero-column-padding first  avia-builder-el-0  el_before_av_one_full  avia-builder-el-first  \" style='border-radius:0px; '><div  class='avia-image-container  av-styling-    avia-builder-el-1  avia-builder-el-no-sibling  avia-align-center '  itemprop=\"image\" itemscope=\"itemscope\" itemtype=\"https:\/\/schema.org\/ImageObject\"  ><div class='avia-image-container-inner'><div class='avia-image-overlay-wrap'><img decoding=\"async\" class='wp-image-36164 avia-img-lazy-loading-not-36164 avia_image' src=\"https:\/\/radiorevelacionfm.cl\/wp-content\/uploads\/2023\/10\/DSC_6699-1-1.jpg\" alt='' title='DSC_6699 (1) (1)' height=\"600\" width=\"903\"  itemprop=\"thumbnailUrl\" srcset=\"https:\/\/radiorevelacionfm.cl\/wp-content\/uploads\/2023\/10\/DSC_6699-1-1.jpg 903w, https:\/\/radiorevelacionfm.cl\/wp-content\/uploads\/2023\/10\/DSC_6699-1-1-300x199.jpg 300w, https:\/\/radiorevelacionfm.cl\/wp-content\/uploads\/2023\/10\/DSC_6699-1-1-768x510.jpg 768w, https:\/\/radiorevelacionfm.cl\/wp-content\/uploads\/2023\/10\/DSC_6699-1-1-705x468.jpg 705w, https:\/\/radiorevelacionfm.cl\/wp-content\/uploads\/2023\/10\/DSC_6699-1-1-450x299.jpg 450w, https:\/\/radiorevelacionfm.cl\/wp-content\/uploads\/2023\/10\/DSC_6699-1-1-600x399.jpg 600w\" sizes=\"(max-width: 903px) 100vw, 903px\" \/><\/div><\/div><\/div><\/div><div class=\"flex_column av_one_full  flex_column_div av-zero-column-padding first  avia-builder-el-2  el_after_av_one_full  el_before_av_one_full  column-top-margin\" style='border-radius:0px; '><section class=\"av_textblock_section \"  itemscope=\"itemscope\" itemtype=\"https:\/\/schema.org\/BlogPosting\" itemprop=\"blogPost\" ><div class='avia_textblock  '   itemprop=\"text\" ><p style=\"text-align: center;\"><span style=\"font-size: 18pt;\"><b>En jornada de participaci\u00f3n, indagan necesidades de transporte de Villa Ma\u00f1ihuales<\/b><\/span><\/p>\n<div id=\"gtx-trans\" style=\"position: absolute; left: -50px; top: 4.31534px;\">\n<div class=\"gtx-trans-icon\"><\/div>\n<\/div>\n<\/div><\/section><\/div><div class=\"flex_column av_one_full  flex_column_div av-zero-column-padding first  avia-builder-el-4  el_after_av_one_full  el_before_av_hr  column-top-margin\" style='border-radius:0px; '><section class=\"av_textblock_section \"  itemscope=\"itemscope\" itemtype=\"https:\/\/schema.org\/BlogPosting\" itemprop=\"blogPost\" ><div class='avia_textblock  '   itemprop=\"text\" ><p style=\"text-align: justify;\">Con una amplia convocatoria se llev\u00f3 a cabo una jornada de participaci\u00f3n ciudadana en la localidad de Villa Ma\u00f1ihuales, en la comuna de Ays\u00e9n, con el fin de establecer las mayores necesidades de transporte hacia Coyhaique. Para este fin el equipo de la divisi\u00f3n de Transporte P\u00fablico Regional de la seremiTT Ays\u00e9n, prepar\u00f3 una encuesta que fue respondida y analizada en grupos. Mediante este insumo ser\u00e1 posible definir las bases de licitaci\u00f3n para una nueva ruta subvencionada por el Ministerio de Transportes y Telecomunicaciones con el recorrido Villa Ma\u00f1ihuales \u2013 Coyhaique.<\/p>\n<p style=\"text-align: justify;\">Algunos aspectos tratados en este trabajo fueron los motivos de viaje, as\u00ed como los horarios, d\u00edas de operaci\u00f3n y capacidad que deber\u00eda tener un transporte que pueda resolver los requerimientos que hoy no est\u00e1n cubiertos por las empresas que recorren actualmente esta ruta.<\/p>\n<p style=\"text-align: justify;\">El seremiTT Hans Zimmermann, valor\u00f3 el inter\u00e9s de quienes se hicieron parte de esta convocatoria con la finalidad de contar con un mejor sistema de transporte. \u201cAcabamos de terminar una importante jornada de participaci\u00f3n ciudadana junto a los vecinos y vecinas de esta localidad, para el dise\u00f1o e implementaci\u00f3n de un nuevo subsidio de transporte terrestre desde Ma\u00f1ihuales hacia Coyhaique que estar\u00eda operativo a partir del segundo semestre del a\u00f1o 2024. El mandato de nuestro presidente Gabriel Boric, es que los seremis estemos en terreno, en contacto con la comunidad y qu\u00e9 mejor manera de hacerlo que a trav\u00e9s de instancias que nos permitan codise\u00f1ar estos servicios\u201d, se\u00f1al\u00f3.<\/p>\n<p style=\"text-align: justify;\">Erika Gonz\u00e1lez, dirigenta de varias organizaciones sociales de Villa Ma\u00f1ihuales y sus alrededores, relat\u00f3 parte de las problem\u00e1ticas de movilidad existentes. \u201cLa necesidad es bastante porque tenemos poca frecuencia de buses. Si bien es cierto, hay empresas que hacen el trabajo pero son en pocos horarios. De repente, hay personas como adultos mayores que tienen que ir a m\u00e9dico y a ellos se les complica tener que quedarse de un d\u00eda para otro\u201d, dijo. \u201cMe parece excelente el acercamiento y poder venir a constatar ac\u00e1 en terreno las dificultades que nosotros estamos presentando. Espero que no sea la primera vez y que continuemos con estas reuniones para llegar a buen puerto con esta conversaci\u00f3n y una grata charla que tuvimos hoy\u201d, agreg\u00f3.<\/p>\n<p style=\"text-align: justify;\">Eduardo Alarc\u00f3n, habitante de la localidad complement\u00f3 que: \u201cnuestra gran desventaja hoy, es el traslado de los d\u00edas viernes, s\u00e1bado y domingo. Los d\u00edas viernes hay movilizaci\u00f3n de Coyhaique hacia Ma\u00f1ihuales, gente que se viene, estudiantes que se vienen a Ma\u00f1ihuales. Pero el gran problema surge los d\u00edas domingos cuando estos estudiantes y esta gente adulta tienen que viajar a Coyhaique porque no hay medio de locomoci\u00f3n que los pueda transportar. Sucede con los estudiantes de educaci\u00f3n superior. O tienen que esperarse hasta el lunes en la ma\u00f1ana en que nuevamente hay bus de recorrido, pero resulta que ese bus de recorrido no siempre tiene los cupos para llevar estudiantes\u201d, explic\u00f3.<\/p>\n<p style=\"text-align: justify;\">Berta Jara, representante de sectores aleda\u00f1os a Villa Ma\u00f1ihuales como son el Cruce Cabezas, pasarela El Turbio y Picaflor expuso las dificultades de quienes se trasladan desde el sector rural. \u201cNosotros generalmente viajamos por salud o por tr\u00e1mites, que son esas las prioridades que tenemos. A veces tenemos que venirnos temprano y el bus ya no tiene capacidad o ya se ha ido. Cuando el bus sale de aqu\u00ed va lleno, entonces uno se queda en la calle esperando y no lo alza. La vecina tambi\u00e9n destac\u00f3 este encuentro para indagar las necesidades de la comunidad: \u201clo encuentro muy bueno, porque vinimos harta gente del sector rural\u201d, manifest\u00f3.<\/p>\n<p style=\"text-align: justify;\">A partir de este trabajo se dise\u00f1ar\u00e1n las bases de licitaci\u00f3n para un recorrido subvencionado Villa Ma\u00f1ihuales \u2013 Coyhaique que deber\u00eda estar operativo durante el segundo semestre del a\u00f1o pr\u00f3ximo, y de esta manera resolver los requerimientos de esta localidad.<\/p>\n<\/div><\/section><\/div><div  style='height:50px' class='hr hr-invisible   avia-builder-el-6  el_after_av_one_full  el_before_av_social_share '><span class='hr-inner ' ><span class='hr-inner-style'><\/span><\/span><\/div><\/p>\n<div  class='av-social-sharing-box  avia-builder-el-7  el_after_av_hr  el_before_av_hr  '><div class='av-share-box'><h5 class='av-share-link-description av-no-toc '>Compartir esta noticia<\/h5><ul class='av-share-box-list noLightbox'><li class='av-share-link av-social-link-facebook' ><a target=\"_blank\" aria-label=\"Compartir en Facebook\" href='https:\/\/www.facebook.com\/sharer.php?u=https:\/\/radiorevelacionfm.cl\/?p=36163&#038;t=En%20jornada%20de%20participaci%C3%B3n%2C%20indagan%20necesidades%20de%20transporte%20de%20Villa%20Ma%C3%B1ihuales' aria-hidden='false' data-av_icon='\ue8f3' data-av_iconfont='entypo-fontello' title='' data-avia-related-tooltip='Compartir en Facebook' rel=\"noopener\"><span class='avia_hidden_link_text'>Compartir en Facebook<\/span><\/a><\/li><li class='av-share-link av-social-link-twitter' ><a target=\"_blank\" aria-label=\"Compartir en Twitter\" href='https:\/\/twitter.com\/share?text=En%20jornada%20de%20participaci%C3%B3n%2C%20indagan%20necesidades%20de%20transporte%20de%20Villa%20Ma%C3%B1ihuales&#038;url=https:\/\/radiorevelacionfm.cl\/?p=36163' aria-hidden='false' data-av_icon='\ue8f1' data-av_iconfont='entypo-fontello' title='' data-avia-related-tooltip='Compartir en Twitter' rel=\"noopener\"><span class='avia_hidden_link_text'>Compartir en Twitter<\/span><\/a><\/li><li class='av-share-link av-social-link-whatsapp' ><a target=\"_blank\" aria-label=\"Compartir en Whatsapp\" href='https:\/\/api.whatsapp.com\/send?text=https:\/\/radiorevelacionfm.cl\/?p=36163' aria-hidden='false' data-av_icon='\uf232' data-av_iconfont='entypo-fontello' title='' data-avia-related-tooltip='Compartir en Whatsapp' rel=\"noopener\"><span class='avia_hidden_link_text'>Compartir en Whatsapp<\/span><\/a><\/li><li class='av-share-link av-social-link-linkedin' ><a target=\"_blank\" aria-label=\"Compartir en LinkedIn\" href='https:\/\/linkedin.com\/shareArticle?mini=true&#038;title=En%20jornada%20de%20participaci%C3%B3n%2C%20indagan%20necesidades%20de%20transporte%20de%20Villa%20Ma%C3%B1ihuales&#038;url=https:\/\/radiorevelacionfm.cl\/?p=36163' aria-hidden='false' data-av_icon='\ue8fc' data-av_iconfont='entypo-fontello' title='' data-avia-related-tooltip='Compartir en LinkedIn' rel=\"noopener\"><span class='avia_hidden_link_text'>Compartir en LinkedIn<\/span><\/a><\/li><li class='av-share-link av-social-link-mail' ><a  aria-label=\"Compartir por correo\" href='mailto:?subject=En%20jornada%20de%20participaci%C3%B3n%2C%20indagan%20necesidades%20de%20transporte%20de%20Villa%20Ma%C3%B1ihuales&#038;body=https:\/\/radiorevelacionfm.cl\/?p=36163' aria-hidden='false' data-av_icon='\ue805' data-av_iconfont='entypo-fontello' title='' data-avia-related-tooltip='Compartir por correo'><span class='avia_hidden_link_text'>Compartir por correo<\/span><\/a><\/li><\/ul><\/div><\/div>\n<div  style='height:50px' class='hr hr-invisible   avia-builder-el-8  el_after_av_social_share  el_before_av_comments_list '><span class='hr-inner ' ><span class='hr-inner-style'><\/span><\/span><\/div>\n<div  class='av-buildercomment  av-blog-meta-html-info-disabled av-blog-meta-tag-disabled  '><\/div>\n","protected":false},"excerpt":{"rendered":"","protected":false},"author":1,"featured_media":36164,"comment_status":"open","ping_status":"open","sticky":false,"template":"","format":"standard","meta":{"footnotes":""},"categories":[59],"tags":[],"class_list":["post-36163","post","type-post","status-publish","format-standard","has-post-thumbnail","hentry","category-transporte"],"jetpack_featured_media_url":"https:\/\/radiorevelacionfm.cl\/wp-content\/uploads\/2023\/10\/DSC_6699-1-1.jpg","_links":{"self":[{"href":"https:\/\/radiorevelacionfm.cl\/index.php?rest_route=\/wp\/v2\/posts\/36163","targetHints":{"allow":["GET"]}}],"collection":[{"href":"https:\/\/radiorevelacionfm.cl\/index.php?rest_route=\/wp\/v2\/posts"}],"about":[{"href":"https:\/\/radiorevelacionfm.cl\/index.php?rest_route=\/wp\/v2\/types\/post"}],"author":[{"embeddable":true,"href":"https:\/\/radiorevelacionfm.cl\/index.php?rest_route=\/wp\/v2\/users\/1"}],"replies":[{"embeddable":true,"href":"https:\/\/radiorevelacionfm.cl\/index.php?rest_route=%2Fwp%2Fv2%2Fcomments&post=36163"}],"version-history":[{"count":1,"href":"https:\/\/radiorevelacionfm.cl\/index.php?rest_route=\/wp\/v2\/posts\/36163\/revisions"}],"predecessor-version":[{"id":36165,"href":"https:\/\/radiorevelacionfm.cl\/index.php?rest_route=\/wp\/v2\/posts\/36163\/revisions\/36165"}],"wp:featuredmedia":[{"embeddable":true,"href":"https:\/\/radiorevelacionfm.cl\/index.php?rest_route=\/wp\/v2\/media\/36164"}],"wp:attachment":[{"href":"https:\/\/radiorevelacionfm.cl\/index.php?rest_route=%2Fwp%2Fv2%2Fmedia&parent=36163"}],"wp:term":[{"taxonomy":"category","embeddable":true,"href":"https:\/\/radiorevelacionfm.cl\/index.php?rest_route=%2Fwp%2Fv2%2Fcategories&post=36163"},{"taxonomy":"post_tag","embeddable":true,"href":"https:\/\/radiorevelacionfm.cl\/index.php?rest_route=%2Fwp%2Fv2%2Ftags&post=36163"}],"curies":[{"name":"wp","href":"https:\/\/api.w.org\/{rel}","templated":true}]}}