{"id":36160,"date":"2023-10-22T17:09:31","date_gmt":"2023-10-22T20:09:31","guid":{"rendered":"https:\/\/radiorevelacionfm.cl\/?p=36160"},"modified":"2023-10-22T17:09:31","modified_gmt":"2023-10-22T20:09:31","slug":"en-la-junta-y-puerto-aysen-se-presento-festival-hebra","status":"publish","type":"post","link":"https:\/\/radiorevelacionfm.cl\/?p=36160","title":{"rendered":"En La Junta y Puerto Ays\u00e9n se present\u00f3 Festival \u00abHebra\u00bb"},"content":{"rendered":"<div class=\"flex_column av_one_full  flex_column_div av-zero-column-padding first  avia-builder-el-0  el_before_av_one_full  avia-builder-el-first  \" style='border-radius:0px; '><div  class='avia-image-container  av-styling-    avia-builder-el-1  avia-builder-el-no-sibling  avia-align-center '  itemprop=\"image\" itemscope=\"itemscope\" itemtype=\"https:\/\/schema.org\/ImageObject\"  ><div class='avia-image-container-inner'><div class='avia-image-overlay-wrap'><img decoding=\"async\" class='wp-image-36161 avia-img-lazy-loading-not-36161 avia_image' src=\"https:\/\/radiorevelacionfm.cl\/wp-content\/uploads\/2023\/10\/hebra5-1_optimized.jpg\" alt='' title='hebra5-(1)_optimized' height=\"600\" width=\"900\"  itemprop=\"thumbnailUrl\" srcset=\"https:\/\/radiorevelacionfm.cl\/wp-content\/uploads\/2023\/10\/hebra5-1_optimized.jpg 900w, https:\/\/radiorevelacionfm.cl\/wp-content\/uploads\/2023\/10\/hebra5-1_optimized-300x200.jpg 300w, https:\/\/radiorevelacionfm.cl\/wp-content\/uploads\/2023\/10\/hebra5-1_optimized-768x512.jpg 768w, https:\/\/radiorevelacionfm.cl\/wp-content\/uploads\/2023\/10\/hebra5-1_optimized-705x470.jpg 705w, https:\/\/radiorevelacionfm.cl\/wp-content\/uploads\/2023\/10\/hebra5-1_optimized-450x300.jpg 450w, https:\/\/radiorevelacionfm.cl\/wp-content\/uploads\/2023\/10\/hebra5-1_optimized-600x400.jpg 600w\" sizes=\"(max-width: 900px) 100vw, 900px\" \/><\/div><\/div><\/div><\/div><div class=\"flex_column av_one_full  flex_column_div av-zero-column-padding first  avia-builder-el-2  el_after_av_one_full  el_before_av_one_full  column-top-margin\" style='border-radius:0px; '><section class=\"av_textblock_section \"  itemscope=\"itemscope\" itemtype=\"https:\/\/schema.org\/BlogPosting\" itemprop=\"blogPost\" ><div class='avia_textblock  '   itemprop=\"text\" ><p style=\"text-align: center;\"><span style=\"font-size: 18pt;\"><b><span lang=\"ES\">En La Junta y Puerto Ays\u00e9n se present\u00f3 Festival \u00abHebra\u00bb<\/span><\/b><\/span><\/p>\n<div id=\"gtx-trans\" style=\"position: absolute; left: -50px; top: 4.31534px;\">\n<div class=\"gtx-trans-icon\"><\/div>\n<\/div>\n<\/div><\/section><\/div><div class=\"flex_column av_one_full  flex_column_div av-zero-column-padding first  avia-builder-el-4  el_after_av_one_full  el_before_av_hr  column-top-margin\" style='border-radius:0px; '><section class=\"av_textblock_section \"  itemscope=\"itemscope\" itemtype=\"https:\/\/schema.org\/BlogPosting\" itemprop=\"blogPost\" ><div class='avia_textblock  '   itemprop=\"text\" ><p class=\"v1MsoNormal\" style=\"text-align: justify;\"><i><span lang=\"ES\">Las ferias se realizaron el d\u00eda 17 de Octubre en La Junta y el d\u00eda 19 de Octubre en Puerto Ays\u00e9n, y contaron con actividades l\u00fadicas abiertas a todo p\u00fablico.<\/span><\/i><\/p>\n<p class=\"v1MsoNormal\" style=\"text-align: justify;\">El Ministerio de Educaci\u00f3n est\u00e1 implementando ferias literario-culturales en todo el pa\u00eds como parte de su\u00a0<b>Plan de Reactivaci\u00f3n Educativa.<\/b>\u00a0El objetivo es promover experiencias de conocimiento y fomentar el inter\u00e9s de los estudiantes por la lectura, la escritura y la comunicaci\u00f3n integral.<\/p>\n<p class=\"v1MsoNormal\" style=\"text-align: justify;\"><span lang=\"ES\">El programa incluye juegos para estimular la creatividad, la reflexi\u00f3n y mejorar la convivencia en las pr\u00e1cticas de estudio, entre ellos: Ciclo narraci\u00f3n oral, taller de fanzine, taller de m\u00e1scaras, mural colectivo, taller poema de Chile y partida de scrabble.<\/span><\/p>\n<p class=\"v1MsoNormal\" style=\"text-align: justify;\"><span lang=\"ES\">Las ferias realizadas en cada ciudad contaron con la participaci\u00f3n<b>\u00a0<\/b>de la comunidad escolar, con estudiantes de todos los niveles, docentes y autoridades.<\/span><span lang=\"ES\">\u00a0Hasta el\u00a0<\/span><span lang=\"ES\">Liceo Eusebio Ibar Schepeler de La Junta concurrieron delegaciones de estudiantes de Puyuhuapi, La Junta y Ra\u00fal Mar\u00edn Balmaceda. En Puerto Ays\u00e9n el encuentro\u00a0tuvo\u00a0lugar en el Polideportivo 21 de Abril.<\/span><\/p>\n<p class=\"v1MsoNormal\" style=\"text-align: justify;\"><span lang=\"ES\">El objetivo del encuentro en cada localidad es entregar a la comunidad educativa una experiencia de aprendizaje significativo en espacios no formales, que favorezca el fortalecimiento de la lectura, escritura y la comunicaci\u00f3n integral desde lo l\u00fadico, expresando y aprovechando recursos did\u00e1cticos pertinentes para este enfoque.<\/span><\/p>\n<p class=\"v1MsoNormal\" style=\"text-align: justify;\"><span lang=\"ES\">Las ferias son parte del Plan de Reactivaci\u00f3n Educativa del Ministerio de Educaci\u00f3n y circulan en el marco del \u00abFestival Hebra<b>\u00bb\u00a0<\/b>a lo largo de Chile. En total ser\u00e1n 113 ferias y el recorrido llegar\u00e1 a 57 provincias en 2023 y continuar\u00e1 el a\u00f1o 2024 con otras 56 comunas, abarcando as\u00ed todas las provincias del pa\u00eds.<\/span><\/p>\n<p class=\"v1MsoNormal\" style=\"text-align: justify;\"><span lang=\"ES\">Al inaugurar el Festival en La Junta la\u00a0<b>Seremi de Educaci\u00f3n de Ays\u00e9n Isabel Garrido Casassa<\/b>\u00a0expres\u00f3: \u00abEsta es la primera de siete ferias literarias que se desarrollar\u00e1n en nuestra regi\u00f3n en el marco del plan de Reactivaci\u00f3n Educativa, una tarea prioritaria que nos ha encomendado el Presidente Gabriel Boric como Ministerio de Educaci\u00f3n para cerrar brechas de aprendizaje, mejorar la convivencia escolar y recuperar la asistencia a clases. Estas ferias literarias y festival Hebra buscan reencantar a nuestras ni\u00f1as y ni\u00f1os con la literatura de una manera l\u00fadica, entretenida y acompa\u00f1ada de manifestaciones art\u00edsticas; teatro, m\u00fasica y juegos. Agradecemos el compromiso de las comunidades educativas que se suman de esta forma a la reactivaci\u00f3n educativa\u00bb.<\/span><\/p>\n<p class=\"v1MsoNormal\" style=\"text-align: justify;\"><span lang=\"ES\">Por su parte, el\u00a0<b>director del Liceo Eusebio bar Schepeler Jos\u00e9 Luis Soto Troncoso<\/b>\u00a0se\u00f1al\u00f3 que. \u00abEs un hecho importante tener este festival en nuestro establecimiento y sumarnos al plan de reactivaci\u00f3n educativa. Nos encanta que se haya elegido a nuestra localidad, ya que as\u00ed se descentraliza y tenemos acceso a m\u00e1s cultura y arte que nos ayuda a fomentar los aprendizajes en nuestras y nuestros estudiantes y se produce adem\u00e1s el encuentro con las comunidades educativas de Puyuhuapi y Ra\u00fal Mar\u00edn Balmaceda\u00bb.<\/span><\/p>\n<p class=\"v1MsoNormal\" style=\"text-align: justify;\"><b><span lang=\"ES\">Por qu\u00e9 hebra?<\/span><\/b><\/p>\n<p class=\"v1MsoNormal\" style=\"text-align: justify;\">\u00abHebra\u00bb simboliza la uni\u00f3n de todas las iniciativas de fomento a la lectura que el Mineduc aborda en los distintos rincones del pa\u00eds. Utiliza la met\u00e1fora de una \u00abhebra\u00bb porque en su movimiento y tejido representa la escritura, y a trav\u00e9s de ella, une tradiciones, culturas y diferencias, que caracterizan el territorio nacional.<\/p>\n<\/div><\/section><\/div><div  style='height:50px' class='hr hr-invisible   avia-builder-el-6  el_after_av_one_full  el_before_av_social_share '><span class='hr-inner ' ><span class='hr-inner-style'><\/span><\/span><\/div><\/p>\n<div  class='av-social-sharing-box  avia-builder-el-7  el_after_av_hr  el_before_av_hr  '><div class='av-share-box'><h5 class='av-share-link-description av-no-toc '>Compartir esta noticia<\/h5><ul class='av-share-box-list noLightbox'><li class='av-share-link av-social-link-facebook' ><a target=\"_blank\" aria-label=\"Compartir en Facebook\" href='https:\/\/www.facebook.com\/sharer.php?u=https:\/\/radiorevelacionfm.cl\/?p=36160&#038;t=En%20La%20Junta%20y%20Puerto%20Ays%C3%A9n%20se%20present%C3%B3%20Festival%20%C2%ABHebra%C2%BB' aria-hidden='false' data-av_icon='\ue8f3' data-av_iconfont='entypo-fontello' title='' data-avia-related-tooltip='Compartir en Facebook' rel=\"noopener\"><span class='avia_hidden_link_text'>Compartir en Facebook<\/span><\/a><\/li><li class='av-share-link av-social-link-twitter' ><a target=\"_blank\" aria-label=\"Compartir en Twitter\" href='https:\/\/twitter.com\/share?text=En%20La%20Junta%20y%20Puerto%20Ays%C3%A9n%20se%20present%C3%B3%20Festival%20%C2%ABHebra%C2%BB&#038;url=https:\/\/radiorevelacionfm.cl\/?p=36160' aria-hidden='false' data-av_icon='\ue8f1' data-av_iconfont='entypo-fontello' title='' data-avia-related-tooltip='Compartir en Twitter' rel=\"noopener\"><span class='avia_hidden_link_text'>Compartir en Twitter<\/span><\/a><\/li><li class='av-share-link av-social-link-whatsapp' ><a target=\"_blank\" aria-label=\"Compartir en Whatsapp\" href='https:\/\/api.whatsapp.com\/send?text=https:\/\/radiorevelacionfm.cl\/?p=36160' aria-hidden='false' data-av_icon='\uf232' data-av_iconfont='entypo-fontello' title='' data-avia-related-tooltip='Compartir en Whatsapp' rel=\"noopener\"><span class='avia_hidden_link_text'>Compartir en Whatsapp<\/span><\/a><\/li><li class='av-share-link av-social-link-linkedin' ><a target=\"_blank\" aria-label=\"Compartir en LinkedIn\" href='https:\/\/linkedin.com\/shareArticle?mini=true&#038;title=En%20La%20Junta%20y%20Puerto%20Ays%C3%A9n%20se%20present%C3%B3%20Festival%20%C2%ABHebra%C2%BB&#038;url=https:\/\/radiorevelacionfm.cl\/?p=36160' aria-hidden='false' data-av_icon='\ue8fc' data-av_iconfont='entypo-fontello' title='' data-avia-related-tooltip='Compartir en LinkedIn' rel=\"noopener\"><span class='avia_hidden_link_text'>Compartir en LinkedIn<\/span><\/a><\/li><li class='av-share-link av-social-link-mail' ><a  aria-label=\"Compartir por correo\" href='mailto:?subject=En%20La%20Junta%20y%20Puerto%20Ays%C3%A9n%20se%20present%C3%B3%20Festival%20%C2%ABHebra%C2%BB&#038;body=https:\/\/radiorevelacionfm.cl\/?p=36160' aria-hidden='false' data-av_icon='\ue805' data-av_iconfont='entypo-fontello' title='' data-avia-related-tooltip='Compartir por correo'><span class='avia_hidden_link_text'>Compartir por correo<\/span><\/a><\/li><\/ul><\/div><\/div>\n<div  style='height:50px' class='hr hr-invisible   avia-builder-el-8  el_after_av_social_share  el_before_av_comments_list '><span class='hr-inner ' ><span class='hr-inner-style'><\/span><\/span><\/div>\n<div  class='av-buildercomment  av-blog-meta-html-info-disabled av-blog-meta-tag-disabled  '><\/div>\n","protected":false},"excerpt":{"rendered":"","protected":false},"author":1,"featured_media":36161,"comment_status":"open","ping_status":"open","sticky":false,"template":"","format":"standard","meta":{"footnotes":""},"categories":[49],"tags":[],"class_list":["post-36160","post","type-post","status-publish","format-standard","has-post-thumbnail","hentry","category-educacion"],"jetpack_featured_media_url":"https:\/\/radiorevelacionfm.cl\/wp-content\/uploads\/2023\/10\/hebra5-1_optimized.jpg","_links":{"self":[{"href":"https:\/\/radiorevelacionfm.cl\/index.php?rest_route=\/wp\/v2\/posts\/36160","targetHints":{"allow":["GET"]}}],"collection":[{"href":"https:\/\/radiorevelacionfm.cl\/index.php?rest_route=\/wp\/v2\/posts"}],"about":[{"href":"https:\/\/radiorevelacionfm.cl\/index.php?rest_route=\/wp\/v2\/types\/post"}],"author":[{"embeddable":true,"href":"https:\/\/radiorevelacionfm.cl\/index.php?rest_route=\/wp\/v2\/users\/1"}],"replies":[{"embeddable":true,"href":"https:\/\/radiorevelacionfm.cl\/index.php?rest_route=%2Fwp%2Fv2%2Fcomments&post=36160"}],"version-history":[{"count":1,"href":"https:\/\/radiorevelacionfm.cl\/index.php?rest_route=\/wp\/v2\/posts\/36160\/revisions"}],"predecessor-version":[{"id":36162,"href":"https:\/\/radiorevelacionfm.cl\/index.php?rest_route=\/wp\/v2\/posts\/36160\/revisions\/36162"}],"wp:featuredmedia":[{"embeddable":true,"href":"https:\/\/radiorevelacionfm.cl\/index.php?rest_route=\/wp\/v2\/media\/36161"}],"wp:attachment":[{"href":"https:\/\/radiorevelacionfm.cl\/index.php?rest_route=%2Fwp%2Fv2%2Fmedia&parent=36160"}],"wp:term":[{"taxonomy":"category","embeddable":true,"href":"https:\/\/radiorevelacionfm.cl\/index.php?rest_route=%2Fwp%2Fv2%2Fcategories&post=36160"},{"taxonomy":"post_tag","embeddable":true,"href":"https:\/\/radiorevelacionfm.cl\/index.php?rest_route=%2Fwp%2Fv2%2Ftags&post=36160"}],"curies":[{"name":"wp","href":"https:\/\/api.w.org\/{rel}","templated":true}]}}