{"id":3616,"date":"2021-04-28T17:21:40","date_gmt":"2021-04-28T20:21:40","guid":{"rendered":"https:\/\/radiorevelacionfm.cl\/?p=3616"},"modified":"2021-04-28T17:21:40","modified_gmt":"2021-04-28T20:21:40","slug":"minvu-y-familias-del-sector-galera-chico-trabajan-para-concretar-soluciones-habitacionales","status":"publish","type":"post","link":"https:\/\/radiorevelacionfm.cl\/?p=3616","title":{"rendered":"Minvu y familias del sector Galera Chico trabajan para concretar soluciones habitacionales"},"content":{"rendered":"<div class=\"flex_column av_one_full  flex_column_div av-zero-column-padding first  avia-builder-el-0  el_before_av_one_full  avia-builder-el-first  \" style='border-radius:0px; '><div  class='avia-image-container  av-styling-    avia-builder-el-1  avia-builder-el-no-sibling  avia-align-center '  itemprop=\"image\" itemscope=\"itemscope\" itemtype=\"https:\/\/schema.org\/ImageObject\"  ><div class='avia-image-container-inner'><div class='avia-image-overlay-wrap'><img decoding=\"async\" class='wp-image-0 avia-img-lazy-loading-not-0 avia_image' src=\"https:\/\/radiorevelacionfm.cl\/wp-content\/uploads\/2021\/04\/vecinos-sector-galera-chico-reunion-seremi-vivienda_optimized.jpeg\" alt='' title=''   itemprop=\"thumbnailUrl\"  \/><\/div><\/div><\/div><\/div><div class=\"flex_column av_one_full  flex_column_div av-zero-column-padding first  avia-builder-el-2  el_after_av_one_full  el_before_av_one_full  column-top-margin\" style='border-radius:0px; '><section class=\"av_textblock_section \"  itemscope=\"itemscope\" itemtype=\"https:\/\/schema.org\/BlogPosting\" itemprop=\"blogPost\" ><div class='avia_textblock  '   itemprop=\"text\" ><p style=\"text-align: center;\"><strong><span style=\"font-size: 18pt;\">Minvu y familias del sector Galera Chico trabajan para concretar soluciones habitacionales<\/span><\/strong><\/p>\n<div id=\"gtx-trans\" style=\"position: absolute; left: -50px; top: 4.31534px;\">\n<div class=\"gtx-trans-icon\"><\/div>\n<\/div>\n<\/div><\/section><\/div><div class=\"flex_column av_one_full  flex_column_div av-zero-column-padding first  avia-builder-el-4  el_after_av_one_full  el_before_av_hr  column-top-margin\" style='border-radius:0px; '><section class=\"av_textblock_section \"  itemscope=\"itemscope\" itemtype=\"https:\/\/schema.org\/BlogPosting\" itemprop=\"blogPost\" ><div class='avia_textblock  '   itemprop=\"text\" ><p style=\"text-align: justify;\">Hasta el sector Galera Chico, en la comuna de Coyhaique, se traslad\u00f3 este martes el Seremi de Vivienda, Diego Silva, para sostener una reuni\u00f3n con los dirigentes e integrantes del comit\u00e9 de acondicionamiento t\u00e9rmico y con algunas familias del lugar que necesitan acceder a soluciones habitacionales con apoyo del Ministerio de Vivienda.<\/p>\n<p style=\"text-align: justify;\">Acompa\u00f1ado por un equipo de profesionales del Serviu, el Seremi entreg\u00f3 informaci\u00f3n actualizada sobre los procesos de postulaci\u00f3n, requisitos, fechas y detalles de los diferentes subsidios y beneficios a los que pueden acceder los vecinos\/as de manera organizada.<\/p>\n<p style=\"text-align: justify;\">\u201cHa sido una reuni\u00f3n muy positiva, era un compromiso que asumimos hace un par de semanas en el \u00faltimo Gobierno en Terreno que organiz\u00f3 la Gobernaci\u00f3n, donde los vecinos y vecinas nos plantearon la necesidad de tener un encuentro para recibir informaci\u00f3n, aclarar dudas y verificar el avance que presentan algunos proyectos que ya est\u00e1n en marcha y que son muy requeridos por la comunidad. En las \u00faltimas semanas hemos trabajado con familias de varios lugares de la regi\u00f3n, como Puerto Aguirre, Chacabuco, Ays\u00e9n, Guadal, Coyhaique, entre otros, ya que es justamente eso lo que nos ha pedido nuestro Ministro Felipe Ward, ir a terreno, escuchar a la gente y llegar con soluciones a todos los rincones de nuestra geograf\u00eda\u201d, manifest\u00f3.<\/p>\n<p style=\"text-align: justify;\">Por su parte la Presidenta del Comit\u00e9 de revestimiento t\u00e9rmico Los \u00d1ires II, Clara Vel\u00e1squez, agradeci\u00f3 la reuni\u00f3n, la presencia de las autoridades y los equipos de trabajo, ya que de esa forma se puede seguir avanzando de forma oportuna en las soluciones que la comunidad necesita. \u201cMe parece muy bien esta reuni\u00f3n con toda la gente que est\u00e1 interesada por vivienda y mejoramientos t\u00e9rmicos, sobre todo porque fue r\u00e1pido. El Gobierno en terreno no fue hace m\u00e1s de 15 d\u00edas y ya estamos con personal del Serviu en el sector, lo que est\u00e1 muy bien para todos\u201d, afirm\u00f3.<\/p>\n<p style=\"text-align: justify;\">Finalmente el Seremi Diego Silva destac\u00f3 la labor de los dirigentes, adem\u00e1s de la participaci\u00f3n y\u00a0 organizaci\u00f3n de los vecinos, lo que ha permitido ir superando en conjunto las dificultades de la Pandemia, dando continuidad a los proyectos y generando nuevos desaf\u00edos que dan sustento al plan de recuperaci\u00f3n econ\u00f3mica y social que ha impulsado el Gobierno en todo el pa\u00eds.<\/p>\n<\/div><\/section><\/div><div  style='height:50px' class='hr hr-invisible   avia-builder-el-6  el_after_av_one_full  el_before_av_social_share '><span class='hr-inner ' ><span class='hr-inner-style'><\/span><\/span><\/div><\/p>\n<div  class='av-social-sharing-box  avia-builder-el-7  el_after_av_hr  el_before_av_hr  '><div class='av-share-box'><h5 class='av-share-link-description av-no-toc '>Compartir esta noticia<\/h5><ul class='av-share-box-list noLightbox'><li class='av-share-link av-social-link-facebook' ><a target=\"_blank\" aria-label=\"Compartir en Facebook\" href='https:\/\/www.facebook.com\/sharer.php?u=https:\/\/radiorevelacionfm.cl\/?p=3616&#038;t=Minvu%20y%20familias%20del%20sector%20Galera%20Chico%20trabajan%20para%20concretar%20soluciones%20habitacionales' aria-hidden='false' data-av_icon='\ue8f3' data-av_iconfont='entypo-fontello' title='' data-avia-related-tooltip='Compartir en Facebook' rel=\"noopener\"><span class='avia_hidden_link_text'>Compartir en Facebook<\/span><\/a><\/li><li class='av-share-link av-social-link-twitter' ><a target=\"_blank\" aria-label=\"Compartir en Twitter\" href='https:\/\/twitter.com\/share?text=Minvu%20y%20familias%20del%20sector%20Galera%20Chico%20trabajan%20para%20concretar%20soluciones%20habitacionales&#038;url=https:\/\/radiorevelacionfm.cl\/?p=3616' aria-hidden='false' data-av_icon='\ue8f1' data-av_iconfont='entypo-fontello' title='' data-avia-related-tooltip='Compartir en Twitter' rel=\"noopener\"><span class='avia_hidden_link_text'>Compartir en Twitter<\/span><\/a><\/li><li class='av-share-link av-social-link-whatsapp' ><a target=\"_blank\" aria-label=\"Compartir en Whatsapp\" href='https:\/\/api.whatsapp.com\/send?text=https:\/\/radiorevelacionfm.cl\/?p=3616' aria-hidden='false' data-av_icon='\uf232' data-av_iconfont='entypo-fontello' title='' data-avia-related-tooltip='Compartir en Whatsapp' rel=\"noopener\"><span class='avia_hidden_link_text'>Compartir en Whatsapp<\/span><\/a><\/li><li class='av-share-link av-social-link-linkedin' ><a target=\"_blank\" aria-label=\"Compartir en LinkedIn\" href='https:\/\/linkedin.com\/shareArticle?mini=true&#038;title=Minvu%20y%20familias%20del%20sector%20Galera%20Chico%20trabajan%20para%20concretar%20soluciones%20habitacionales&#038;url=https:\/\/radiorevelacionfm.cl\/?p=3616' aria-hidden='false' data-av_icon='\ue8fc' data-av_iconfont='entypo-fontello' title='' data-avia-related-tooltip='Compartir en LinkedIn' rel=\"noopener\"><span class='avia_hidden_link_text'>Compartir en LinkedIn<\/span><\/a><\/li><li class='av-share-link av-social-link-mail' ><a  aria-label=\"Compartir por correo\" href='mailto:?subject=Minvu%20y%20familias%20del%20sector%20Galera%20Chico%20trabajan%20para%20concretar%20soluciones%20habitacionales&#038;body=https:\/\/radiorevelacionfm.cl\/?p=3616' aria-hidden='false' data-av_icon='\ue805' data-av_iconfont='entypo-fontello' title='' data-avia-related-tooltip='Compartir por correo'><span class='avia_hidden_link_text'>Compartir por correo<\/span><\/a><\/li><\/ul><\/div><\/div>\n<div  style='height:50px' class='hr hr-invisible   avia-builder-el-8  el_after_av_social_share  el_before_av_comments_list '><span class='hr-inner ' ><span class='hr-inner-style'><\/span><\/span><\/div>\n<div  class='av-buildercomment  av-blog-meta-html-info-disabled av-blog-meta-tag-disabled  '><\/div>\n","protected":false},"excerpt":{"rendered":"","protected":false},"author":1,"featured_media":0,"comment_status":"open","ping_status":"open","sticky":false,"template":"","format":"standard","meta":{"footnotes":""},"categories":[57],"tags":[],"class_list":["post-3616","post","type-post","status-publish","format-standard","hentry","category-vivienda"],"jetpack_featured_media_url":"","_links":{"self":[{"href":"https:\/\/radiorevelacionfm.cl\/index.php?rest_route=\/wp\/v2\/posts\/3616","targetHints":{"allow":["GET"]}}],"collection":[{"href":"https:\/\/radiorevelacionfm.cl\/index.php?rest_route=\/wp\/v2\/posts"}],"about":[{"href":"https:\/\/radiorevelacionfm.cl\/index.php?rest_route=\/wp\/v2\/types\/post"}],"author":[{"embeddable":true,"href":"https:\/\/radiorevelacionfm.cl\/index.php?rest_route=\/wp\/v2\/users\/1"}],"replies":[{"embeddable":true,"href":"https:\/\/radiorevelacionfm.cl\/index.php?rest_route=%2Fwp%2Fv2%2Fcomments&post=3616"}],"version-history":[{"count":1,"href":"https:\/\/radiorevelacionfm.cl\/index.php?rest_route=\/wp\/v2\/posts\/3616\/revisions"}],"predecessor-version":[{"id":3619,"href":"https:\/\/radiorevelacionfm.cl\/index.php?rest_route=\/wp\/v2\/posts\/3616\/revisions\/3619"}],"wp:attachment":[{"href":"https:\/\/radiorevelacionfm.cl\/index.php?rest_route=%2Fwp%2Fv2%2Fmedia&parent=3616"}],"wp:term":[{"taxonomy":"category","embeddable":true,"href":"https:\/\/radiorevelacionfm.cl\/index.php?rest_route=%2Fwp%2Fv2%2Fcategories&post=3616"},{"taxonomy":"post_tag","embeddable":true,"href":"https:\/\/radiorevelacionfm.cl\/index.php?rest_route=%2Fwp%2Fv2%2Ftags&post=3616"}],"curies":[{"name":"wp","href":"https:\/\/api.w.org\/{rel}","templated":true}]}}