{"id":36157,"date":"2023-10-22T15:09:48","date_gmt":"2023-10-22T18:09:48","guid":{"rendered":"https:\/\/radiorevelacionfm.cl\/?p=36157"},"modified":"2023-10-22T15:09:48","modified_gmt":"2023-10-22T18:09:48","slug":"realizan-encuentro-para-resaltar-el-dia-de-la-mujer-rural-y-el-dia-de-la-soberania-alimentaria","status":"publish","type":"post","link":"https:\/\/radiorevelacionfm.cl\/?p=36157","title":{"rendered":"Realizan encuentro para resaltar el D\u00eda de la Mujer Rural y el D\u00eda de la Soberan\u00eda Alimentaria"},"content":{"rendered":"<div class=\"flex_column av_one_full  flex_column_div av-zero-column-padding first  avia-builder-el-0  el_before_av_one_full  avia-builder-el-first  \" style='border-radius:0px; '><div  class='avia-image-container  av-styling-    avia-builder-el-1  avia-builder-el-no-sibling  avia-align-center '  itemprop=\"image\" itemscope=\"itemscope\" itemtype=\"https:\/\/schema.org\/ImageObject\"  ><div class='avia-image-container-inner'><div class='avia-image-overlay-wrap'><img decoding=\"async\" class='wp-image-36158 avia-img-lazy-loading-not-36158 avia_image' src=\"https:\/\/radiorevelacionfm.cl\/wp-content\/uploads\/2023\/10\/5fde2174-9775-46f1-a4fe-cd15cf80935c-2-1_optimized-1.jpg\" alt='' title='5fde2174-9775-46f1-a4fe-cd15cf80935c-2-(1)_optimized (1)' height=\"600\" width=\"1000\"  itemprop=\"thumbnailUrl\" srcset=\"https:\/\/radiorevelacionfm.cl\/wp-content\/uploads\/2023\/10\/5fde2174-9775-46f1-a4fe-cd15cf80935c-2-1_optimized-1.jpg 1000w, https:\/\/radiorevelacionfm.cl\/wp-content\/uploads\/2023\/10\/5fde2174-9775-46f1-a4fe-cd15cf80935c-2-1_optimized-1-300x180.jpg 300w, https:\/\/radiorevelacionfm.cl\/wp-content\/uploads\/2023\/10\/5fde2174-9775-46f1-a4fe-cd15cf80935c-2-1_optimized-1-768x461.jpg 768w, https:\/\/radiorevelacionfm.cl\/wp-content\/uploads\/2023\/10\/5fde2174-9775-46f1-a4fe-cd15cf80935c-2-1_optimized-1-705x423.jpg 705w, https:\/\/radiorevelacionfm.cl\/wp-content\/uploads\/2023\/10\/5fde2174-9775-46f1-a4fe-cd15cf80935c-2-1_optimized-1-450x270.jpg 450w, https:\/\/radiorevelacionfm.cl\/wp-content\/uploads\/2023\/10\/5fde2174-9775-46f1-a4fe-cd15cf80935c-2-1_optimized-1-600x360.jpg 600w\" sizes=\"(max-width: 1000px) 100vw, 1000px\" \/><\/div><\/div><\/div><\/div><div class=\"flex_column av_one_full  flex_column_div av-zero-column-padding first  avia-builder-el-2  el_after_av_one_full  el_before_av_one_full  column-top-margin\" style='border-radius:0px; '><section class=\"av_textblock_section \"  itemscope=\"itemscope\" itemtype=\"https:\/\/schema.org\/BlogPosting\" itemprop=\"blogPost\" ><div class='avia_textblock  '   itemprop=\"text\" ><p style=\"text-align: center;\"><strong><span style=\"font-size: 18pt;\">Realizan encuentro para resaltar el D\u00eda de la Mujer Rural y el D\u00eda de la Soberan\u00eda Alimentaria\u00a0<\/span><\/strong><\/p>\n<div id=\"gtx-trans\" style=\"position: absolute; left: -50px; top: 4.31534px;\">\n<div class=\"gtx-trans-icon\"><\/div>\n<\/div>\n<\/div><\/section><\/div><div class=\"flex_column av_one_full  flex_column_div av-zero-column-padding first  avia-builder-el-4  el_after_av_one_full  el_before_av_hr  column-top-margin\" style='border-radius:0px; '><section class=\"av_textblock_section \"  itemscope=\"itemscope\" itemtype=\"https:\/\/schema.org\/BlogPosting\" itemprop=\"blogPost\" ><div class='avia_textblock  '   itemprop=\"text\" ><p style=\"text-align: justify;\">Este viernes, en la ciudad de Coyhaique, la Mesa de la Mujer Rural organiz\u00f3 una ceremonia conmemorativa para destacar el papel fundamental que desempe\u00f1a la mujer en el desarrollo de nuestra regi\u00f3n y pa\u00eds, con motivo del D\u00eda de la Mujer Rural (15 de octubre) y del D\u00eda de la Soberan\u00eda Alimentaria (16 de octubre).<\/p>\n<p style=\"text-align: justify;\">El evento fue impulsado por la agrupaci\u00f3n de productoras de la Patagonia en coordinaci\u00f3n con la Mesa de la Mujer Rural liderada por la Seremi de Agricultura y la Seremi de la Mujer y Equidad de G\u00e9nero, y donde participan INDAP, Sernameg, Prodemu y organizaciones campesinas de la regi\u00f3n.<\/p>\n<p style=\"text-align: justify;\">El evento cont\u00f3 con la presencia de productoras de diversas partes de la regi\u00f3n y con la participaci\u00f3n de los servicios del agro, incluyendo INDAP, INIA, INFOR, SAG, CONAF, CNR y FIA. La Presidenta de la Agrupaci\u00f3n de Productoras de la Patagonia, Josefina Ovando Godoy, enfatiz\u00f3 que esta jornada se lleva a cabo en el marco del Programa de Gesti\u00f3n y Soporte Organizacional (Progyso) de INDAP, el cual tiene como objetivo mejorar la organizaci\u00f3n de base y promover el crecimiento sostenible de las comunidades rurales.<\/p>\n<p style=\"text-align: justify;\">\u00abEsta actividad la hicimos en conjunto con INDAP y la Mesa de la Mujer Rural para conmemorar el D\u00eda de la Mujer Rural y la Soberan\u00eda Alimentaria. Es importante que vinieron de todos los lugares y lo esencial es que tambi\u00e9n nos unamos y veamos la forma de trabajar juntas, porque juntas podemos avanzar m\u00e1s\u00bb, expres\u00f3.<\/p>\n<p style=\"text-align: justify;\">Guillermina Miranda Zapata, de la Mesa de la Mujer Rural y representante de la Asociaci\u00f3n Gremial de Mujeres Campesinas de la Patagonia, subray\u00f3 la importancia del evento para facilitar el di\u00e1logo constructivo para el desarrollo de la mujer rural en Ays\u00e9n.<\/p>\n<p style=\"text-align: justify;\">\u00abEl d\u00eda se celebraba el 15 de octubre, pero se corri\u00f3 esta vez y para el 16 de octubre es el D\u00eda de la Soberan\u00eda Alimentaria. As\u00ed que para nosotros es un orgullo tener tantas productoras aqu\u00ed presentes de toda la regi\u00f3n, porque si en este momento estamos produciendo un 8%, que es la producci\u00f3n que tenemos las mujeres rurales, esperamos que en 20 a\u00f1os m\u00e1s se haga efectivo esto de que la alimentaci\u00f3n nazca, crezca y se consuma aqu\u00ed\u00bb.<\/p>\n<p style=\"text-align: justify;\">El Seremi de Agricultura, Alan Espinoza Ortiz, enfatiz\u00f3 que esta iniciativa est\u00e1 alineada con los objetivos del programa de Gobierno en el sector agr\u00edcola, particularmente en lo que respecta a la Seguridad y Soberan\u00eda Alimentaria. Adem\u00e1s, destac\u00f3 la importancia de la firma oficial por parte de la Gobernadora Regional, que marca la integraci\u00f3n permanente del Gobierno Regional de Ays\u00e9n a esta organizaci\u00f3n.<\/p>\n<p style=\"text-align: justify;\">\u00abHoy d\u00eda estamos celebrando con todas nuestras mujeres rurales de distintos lugares de nuestra regi\u00f3n. En la Mesa de la Mujer Rural trabajamos en conjunto con la Seremi de la Mujer y hoy d\u00eda resaltamos un hito \u00fanico, la incorporaci\u00f3n del Gobierno Regional a esta mesa. A trav\u00e9s de esta actividad queremos resaltar el rol de nuestras mujeres, de nuestras campesinas en el trabajo diario, para producir los alimentos que d\u00eda a d\u00eda llevamos a nuestras mesas\u00bb.<\/p>\n<p style=\"text-align: justify;\">Por su parte, la Gobernadora Regional, Andrea Mac\u00edas Palma, destac\u00f3 que esta firma refuerza el compromiso del Gobierno Regional con el empoderamiento de las mujeres rurales y su contribuci\u00f3n al desarrollo sostenible de la regi\u00f3n.<\/p>\n<p style=\"text-align: justify;\">\u00abEstamos muy contentos como Gobierno Regional y el Concejo, de ser el primer Gobierno Regional en Chile que se integra a la Mesa de la Mujer Rural, esto en el marco de la visi\u00f3n y de la mirada que hemos tenido como administraci\u00f3n para poner en valor a la mujer rural, sobre todo vinculado a los procesos de seguridad y soberan\u00eda alimentaria. Hoy d\u00eda necesitamos como regi\u00f3n mejorar nuestros procesos productivos con urgencia, lo que nos permita aumentar la cantidad de alimentos que podemos ofrecer a la poblaci\u00f3n\u00bb, indic\u00f3.<\/p>\n<p style=\"text-align: justify;\">A su vez, la Seremi de la Mujer y Equidad de G\u00e9nero, Andrea M\u00e9ndez Valenzuela, destac\u00f3 la importancia de la incorporaci\u00f3n del Gobierno Regional para el trabajo desde el territorio en el \u00e1mbito rural.<\/p>\n<p style=\"text-align: justify;\">\u00abLa incorporaci\u00f3n in\u00e9dita a nivel nacional del Gobierno regional va a permitir que el trabajo que se est\u00e1 realizando entre las instituciones y las organizaciones de mujeres rurales tenga un potencial y una pertinencia territorial mucho mayor\u00bb, indic\u00f3.<\/p>\n<\/div><\/section><\/div><div  style='height:50px' class='hr hr-invisible   avia-builder-el-6  el_after_av_one_full  el_before_av_social_share '><span class='hr-inner ' ><span class='hr-inner-style'><\/span><\/span><\/div><\/p>\n<div  class='av-social-sharing-box  avia-builder-el-7  el_after_av_hr  el_before_av_hr  '><div class='av-share-box'><h5 class='av-share-link-description av-no-toc '>Compartir esta noticia<\/h5><ul class='av-share-box-list noLightbox'><li class='av-share-link av-social-link-facebook' ><a target=\"_blank\" aria-label=\"Compartir en Facebook\" href='https:\/\/www.facebook.com\/sharer.php?u=https:\/\/radiorevelacionfm.cl\/?p=36157&#038;t=Realizan%20encuentro%20para%20resaltar%20el%20D%C3%ADa%20de%20la%20Mujer%20Rural%20y%20el%20D%C3%ADa%20de%20la%20Soberan%C3%ADa%20Alimentaria' aria-hidden='false' data-av_icon='\ue8f3' data-av_iconfont='entypo-fontello' title='' data-avia-related-tooltip='Compartir en Facebook' rel=\"noopener\"><span class='avia_hidden_link_text'>Compartir en Facebook<\/span><\/a><\/li><li class='av-share-link av-social-link-twitter' ><a target=\"_blank\" aria-label=\"Compartir en Twitter\" href='https:\/\/twitter.com\/share?text=Realizan%20encuentro%20para%20resaltar%20el%20D%C3%ADa%20de%20la%20Mujer%20Rural%20y%20el%20D%C3%ADa%20de%20la%20Soberan%C3%ADa%20Alimentaria&#038;url=https:\/\/radiorevelacionfm.cl\/?p=36157' aria-hidden='false' data-av_icon='\ue8f1' data-av_iconfont='entypo-fontello' title='' data-avia-related-tooltip='Compartir en Twitter' rel=\"noopener\"><span class='avia_hidden_link_text'>Compartir en Twitter<\/span><\/a><\/li><li class='av-share-link av-social-link-whatsapp' ><a target=\"_blank\" aria-label=\"Compartir en Whatsapp\" href='https:\/\/api.whatsapp.com\/send?text=https:\/\/radiorevelacionfm.cl\/?p=36157' aria-hidden='false' data-av_icon='\uf232' data-av_iconfont='entypo-fontello' title='' data-avia-related-tooltip='Compartir en Whatsapp' rel=\"noopener\"><span class='avia_hidden_link_text'>Compartir en Whatsapp<\/span><\/a><\/li><li class='av-share-link av-social-link-linkedin' ><a target=\"_blank\" aria-label=\"Compartir en LinkedIn\" href='https:\/\/linkedin.com\/shareArticle?mini=true&#038;title=Realizan%20encuentro%20para%20resaltar%20el%20D%C3%ADa%20de%20la%20Mujer%20Rural%20y%20el%20D%C3%ADa%20de%20la%20Soberan%C3%ADa%20Alimentaria&#038;url=https:\/\/radiorevelacionfm.cl\/?p=36157' aria-hidden='false' data-av_icon='\ue8fc' data-av_iconfont='entypo-fontello' title='' data-avia-related-tooltip='Compartir en LinkedIn' rel=\"noopener\"><span class='avia_hidden_link_text'>Compartir en LinkedIn<\/span><\/a><\/li><li class='av-share-link av-social-link-mail' ><a  aria-label=\"Compartir por correo\" href='mailto:?subject=Realizan%20encuentro%20para%20resaltar%20el%20D%C3%ADa%20de%20la%20Mujer%20Rural%20y%20el%20D%C3%ADa%20de%20la%20Soberan%C3%ADa%20Alimentaria&#038;body=https:\/\/radiorevelacionfm.cl\/?p=36157' aria-hidden='false' data-av_icon='\ue805' data-av_iconfont='entypo-fontello' title='' data-avia-related-tooltip='Compartir por correo'><span class='avia_hidden_link_text'>Compartir por correo<\/span><\/a><\/li><\/ul><\/div><\/div>\n<div  style='height:50px' class='hr hr-invisible   avia-builder-el-8  el_after_av_social_share  el_before_av_comments_list '><span class='hr-inner ' ><span class='hr-inner-style'><\/span><\/span><\/div>\n<div  class='av-buildercomment  av-blog-meta-html-info-disabled av-blog-meta-tag-disabled  '><\/div>\n","protected":false},"excerpt":{"rendered":"","protected":false},"author":1,"featured_media":36158,"comment_status":"open","ping_status":"open","sticky":false,"template":"","format":"standard","meta":{"footnotes":""},"categories":[58],"tags":[],"class_list":["post-36157","post","type-post","status-publish","format-standard","has-post-thumbnail","hentry","category-agricultura"],"jetpack_featured_media_url":"https:\/\/radiorevelacionfm.cl\/wp-content\/uploads\/2023\/10\/5fde2174-9775-46f1-a4fe-cd15cf80935c-2-1_optimized-1.jpg","_links":{"self":[{"href":"https:\/\/radiorevelacionfm.cl\/index.php?rest_route=\/wp\/v2\/posts\/36157","targetHints":{"allow":["GET"]}}],"collection":[{"href":"https:\/\/radiorevelacionfm.cl\/index.php?rest_route=\/wp\/v2\/posts"}],"about":[{"href":"https:\/\/radiorevelacionfm.cl\/index.php?rest_route=\/wp\/v2\/types\/post"}],"author":[{"embeddable":true,"href":"https:\/\/radiorevelacionfm.cl\/index.php?rest_route=\/wp\/v2\/users\/1"}],"replies":[{"embeddable":true,"href":"https:\/\/radiorevelacionfm.cl\/index.php?rest_route=%2Fwp%2Fv2%2Fcomments&post=36157"}],"version-history":[{"count":1,"href":"https:\/\/radiorevelacionfm.cl\/index.php?rest_route=\/wp\/v2\/posts\/36157\/revisions"}],"predecessor-version":[{"id":36159,"href":"https:\/\/radiorevelacionfm.cl\/index.php?rest_route=\/wp\/v2\/posts\/36157\/revisions\/36159"}],"wp:featuredmedia":[{"embeddable":true,"href":"https:\/\/radiorevelacionfm.cl\/index.php?rest_route=\/wp\/v2\/media\/36158"}],"wp:attachment":[{"href":"https:\/\/radiorevelacionfm.cl\/index.php?rest_route=%2Fwp%2Fv2%2Fmedia&parent=36157"}],"wp:term":[{"taxonomy":"category","embeddable":true,"href":"https:\/\/radiorevelacionfm.cl\/index.php?rest_route=%2Fwp%2Fv2%2Fcategories&post=36157"},{"taxonomy":"post_tag","embeddable":true,"href":"https:\/\/radiorevelacionfm.cl\/index.php?rest_route=%2Fwp%2Fv2%2Ftags&post=36157"}],"curies":[{"name":"wp","href":"https:\/\/api.w.org\/{rel}","templated":true}]}}