{"id":36147,"date":"2023-10-22T21:33:54","date_gmt":"2023-10-23T00:33:54","guid":{"rendered":"https:\/\/radiorevelacionfm.cl\/?p=36147"},"modified":"2023-10-22T21:33:54","modified_gmt":"2023-10-23T00:33:54","slug":"cierran-programa-ovino-con-seminario-y-workshop-construyendo-un-camino-para-la-ovejeria-de-aysen","status":"publish","type":"post","link":"https:\/\/radiorevelacionfm.cl\/?p=36147","title":{"rendered":"Cierran Programa Ovino con Seminario y Workshop \u00abConstruyendo un camino para la ovejer\u00eda de Ays\u00e9n\u00bb"},"content":{"rendered":"<div class=\"flex_column av_one_full  flex_column_div av-zero-column-padding first  avia-builder-el-0  el_before_av_one_full  avia-builder-el-first  \" style='border-radius:0px; '><div  class='avia-image-container  av-styling-    avia-builder-el-1  avia-builder-el-no-sibling  avia-align-center '  itemprop=\"image\" itemscope=\"itemscope\" itemtype=\"https:\/\/schema.org\/ImageObject\"  ><div class='avia-image-container-inner'><div class='avia-image-overlay-wrap'><img decoding=\"async\" class='wp-image-36148 avia-img-lazy-loading-not-36148 avia_image' src=\"https:\/\/radiorevelacionfm.cl\/wp-content\/uploads\/2023\/10\/1z9a9355-1-1_optimized-1.jpg\" alt='' title='1z9a9355-(1)-(1)_optimized (1)' height=\"600\" width=\"935\"  itemprop=\"thumbnailUrl\" srcset=\"https:\/\/radiorevelacionfm.cl\/wp-content\/uploads\/2023\/10\/1z9a9355-1-1_optimized-1.jpg 935w, https:\/\/radiorevelacionfm.cl\/wp-content\/uploads\/2023\/10\/1z9a9355-1-1_optimized-1-300x193.jpg 300w, https:\/\/radiorevelacionfm.cl\/wp-content\/uploads\/2023\/10\/1z9a9355-1-1_optimized-1-768x493.jpg 768w, https:\/\/radiorevelacionfm.cl\/wp-content\/uploads\/2023\/10\/1z9a9355-1-1_optimized-1-705x452.jpg 705w, https:\/\/radiorevelacionfm.cl\/wp-content\/uploads\/2023\/10\/1z9a9355-1-1_optimized-1-450x289.jpg 450w, https:\/\/radiorevelacionfm.cl\/wp-content\/uploads\/2023\/10\/1z9a9355-1-1_optimized-1-600x385.jpg 600w\" sizes=\"(max-width: 935px) 100vw, 935px\" \/><\/div><\/div><\/div><\/div>\n<div class=\"flex_column av_one_full  flex_column_div av-zero-column-padding first  avia-builder-el-2  el_after_av_one_full  el_before_av_one_full  column-top-margin\" style='border-radius:0px; '><section class=\"av_textblock_section \"  itemscope=\"itemscope\" itemtype=\"https:\/\/schema.org\/BlogPosting\" itemprop=\"blogPost\" ><div class='avia_textblock  '   itemprop=\"text\" ><p style=\"text-align: center;\"><strong><span style=\"font-size: 18pt;\">Cierran Programa Ovino con Seminario y Workshop \u00abConstruyendo un camino para la ovejer\u00eda de Ays\u00e9n\u00bb<\/span><\/strong><\/p>\n<div id=\"gtx-trans\" style=\"position: absolute; left: -50px; top: 4.31534px;\">\n<div class=\"gtx-trans-icon\"><\/div>\n<\/div>\n<\/div><\/section><\/div><div class=\"flex_column av_one_full  flex_column_div av-zero-column-padding first  avia-builder-el-4  el_after_av_one_full  el_before_av_hr  column-top-margin\" style='border-radius:0px; '><section class=\"av_textblock_section \"  itemscope=\"itemscope\" itemtype=\"https:\/\/schema.org\/BlogPosting\" itemprop=\"blogPost\" ><div class='avia_textblock  '   itemprop=\"text\" ><p style=\"text-align: justify;\">En un esfuerzo conjunto entre INIA (Instituto de Investigaciones Agropecuarias) y la Seremi Agricultura, se llev\u00f3 a cabo el Seminario y Workshop de Cierre del Programa Ovino, titulado \u00abConstruyendo un camino para la ovejer\u00eda de Ays\u00e9n\u00bb; evento que reuni\u00f3 a expertos nacionales e internacionales para fortalecer competencias y determinar estrategias productivas futuras en el negocio ovino.<\/p>\n<p style=\"text-align: justify;\">\u201cHemos estado trabajando en un tremendo seminario convocado por INIA, gracias a los recursos del Gobierno Regional y su consejo, a trav\u00e9s del Programa Ovino, donde hemos estamos viendo c\u00f3mo desde el mundo p\u00fablico y privado podemos entrelazar los caminos y seguir trabajando en conjunto para fortalecer la ovejer\u00eda en nuestra regi\u00f3n\u201d, se\u00f1al\u00f3 el Seremi de Agricultura Alan Espinoza Ortiz, en el cierre del evento.<\/p>\n<p style=\"text-align: justify;\">El seminario se enfoc\u00f3 en analizar experiencias de otras regiones para rentabilizar el negocio ovino local. Por ello, expertos del rubro ovino compartieron sus conocimientos y trayectorias con los productores locales, profesionales y estudiantes. Entre los destacados expositores se encontraban la Dra. Georgget Banchero de INIA La Estanzuela de Uruguay, el Investigador Ra\u00fal\u00a0Lira de INIA Kampenaike, y el Ingeniero Agr\u00f3nomo Demi\u00e1n Ceballos de la Estaci\u00f3n Agroforestal INTA Esquel, Argentina.<\/p>\n<p style=\"text-align: justify;\">\u201cEl programa de la Gobernadora\u00a0Andrea Mac\u00edas tiene una l\u00ednea importante en la producci\u00f3n de alimentos y, en ese sentido, justamente es lo que se trabaj\u00f3; para ver c\u00f3mo nuestros productores ovinos hacen m\u00e1s eficiente su producci\u00f3n y vamos avanzando como regi\u00f3n en la producci\u00f3n de alimentos\u201d, subray\u00f3 la representante del Gobierno Regional, Jessica Lagos C\u00e1rdenas.<\/p>\n<p style=\"text-align: justify;\">Durante el seminario, se discutieron temas cruciales como el uso de gen\u00e9tica adecuada y la generaci\u00f3n de alternativas de uso no tradicionales para lanas gruesas. Los expositores compartieron valiosas ideas sobre sistemas ovinos pastoriles intensivos, estrategias de suplementaci\u00f3n y mejoramiento de \u00edndices reproductivos, as\u00ed como soluciones innovadoras para el aprovechamiento de la lana en la horticultura.<\/p>\n<p style=\"text-align: justify;\">Paloma Reyes D\u00edaz, estudiante de Inacap de la carrera Ingeniera en Producci\u00f3n Ganadera, destac\u00f3 la experiencia de participar en el seminario:\u00a0\u201cS\u00faper agradecida con la invitaci\u00f3n a este seminario, ya que aprend\u00ed varias cosas, como lo expuesto por don Demi\u00e1n, quien mostr\u00f3\u00a0varias formas de darle utilizaci\u00f3n a la lana\u00bb, asimismo destac\u00f3 que \u00abse valora harto lo que es la ovejer\u00eda porque es parte de la tradici\u00f3n\u201d.<\/p>\n<p style=\"text-align: justify;\">El seminario continu\u00f3 con un workshop, en el que los dirigentes de las asociaciones gremiales del agro analizaron en profundidad las oportunidades y estrategias futuras para el rubro ovino, junto a los investigadores invitados y autoridades regionales.\u00a0\u201cAprovechando todo ese conocimiento realizamos un workshop con diferentes actores y tomadores de decisiones respecto al mundo ovino, lo que nos va a permitir levantar demandas, inquietudes y proyecciones\u201d, destac\u00f3 la directora regional de INIA Tamel Aike, Camila Reyes Santaolalla.<\/p>\n<p style=\"text-align: justify;\"><strong>El Programa Ovino, resultados de un trabajo integral para mejorar reba\u00f1os\u00a0\u00a0<\/strong><\/p>\n<p style=\"text-align: justify;\">Este evento se enmarca en las actividades de cierre del programa \u201cTransferencia,\u00a0modernizaci\u00f3n y fortalecimiento del negocio ovejero en la Regi\u00f3n de Ays\u00e9n\u201d, financiado por GORE Ays\u00e9n, logrando importantes avances en la ganader\u00eda ovina. Dentro de los principales resultados INIA realiz\u00f3 m\u00e1s de 850 visitas individuales a los productores\/as y sobre 130 actividades masivas de capacitaci\u00f3n, adem\u00e1s de la ecograf\u00eda de 6.600 ovejas, 2.950 inseminaciones y la mejora gen\u00e9tica ovina en 65 reba\u00f1os. Adem\u00e1s, se realizaron diferentes m\u00f3dulos de adopci\u00f3n tecnol\u00f3gica con alumnos y productores.\u00a0En colaboraci\u00f3n con la Ilustre Municipalidad de Coyhaique, se organiz\u00f3\u00a0la primera \u00abExpo Ganadera Ovina de la Regi\u00f3n de Ays\u00e9n\u00bb en marzo de 2023, y\u00a0se llevaron a cabo dos temporadas de ventas asociativas para fortalecer el sector lanero.\u00a0\u00a0Por su parte, el SAG aplic\u00f3 medidas integrales, incluyendo la colocaci\u00f3n de m\u00e1s de 35.200 dosis de vacuna antihidat\u00eddica en la provincia Capit\u00e1n Prat y 32.400 dosis en la comuna de Chile Chico, junto a desparasitaciones caninas individuales; entre otras acciones que buscaban la mejora de los reba\u00f1os, as\u00ed como fortalecer el trabajo intersectorial en materia de salud p\u00fablica con enfermedades zoon\u00f3ticas como la hidatidosis.<\/p>\n<\/div><\/section><\/div><\/p>\n<div  style='height:50px' class='hr hr-invisible   avia-builder-el-6  el_after_av_one_full  el_before_av_social_share '><span class='hr-inner ' ><span class='hr-inner-style'><\/span><\/span><\/div>\n<div  class='av-social-sharing-box  avia-builder-el-7  el_after_av_hr  el_before_av_hr  '><div class='av-share-box'><h5 class='av-share-link-description av-no-toc '>Compartir esta noticia<\/h5><ul class='av-share-box-list noLightbox'><li class='av-share-link av-social-link-facebook' ><a target=\"_blank\" aria-label=\"Compartir en Facebook\" href='https:\/\/www.facebook.com\/sharer.php?u=https:\/\/radiorevelacionfm.cl\/?p=36147&#038;t=Cierran%20Programa%20Ovino%20con%20Seminario%20y%20Workshop%20%C2%ABConstruyendo%20un%20camino%20para%20la%20ovejer%C3%ADa%20de%20Ays%C3%A9n%C2%BB' aria-hidden='false' data-av_icon='\ue8f3' data-av_iconfont='entypo-fontello' title='' data-avia-related-tooltip='Compartir en Facebook' rel=\"noopener\"><span class='avia_hidden_link_text'>Compartir en Facebook<\/span><\/a><\/li><li class='av-share-link av-social-link-twitter' ><a target=\"_blank\" aria-label=\"Compartir en Twitter\" href='https:\/\/twitter.com\/share?text=Cierran%20Programa%20Ovino%20con%20Seminario%20y%20Workshop%20%C2%ABConstruyendo%20un%20camino%20para%20la%20ovejer%C3%ADa%20de%20Ays%C3%A9n%C2%BB&#038;url=https:\/\/radiorevelacionfm.cl\/?p=36147' aria-hidden='false' data-av_icon='\ue8f1' data-av_iconfont='entypo-fontello' title='' data-avia-related-tooltip='Compartir en Twitter' rel=\"noopener\"><span class='avia_hidden_link_text'>Compartir en Twitter<\/span><\/a><\/li><li class='av-share-link av-social-link-whatsapp' ><a target=\"_blank\" aria-label=\"Compartir en Whatsapp\" href='https:\/\/api.whatsapp.com\/send?text=https:\/\/radiorevelacionfm.cl\/?p=36147' aria-hidden='false' data-av_icon='\uf232' data-av_iconfont='entypo-fontello' title='' data-avia-related-tooltip='Compartir en Whatsapp' rel=\"noopener\"><span class='avia_hidden_link_text'>Compartir en Whatsapp<\/span><\/a><\/li><li class='av-share-link av-social-link-linkedin' ><a target=\"_blank\" aria-label=\"Compartir en LinkedIn\" href='https:\/\/linkedin.com\/shareArticle?mini=true&#038;title=Cierran%20Programa%20Ovino%20con%20Seminario%20y%20Workshop%20%C2%ABConstruyendo%20un%20camino%20para%20la%20ovejer%C3%ADa%20de%20Ays%C3%A9n%C2%BB&#038;url=https:\/\/radiorevelacionfm.cl\/?p=36147' aria-hidden='false' data-av_icon='\ue8fc' data-av_iconfont='entypo-fontello' title='' data-avia-related-tooltip='Compartir en LinkedIn' rel=\"noopener\"><span class='avia_hidden_link_text'>Compartir en LinkedIn<\/span><\/a><\/li><li class='av-share-link av-social-link-mail' ><a  aria-label=\"Compartir por correo\" href='mailto:?subject=Cierran%20Programa%20Ovino%20con%20Seminario%20y%20Workshop%20%C2%ABConstruyendo%20un%20camino%20para%20la%20ovejer%C3%ADa%20de%20Ays%C3%A9n%C2%BB&#038;body=https:\/\/radiorevelacionfm.cl\/?p=36147' aria-hidden='false' data-av_icon='\ue805' data-av_iconfont='entypo-fontello' title='' data-avia-related-tooltip='Compartir por correo'><span class='avia_hidden_link_text'>Compartir por correo<\/span><\/a><\/li><\/ul><\/div><\/div>\n<div  style='height:50px' class='hr hr-invisible   avia-builder-el-8  el_after_av_social_share  el_before_av_comments_list '><span class='hr-inner ' ><span class='hr-inner-style'><\/span><\/span><\/div>\n<div  class='av-buildercomment  av-blog-meta-html-info-disabled av-blog-meta-tag-disabled  '><\/div>\n","protected":false},"excerpt":{"rendered":"","protected":false},"author":1,"featured_media":36148,"comment_status":"open","ping_status":"open","sticky":false,"template":"","format":"standard","meta":{"footnotes":""},"categories":[38],"tags":[],"class_list":["post-36147","post","type-post","status-publish","format-standard","has-post-thumbnail","hentry","category-regional"],"jetpack_featured_media_url":"https:\/\/radiorevelacionfm.cl\/wp-content\/uploads\/2023\/10\/1z9a9355-1-1_optimized-1.jpg","_links":{"self":[{"href":"https:\/\/radiorevelacionfm.cl\/index.php?rest_route=\/wp\/v2\/posts\/36147","targetHints":{"allow":["GET"]}}],"collection":[{"href":"https:\/\/radiorevelacionfm.cl\/index.php?rest_route=\/wp\/v2\/posts"}],"about":[{"href":"https:\/\/radiorevelacionfm.cl\/index.php?rest_route=\/wp\/v2\/types\/post"}],"author":[{"embeddable":true,"href":"https:\/\/radiorevelacionfm.cl\/index.php?rest_route=\/wp\/v2\/users\/1"}],"replies":[{"embeddable":true,"href":"https:\/\/radiorevelacionfm.cl\/index.php?rest_route=%2Fwp%2Fv2%2Fcomments&post=36147"}],"version-history":[{"count":2,"href":"https:\/\/radiorevelacionfm.cl\/index.php?rest_route=\/wp\/v2\/posts\/36147\/revisions"}],"predecessor-version":[{"id":36166,"href":"https:\/\/radiorevelacionfm.cl\/index.php?rest_route=\/wp\/v2\/posts\/36147\/revisions\/36166"}],"wp:featuredmedia":[{"embeddable":true,"href":"https:\/\/radiorevelacionfm.cl\/index.php?rest_route=\/wp\/v2\/media\/36148"}],"wp:attachment":[{"href":"https:\/\/radiorevelacionfm.cl\/index.php?rest_route=%2Fwp%2Fv2%2Fmedia&parent=36147"}],"wp:term":[{"taxonomy":"category","embeddable":true,"href":"https:\/\/radiorevelacionfm.cl\/index.php?rest_route=%2Fwp%2Fv2%2Fcategories&post=36147"},{"taxonomy":"post_tag","embeddable":true,"href":"https:\/\/radiorevelacionfm.cl\/index.php?rest_route=%2Fwp%2Fv2%2Ftags&post=36147"}],"curies":[{"name":"wp","href":"https:\/\/api.w.org\/{rel}","templated":true}]}}