{"id":36144,"date":"2023-10-21T22:35:40","date_gmt":"2023-10-22T01:35:40","guid":{"rendered":"https:\/\/radiorevelacionfm.cl\/?p=36144"},"modified":"2023-10-21T22:35:40","modified_gmt":"2023-10-22T01:35:40","slug":"alianza-permite-donacion-de-20-invernaderos-en-beneficio-de-organizaciones-de-la-comuna-de-aysen","status":"publish","type":"post","link":"https:\/\/radiorevelacionfm.cl\/?p=36144","title":{"rendered":"Alianza permite donaci\u00f3n de 20 invernaderos en beneficio de organizaciones de la comuna de Ays\u00e9n"},"content":{"rendered":"<div class=\"flex_column av_one_full  flex_column_div av-zero-column-padding first  avia-builder-el-0  el_before_av_one_full  avia-builder-el-first  \" style='border-radius:0px; '><div  class='avia-image-container  av-styling-    avia-builder-el-1  avia-builder-el-no-sibling  avia-align-center '  itemprop=\"image\" itemscope=\"itemscope\" itemtype=\"https:\/\/schema.org\/ImageObject\"  ><div class='avia-image-container-inner'><div class='avia-image-overlay-wrap'><img decoding=\"async\" class='wp-image-36145 avia-img-lazy-loading-not-36145 avia_image' src=\"https:\/\/radiorevelacionfm.cl\/wp-content\/uploads\/2023\/10\/invernadero-chacabuco-1-1_optimized-1.jpg\" alt='' title='invernadero-chacabuco-1-(1)_optimized (1)' height=\"600\" width=\"1067\"  itemprop=\"thumbnailUrl\" srcset=\"https:\/\/radiorevelacionfm.cl\/wp-content\/uploads\/2023\/10\/invernadero-chacabuco-1-1_optimized-1.jpg 1067w, https:\/\/radiorevelacionfm.cl\/wp-content\/uploads\/2023\/10\/invernadero-chacabuco-1-1_optimized-1-300x169.jpg 300w, https:\/\/radiorevelacionfm.cl\/wp-content\/uploads\/2023\/10\/invernadero-chacabuco-1-1_optimized-1-1030x579.jpg 1030w, https:\/\/radiorevelacionfm.cl\/wp-content\/uploads\/2023\/10\/invernadero-chacabuco-1-1_optimized-1-768x432.jpg 768w, https:\/\/radiorevelacionfm.cl\/wp-content\/uploads\/2023\/10\/invernadero-chacabuco-1-1_optimized-1-705x396.jpg 705w, https:\/\/radiorevelacionfm.cl\/wp-content\/uploads\/2023\/10\/invernadero-chacabuco-1-1_optimized-1-450x253.jpg 450w, https:\/\/radiorevelacionfm.cl\/wp-content\/uploads\/2023\/10\/invernadero-chacabuco-1-1_optimized-1-600x337.jpg 600w\" sizes=\"(max-width: 1067px) 100vw, 1067px\" \/><\/div><\/div><\/div><\/div><div class=\"flex_column av_one_full  flex_column_div av-zero-column-padding first  avia-builder-el-2  el_after_av_one_full  el_before_av_one_full  column-top-margin\" style='border-radius:0px; '><section class=\"av_textblock_section \"  itemscope=\"itemscope\" itemtype=\"https:\/\/schema.org\/BlogPosting\" itemprop=\"blogPost\" ><div class='avia_textblock  '   itemprop=\"text\" ><p style=\"text-align: center;\"><strong><span style=\"font-size: 18pt;\">Alianza permite donaci\u00f3n de 20 invernaderos en beneficio de organizaciones de la comuna de Ays\u00e9n<\/span><\/strong><\/p>\n<div id=\"gtx-trans\" style=\"position: absolute; left: -50px; top: 4.31534px;\">\n<div class=\"gtx-trans-icon\"><\/div>\n<\/div>\n<\/div><\/section><\/div><div class=\"flex_column av_one_full  flex_column_div av-zero-column-padding first  avia-builder-el-4  el_after_av_one_full  el_before_av_hr  column-top-margin\" style='border-radius:0px; '><section class=\"av_textblock_section \"  itemscope=\"itemscope\" itemtype=\"https:\/\/schema.org\/BlogPosting\" itemprop=\"blogPost\" ><div class='avia_textblock  '   itemprop=\"text\" ><p style=\"text-align: justify;\">Muy buen resultado tuvo la reuni\u00f3n sostenida entre el Alcalde de la comuna de Ays\u00e9n, Julio Uribe Alvarado y representantes en la regi\u00f3n de la Iglesia de Jesucristo de los Santos de los \u00daltimos D\u00edas, quienes, tras el encuentro, se comprometieron aportar un total de 20 invernaderos en beneficios de organizaciones y en definitiva de la comunidad.<\/p>\n<p style=\"text-align: justify;\">Esto se enmarca en un programa de bienestar y autosuficiencia que posee la iglesia y que les permiti\u00f3 efectuar este importante donativo. Tal como lo dio a conocer, Luis Vega Mora, presidente del distrito Coyhaique y de la regi\u00f3n de Ays\u00e9n de la Iglesia de Jesucristo de los Santos de los \u00daltimos D\u00edas.<\/p>\n<p style=\"text-align: justify;\">\u201cHemos llevado adelante un programa de bienestar y autosuficiencia, en este caso y en la l\u00ednea de aportes humanitarios, nos hemos entrevistado con el Alcalde de Ays\u00e9n, para poder llevar a cabo uno de los proyectos que el municipio tiene como es a trav\u00e9s de la oficina del campesino. Nosotros el aporte que hicimos fue, donar 20 invernaderos para poder ser usados donde estimen convenientes y nosotros estamos agradecidos por la oportunidad que nos dieron de poder servir a la comunidad de Ays\u00e9n. La Iglesia de Jesucristo de los Santos de los \u00daltimos D\u00edas, est\u00e1 al servicio de la comunidad\u201d.<\/p>\n<p style=\"text-align: justify;\">Para el Alcalde de la comuna de Ays\u00e9n, Julio Uribe Alvarado, fue de gran importancia lograr esta alianza con la Iglesia Mormona, que ha beneficiar, en primera instancia, al Club de adulto mayor Arturo Prat de Chacabuco y mediante esta organizaci\u00f3n haber unido otras voluntades.<\/p>\n<p style=\"text-align: justify;\">\u201cEs motivo de orgullo el que podamos hacer estas alianzas, hoy con la Iglesia Mormona, quienes nos han aportado 20 invernaderos, que son amplios y vamos a poder hacer huertos comunitarios. Hoy estamos instalando este invernadero en Chacabuco, en el club de adulto mayor Arturo Prat, algo que nos llena de satisfacci\u00f3n, porque ellos son un club bien esforzado y que hoy d\u00eda ten\u00edan un terreno perdido y lo hemos recuperado. Aqu\u00ed se ha contado con apoyo del Ej\u00e9rcito, porque vinieron los militares a colaborar y limpiar, es as\u00ed que, de manera colaborativa estamos recuperando un espacio, para que ellos produzcan su propio alimento\u201d.<\/p>\n<p style=\"text-align: justify;\">Esta labor no tendr\u00eda tan buenos resultados si la oficina municipal del campesino, creada en la administraci\u00f3n del Alcalde Julio Uribe, no estuvieron detr\u00e1s de cada detalle y apoyando a las organizaciones. Es as\u00ed que, Danahe Sandoval, encargada de esta \u00e1rea, nos entreg\u00f3 las principales caracter\u00edsticas de los invernaderos.<\/p>\n<p style=\"text-align: justify;\">\u201cSe concreta la primera instalaci\u00f3n de invernadero al club de adulto mayor Arturo Prat de Chacabuco, con un invernadero de 36 metros cuadrados, acorde a la superficie que tienen dentro del espacio de la sede, en su patio y tambi\u00e9n relevar la paciencia que tuvieron ellos y las gestiones que hicieron por si mismos para poder habilitar el espacio, luego nosotros llegar a armar y en el futuro brindarles tambi\u00e9n la asesor\u00eda correspondiente, para que puedan seguir cultivando y generando la producci\u00f3n agr\u00edcola, en esta temporada 2023 \u2013 2024\u201d.<\/p>\n<p style=\"text-align: justify;\">La se\u00f1ora, Elizabeth Barr\u00eda Soto, es la presidenta del club de adulto mayor \u201cArturo Prat\u201d de Puerto Chacabuco y solo tuvo palabras de gratitud por lo que significa desde ahora contar con un invernadero en beneficio de cada uno de los socios y socias de su organizaci\u00f3n.<\/p>\n<p style=\"text-align: justify;\">\u201cEstamos contentos y conformes con todo lo que hemos logrado, a seguir trabajando y ahora con este apoyo del invernadero, para poder ayudar a sustentar, como se dice, la olla, porque igual las verduras est\u00e1n demasiado caras, ojal\u00e1 que todo esto y cada una que trabajemos, nos vaya bien y nos ayude en la econom\u00eda. Me siento, como le dec\u00eda a don Julio, contenta y orgullosa por todos los logros que hemos tenido y gracias tambi\u00e9n por la iglesia que nos apoy\u00f3 y en general a todos los que nos colaboraron\u201d.<\/p>\n<p style=\"text-align: justify;\">La instalaci\u00f3n de este primer invernadero donado por la Iglesia de Jesucristo de los Santos de los \u00daltimos D\u00edas en Puerto Chabuco, viene a transformarse en un gran apoyo para la organizaci\u00f3n beneficiada, pero tambi\u00e9n signific\u00f3 la gesti\u00f3n desde el Municipio a trav\u00e9s del Alcalde Julio Uribe en coordinaci\u00f3n con la oficina municipal del campesino y el Ejercito que prest\u00f3 colaboraci\u00f3n en la limpieza y habilitaci\u00f3n del terreno.<\/p>\n<\/div><\/section><\/div><div  style='height:50px' class='hr hr-invisible   avia-builder-el-6  el_after_av_one_full  el_before_av_social_share '><span class='hr-inner ' ><span class='hr-inner-style'><\/span><\/span><\/div><\/p>\n<div  class='av-social-sharing-box  avia-builder-el-7  el_after_av_hr  el_before_av_hr  '><div class='av-share-box'><h5 class='av-share-link-description av-no-toc '>Compartir esta noticia<\/h5><ul class='av-share-box-list noLightbox'><li class='av-share-link av-social-link-facebook' ><a target=\"_blank\" aria-label=\"Compartir en Facebook\" href='https:\/\/www.facebook.com\/sharer.php?u=https:\/\/radiorevelacionfm.cl\/?p=36144&#038;t=Alianza%20permite%20donaci%C3%B3n%20de%2020%20invernaderos%20en%20beneficio%20de%20organizaciones%20de%20la%20comuna%20de%20Ays%C3%A9n' aria-hidden='false' data-av_icon='\ue8f3' data-av_iconfont='entypo-fontello' title='' data-avia-related-tooltip='Compartir en Facebook' rel=\"noopener\"><span class='avia_hidden_link_text'>Compartir en Facebook<\/span><\/a><\/li><li class='av-share-link av-social-link-twitter' ><a target=\"_blank\" aria-label=\"Compartir en Twitter\" href='https:\/\/twitter.com\/share?text=Alianza%20permite%20donaci%C3%B3n%20de%2020%20invernaderos%20en%20beneficio%20de%20organizaciones%20de%20la%20comuna%20de%20Ays%C3%A9n&#038;url=https:\/\/radiorevelacionfm.cl\/?p=36144' aria-hidden='false' data-av_icon='\ue8f1' data-av_iconfont='entypo-fontello' title='' data-avia-related-tooltip='Compartir en Twitter' rel=\"noopener\"><span class='avia_hidden_link_text'>Compartir en Twitter<\/span><\/a><\/li><li class='av-share-link av-social-link-whatsapp' ><a target=\"_blank\" aria-label=\"Compartir en Whatsapp\" href='https:\/\/api.whatsapp.com\/send?text=https:\/\/radiorevelacionfm.cl\/?p=36144' aria-hidden='false' data-av_icon='\uf232' data-av_iconfont='entypo-fontello' title='' data-avia-related-tooltip='Compartir en Whatsapp' rel=\"noopener\"><span class='avia_hidden_link_text'>Compartir en Whatsapp<\/span><\/a><\/li><li class='av-share-link av-social-link-linkedin' ><a target=\"_blank\" aria-label=\"Compartir en LinkedIn\" href='https:\/\/linkedin.com\/shareArticle?mini=true&#038;title=Alianza%20permite%20donaci%C3%B3n%20de%2020%20invernaderos%20en%20beneficio%20de%20organizaciones%20de%20la%20comuna%20de%20Ays%C3%A9n&#038;url=https:\/\/radiorevelacionfm.cl\/?p=36144' aria-hidden='false' data-av_icon='\ue8fc' data-av_iconfont='entypo-fontello' title='' data-avia-related-tooltip='Compartir en LinkedIn' rel=\"noopener\"><span class='avia_hidden_link_text'>Compartir en LinkedIn<\/span><\/a><\/li><li class='av-share-link av-social-link-mail' ><a  aria-label=\"Compartir por correo\" href='mailto:?subject=Alianza%20permite%20donaci%C3%B3n%20de%2020%20invernaderos%20en%20beneficio%20de%20organizaciones%20de%20la%20comuna%20de%20Ays%C3%A9n&#038;body=https:\/\/radiorevelacionfm.cl\/?p=36144' aria-hidden='false' data-av_icon='\ue805' data-av_iconfont='entypo-fontello' title='' data-avia-related-tooltip='Compartir por correo'><span class='avia_hidden_link_text'>Compartir por correo<\/span><\/a><\/li><\/ul><\/div><\/div>\n<div  style='height:50px' class='hr hr-invisible   avia-builder-el-8  el_after_av_social_share  el_before_av_comments_list '><span class='hr-inner ' ><span class='hr-inner-style'><\/span><\/span><\/div>\n<div  class='av-buildercomment  av-blog-meta-html-info-disabled av-blog-meta-tag-disabled  '><\/div>\n","protected":false},"excerpt":{"rendered":"","protected":false},"author":1,"featured_media":36145,"comment_status":"open","ping_status":"open","sticky":false,"template":"","format":"standard","meta":{"footnotes":""},"categories":[38],"tags":[],"class_list":["post-36144","post","type-post","status-publish","format-standard","has-post-thumbnail","hentry","category-regional"],"jetpack_featured_media_url":"https:\/\/radiorevelacionfm.cl\/wp-content\/uploads\/2023\/10\/invernadero-chacabuco-1-1_optimized-1.jpg","_links":{"self":[{"href":"https:\/\/radiorevelacionfm.cl\/index.php?rest_route=\/wp\/v2\/posts\/36144","targetHints":{"allow":["GET"]}}],"collection":[{"href":"https:\/\/radiorevelacionfm.cl\/index.php?rest_route=\/wp\/v2\/posts"}],"about":[{"href":"https:\/\/radiorevelacionfm.cl\/index.php?rest_route=\/wp\/v2\/types\/post"}],"author":[{"embeddable":true,"href":"https:\/\/radiorevelacionfm.cl\/index.php?rest_route=\/wp\/v2\/users\/1"}],"replies":[{"embeddable":true,"href":"https:\/\/radiorevelacionfm.cl\/index.php?rest_route=%2Fwp%2Fv2%2Fcomments&post=36144"}],"version-history":[{"count":1,"href":"https:\/\/radiorevelacionfm.cl\/index.php?rest_route=\/wp\/v2\/posts\/36144\/revisions"}],"predecessor-version":[{"id":36146,"href":"https:\/\/radiorevelacionfm.cl\/index.php?rest_route=\/wp\/v2\/posts\/36144\/revisions\/36146"}],"wp:featuredmedia":[{"embeddable":true,"href":"https:\/\/radiorevelacionfm.cl\/index.php?rest_route=\/wp\/v2\/media\/36145"}],"wp:attachment":[{"href":"https:\/\/radiorevelacionfm.cl\/index.php?rest_route=%2Fwp%2Fv2%2Fmedia&parent=36144"}],"wp:term":[{"taxonomy":"category","embeddable":true,"href":"https:\/\/radiorevelacionfm.cl\/index.php?rest_route=%2Fwp%2Fv2%2Fcategories&post=36144"},{"taxonomy":"post_tag","embeddable":true,"href":"https:\/\/radiorevelacionfm.cl\/index.php?rest_route=%2Fwp%2Fv2%2Ftags&post=36144"}],"curies":[{"name":"wp","href":"https:\/\/api.w.org\/{rel}","templated":true}]}}