{"id":36141,"date":"2023-10-21T21:23:32","date_gmt":"2023-10-22T00:23:32","guid":{"rendered":"https:\/\/radiorevelacionfm.cl\/?p=36141"},"modified":"2023-10-21T21:23:32","modified_gmt":"2023-10-22T00:23:32","slug":"instalacion-de-puente-mecano-en-rio-caceres-avanza-en-conectividad-en-camino-en-construccion-lago-verde-la-tapera","status":"publish","type":"post","link":"https:\/\/radiorevelacionfm.cl\/?p=36141","title":{"rendered":"Instalaci\u00f3n de puente mecano en R\u00edo C\u00e1ceres avanza en conectividad en camino en construcci\u00f3n Lago Verde-La Tapera"},"content":{"rendered":"<div class=\"flex_column av_one_full  flex_column_div av-zero-column-padding first  avia-builder-el-0  el_before_av_one_full  avia-builder-el-first  \" style='border-radius:0px; '><div  class='avia-image-container  av-styling-    avia-builder-el-1  avia-builder-el-no-sibling  avia-align-center '  itemprop=\"image\" itemscope=\"itemscope\" itemtype=\"https:\/\/schema.org\/ImageObject\"  ><div class='avia-image-container-inner'><div class='avia-image-overlay-wrap'><img decoding=\"async\" class='wp-image-36142 avia-img-lazy-loading-not-36142 avia_image' src=\"https:\/\/radiorevelacionfm.cl\/wp-content\/uploads\/2023\/10\/img-20231019-wa0020-1_optimized.jpg\" alt='' title='img-20231019-wa0020-(1)_optimized' height=\"600\" width=\"1007\"  itemprop=\"thumbnailUrl\" srcset=\"https:\/\/radiorevelacionfm.cl\/wp-content\/uploads\/2023\/10\/img-20231019-wa0020-1_optimized.jpg 1007w, https:\/\/radiorevelacionfm.cl\/wp-content\/uploads\/2023\/10\/img-20231019-wa0020-1_optimized-300x179.jpg 300w, https:\/\/radiorevelacionfm.cl\/wp-content\/uploads\/2023\/10\/img-20231019-wa0020-1_optimized-768x458.jpg 768w, https:\/\/radiorevelacionfm.cl\/wp-content\/uploads\/2023\/10\/img-20231019-wa0020-1_optimized-705x420.jpg 705w, https:\/\/radiorevelacionfm.cl\/wp-content\/uploads\/2023\/10\/img-20231019-wa0020-1_optimized-450x268.jpg 450w, https:\/\/radiorevelacionfm.cl\/wp-content\/uploads\/2023\/10\/img-20231019-wa0020-1_optimized-600x357.jpg 600w\" sizes=\"(max-width: 1007px) 100vw, 1007px\" \/><\/div><\/div><\/div><\/div><div class=\"flex_column av_one_full  flex_column_div av-zero-column-padding first  avia-builder-el-2  el_after_av_one_full  el_before_av_one_full  column-top-margin\" style='border-radius:0px; '><section class=\"av_textblock_section \"  itemscope=\"itemscope\" itemtype=\"https:\/\/schema.org\/BlogPosting\" itemprop=\"blogPost\" ><div class='avia_textblock  '   itemprop=\"text\" ><p style=\"text-align: center;\"><strong><span style=\"font-size: 18pt;\">Instalaci\u00f3n de puente mecano en R\u00edo C\u00e1ceres avanza en conectividad en camino en construcci\u00f3n Lago Verde-La Tapera<\/span><\/strong><\/p>\n<div id=\"gtx-trans\" style=\"position: absolute; left: -50px; top: 4.31534px;\">\n<div class=\"gtx-trans-icon\"><\/div>\n<\/div>\n<\/div><\/section><\/div><div class=\"flex_column av_one_full  flex_column_div av-zero-column-padding first  avia-builder-el-4  el_after_av_one_full  el_before_av_hr  column-top-margin\" style='border-radius:0px; '><section class=\"av_textblock_section \"  itemscope=\"itemscope\" itemtype=\"https:\/\/schema.org\/BlogPosting\" itemprop=\"blogPost\" ><div class='avia_textblock  '   itemprop=\"text\" ><p style=\"text-align: justify;\"><em>\u201cAbriremos un segundo frente de trabajo por Lago Verde el que se sumar\u00e1 a las obras que estamos materializando en las cercan\u00edas de La Tapera para avanzar paralelamente por ambos sectores en la construcci\u00f3n de este nuevo camino que conectar\u00e1 a todas las familias del sector\u201d, anunci\u00f3 el SEREMI del MOP.<\/em><\/p>\n<p style=\"text-align: justify;\">\u201cMi coraz\u00f3n, mi coraz\u00f3n reboza de felicidad. Por m\u00ed, por mi familia, mis hijas, toda la poblaci\u00f3n de aqu\u00ed de la localidad de La Tapera, que por ser tan alejado de las grandes urbes para nosotros adem\u00e1s, es un orgullo que nuestras personas grandes que dirigen este pa\u00eds, se preocupen de nosotros los peque\u00f1itos. Entonces, para nosotros para un crecimiento como familia y como pobladores, no s\u00e9 qu\u00e9 palabras usar\u2026En realidad estoy muy feliz, muy feliz y pienso que mis vecinos m\u00e1s que yo porque, yo reci\u00e9n llevo tres a\u00f1os viviendo ac\u00e1 en la zona. Entonces, esto para nosotros no creo que tengamos palabras para agradecer a las autoridades que pudieron hacer este sue\u00f1o realidad. Este es un sue\u00f1o gigantesco para nosotros. Entonces, agradecer a las autoridades, a mis vecinos, a la se\u00f1ora Teresa Cadag\u00e1n Phillips\u00a0 y a su hijo Milton Viera Cadag\u00e1n quienes son los gestores de este sue\u00f1o que ya lleva m\u00e1s de 13, 14 a\u00f1os\u201d, afirm\u00f3 Jean Paul La\u00ednez Rojas, secretario de la Junta de Vecinos Rural de La Tapera.<\/p>\n<p style=\"text-align: justify;\">Con estas palabras el dirigente expres\u00f3 \u00a0su emoci\u00f3n, al ver que la Direcci\u00f3n de Vialidad del Ministerio de Obras P\u00fablicas en convenio con el Cuerpo Militar del Trabajo del Ej\u00e9rcito de Chile cumplieron un importante hito como es efectuar esta semana el lanzamiento del puente C\u00e1ceres, parte del proceso constructivo de esta estructura tipo mecano -de 60 metros de extensi\u00f3n y con capacidad de carga de 40 toneladas- que pr\u00f3ximamente estar\u00e1 100% operativa para entregar conectividad a los vecinos y vecinas que habitan este sector y que por alrededor de 13 a\u00f1os han esperado poder conectarse a trav\u00e9s de un camino.<\/p>\n<p style=\"text-align: justify;\">Hoy se dio un gran paso, un avance importante, se\u00f1al\u00f3 el Secretario Regional Ministerial de Obras P\u00fablicas, Patricio Sanhueza Ulloa, quien junto con destacar este relevante hito tambi\u00e9n anunci\u00f3 nuevas obras en este sector. \u201cLa gran presencia de pobladores y pobladoras en este importante momento da cuenta de la relevancia y la alegr\u00eda de cumplir este hito del lanzamiento del puente sobre el r\u00edo C\u00e1ceres. Estamos pr\u00f3ximos a poder abrir al tr\u00e1nsito y conectar a un gran territorio como son los sectores de Lomas Bajas, C\u00e1ceres, Magdalena y entre otros, as\u00ed que nos tiene muy contentos. Hoy tambi\u00e9n queremos anunciar como gobierno del presidente Gabriel Boric que hemos considerado el requerimiento ciudadano, el requerimiento que las propias autoridades han hecho como representantes de los habitantes de la comuna de Lago Verde y vamos a abrir un segundo frente de trabajo. Ya estamos revisando el proyecto que tiene varios a\u00f1os y de una manera muy participativa con m\u00e1s y mejor democracia -que es lo que nosotros queremos como gobierno- junto con el Alcalde y la comunidad vamos a visitar el trazado, y buscar las estrategias para avanzar sustancialmente en el proceso de conectividad para esta gran parte del territorio de la regi\u00f3n de Ays\u00e9n\u201d, asegur\u00f3 la autoridad regional del MOP.<\/p>\n<p style=\"text-align: justify;\">La comunidad de Villa La Tapera que se desplaza hacia Lago Verde, actualmente debe recorrer 260 kil\u00f3metros. \u201cAl finalizar la construcci\u00f3n de todas las etapas que implica este proyecto las familias del sector s\u00f3lo tendr\u00e1n que recorrer 80 kil\u00f3metros para estar conectadas ambas localidades, reduciendo con ello significativamente las distancias y los tiempos de viaje. Hoy estamos materializando una primera etapa de 12 kil\u00f3metros m\u00e1s la instalaci\u00f3n del puente tipo mecano\/\/modular C\u00e1ceres alcanzando una inversi\u00f3n de $8.834 millones, y un 40% de avance en la ejecuci\u00f3n del contrato, agreg\u00f3 Patricio Sanhueza.<\/p>\n<p style=\"text-align: justify;\">El Gobierno del presidente Gabriel Boric Font, mediante la Direcci\u00f3n de Vialidad del Ministerio de Obras P\u00fablicas y el Ministerio de Defensa a trav\u00e9s del Cuerpo Militar del Trabajo del Ej\u00e9rcito de Chile, firmaron un convenio que posibilita construir obras en zonas aisladas del pa\u00eds, en donde existe una compleja geomorfolog\u00eda como es en este caso, y de esta forma unir a los y las pobladores de Lago Verde y de La Tapera, para mejorar la calidad de vida de las personas con una mejor conectividad, potenciar su bienestar e impulsar el desarrollo del territorio.<\/p>\n<p style=\"text-align: justify;\">As\u00ed lo refrend\u00f3, el Jefe de la Subjefatura Zonal del Cuerpo Militar del Trabajo Coyhaique (CMT), Teniente Coronel Pedro Abarca Schweiger \u201cva a permitir a la comunidad tener un mejor acceso, mejores beneficios, mejorar su calidad de vida, abrir nuevos polos tur\u00edsticos y en definitiva, ser un aporte como siempre ha sido el Cuerpo Militar del Trabajo, un aporte al desarrollo nacional como parte del Ej\u00e9rcito de Chile, que siempre est\u00e1 preocupado de estos desaf\u00edos importantes que el CMT con todos los integrantes del Arma de Ingenieros trabajan en nuestra organizaci\u00f3n. Seguiremos con este desaf\u00edo que todav\u00eda aqu\u00ed no ha terminado, todav\u00eda nos quedan por lo menos casi tres a\u00f1os m\u00e1s para terminar esta primera etapa del proyecto del camino Lago Verde-La Tapera\u201d.<\/p>\n<p style=\"text-align: justify;\">Consultado al respecto, el Alcalde de la comuna de Lago Verde Nelson Opazo L\u00f3pez se\u00f1al\u00f3 \u201choy d\u00eda hemos sido parte de este hito que conecta ya en esta primera etapa a familias de nuestro territorio, permite desarrollar la vida a familias de nuestro territorio, un n\u00famero no menor a 30 familias que tienen sus predios inmediatamente posterior al r\u00edo C\u00e1ceres que van a ver facilitada su vida de manera significativa. Obviamente, el hecho de poder avanzar en un proyecto que une dos localidades de la comuna que son Lago Verde y La Tapera, pero que adem\u00e1s genera un mensaje importante de soberan\u00eda efectiva como pa\u00eds se suma, tener una ruta alternativa a la Carretera Austral conociendo la fragilidad que tiene el sector El Queulat, evidentemente que nos est\u00e1 abriendo una puerta de especial importancia para el desarrollo de la regi\u00f3n y en eso tenemos que sentirnos gratos, sentirnos agradecidos de todos quienes nos apoyaron en su respectiva oportunidad\u201d.<\/p>\n<\/div><\/section><\/div><div  style='height:50px' class='hr hr-invisible   avia-builder-el-6  el_after_av_one_full  el_before_av_social_share '><span class='hr-inner ' ><span class='hr-inner-style'><\/span><\/span><\/div><\/p>\n<div  class='av-social-sharing-box  avia-builder-el-7  el_after_av_hr  el_before_av_hr  '><div class='av-share-box'><h5 class='av-share-link-description av-no-toc '>Compartir esta noticia<\/h5><ul class='av-share-box-list noLightbox'><li class='av-share-link av-social-link-facebook' ><a target=\"_blank\" aria-label=\"Compartir en Facebook\" href='https:\/\/www.facebook.com\/sharer.php?u=https:\/\/radiorevelacionfm.cl\/?p=36141&#038;t=Instalaci%C3%B3n%20de%20puente%20mecano%20en%20R%C3%ADo%20C%C3%A1ceres%20avanza%20en%20conectividad%20en%20camino%20en%20construcci%C3%B3n%20Lago%20Verde-La%20Tapera' aria-hidden='false' data-av_icon='\ue8f3' data-av_iconfont='entypo-fontello' title='' data-avia-related-tooltip='Compartir en Facebook' rel=\"noopener\"><span class='avia_hidden_link_text'>Compartir en Facebook<\/span><\/a><\/li><li class='av-share-link av-social-link-twitter' ><a target=\"_blank\" aria-label=\"Compartir en Twitter\" href='https:\/\/twitter.com\/share?text=Instalaci%C3%B3n%20de%20puente%20mecano%20en%20R%C3%ADo%20C%C3%A1ceres%20avanza%20en%20conectividad%20en%20camino%20en%20construcci%C3%B3n%20Lago%20Verde-La%20Tapera&#038;url=https:\/\/radiorevelacionfm.cl\/?p=36141' aria-hidden='false' data-av_icon='\ue8f1' data-av_iconfont='entypo-fontello' title='' data-avia-related-tooltip='Compartir en Twitter' rel=\"noopener\"><span class='avia_hidden_link_text'>Compartir en Twitter<\/span><\/a><\/li><li class='av-share-link av-social-link-whatsapp' ><a target=\"_blank\" aria-label=\"Compartir en Whatsapp\" href='https:\/\/api.whatsapp.com\/send?text=https:\/\/radiorevelacionfm.cl\/?p=36141' aria-hidden='false' data-av_icon='\uf232' data-av_iconfont='entypo-fontello' title='' data-avia-related-tooltip='Compartir en Whatsapp' rel=\"noopener\"><span class='avia_hidden_link_text'>Compartir en Whatsapp<\/span><\/a><\/li><li class='av-share-link av-social-link-linkedin' ><a target=\"_blank\" aria-label=\"Compartir en LinkedIn\" href='https:\/\/linkedin.com\/shareArticle?mini=true&#038;title=Instalaci%C3%B3n%20de%20puente%20mecano%20en%20R%C3%ADo%20C%C3%A1ceres%20avanza%20en%20conectividad%20en%20camino%20en%20construcci%C3%B3n%20Lago%20Verde-La%20Tapera&#038;url=https:\/\/radiorevelacionfm.cl\/?p=36141' aria-hidden='false' data-av_icon='\ue8fc' data-av_iconfont='entypo-fontello' title='' data-avia-related-tooltip='Compartir en LinkedIn' rel=\"noopener\"><span class='avia_hidden_link_text'>Compartir en LinkedIn<\/span><\/a><\/li><li class='av-share-link av-social-link-mail' ><a  aria-label=\"Compartir por correo\" href='mailto:?subject=Instalaci%C3%B3n%20de%20puente%20mecano%20en%20R%C3%ADo%20C%C3%A1ceres%20avanza%20en%20conectividad%20en%20camino%20en%20construcci%C3%B3n%20Lago%20Verde-La%20Tapera&#038;body=https:\/\/radiorevelacionfm.cl\/?p=36141' aria-hidden='false' data-av_icon='\ue805' data-av_iconfont='entypo-fontello' title='' data-avia-related-tooltip='Compartir por correo'><span class='avia_hidden_link_text'>Compartir por correo<\/span><\/a><\/li><\/ul><\/div><\/div>\n<div  style='height:50px' class='hr hr-invisible   avia-builder-el-8  el_after_av_social_share  el_before_av_comments_list '><span class='hr-inner ' ><span class='hr-inner-style'><\/span><\/span><\/div>\n<div  class='av-buildercomment  av-blog-meta-html-info-disabled av-blog-meta-tag-disabled  '><\/div>\n","protected":false},"excerpt":{"rendered":"","protected":false},"author":1,"featured_media":36142,"comment_status":"open","ping_status":"open","sticky":false,"template":"","format":"standard","meta":{"footnotes":""},"categories":[38],"tags":[],"class_list":["post-36141","post","type-post","status-publish","format-standard","has-post-thumbnail","hentry","category-regional"],"jetpack_featured_media_url":"https:\/\/radiorevelacionfm.cl\/wp-content\/uploads\/2023\/10\/img-20231019-wa0020-1_optimized.jpg","_links":{"self":[{"href":"https:\/\/radiorevelacionfm.cl\/index.php?rest_route=\/wp\/v2\/posts\/36141","targetHints":{"allow":["GET"]}}],"collection":[{"href":"https:\/\/radiorevelacionfm.cl\/index.php?rest_route=\/wp\/v2\/posts"}],"about":[{"href":"https:\/\/radiorevelacionfm.cl\/index.php?rest_route=\/wp\/v2\/types\/post"}],"author":[{"embeddable":true,"href":"https:\/\/radiorevelacionfm.cl\/index.php?rest_route=\/wp\/v2\/users\/1"}],"replies":[{"embeddable":true,"href":"https:\/\/radiorevelacionfm.cl\/index.php?rest_route=%2Fwp%2Fv2%2Fcomments&post=36141"}],"version-history":[{"count":1,"href":"https:\/\/radiorevelacionfm.cl\/index.php?rest_route=\/wp\/v2\/posts\/36141\/revisions"}],"predecessor-version":[{"id":36143,"href":"https:\/\/radiorevelacionfm.cl\/index.php?rest_route=\/wp\/v2\/posts\/36141\/revisions\/36143"}],"wp:featuredmedia":[{"embeddable":true,"href":"https:\/\/radiorevelacionfm.cl\/index.php?rest_route=\/wp\/v2\/media\/36142"}],"wp:attachment":[{"href":"https:\/\/radiorevelacionfm.cl\/index.php?rest_route=%2Fwp%2Fv2%2Fmedia&parent=36141"}],"wp:term":[{"taxonomy":"category","embeddable":true,"href":"https:\/\/radiorevelacionfm.cl\/index.php?rest_route=%2Fwp%2Fv2%2Fcategories&post=36141"},{"taxonomy":"post_tag","embeddable":true,"href":"https:\/\/radiorevelacionfm.cl\/index.php?rest_route=%2Fwp%2Fv2%2Ftags&post=36141"}],"curies":[{"name":"wp","href":"https:\/\/api.w.org\/{rel}","templated":true}]}}