{"id":36132,"date":"2023-10-21T19:46:29","date_gmt":"2023-10-21T22:46:29","guid":{"rendered":"https:\/\/radiorevelacionfm.cl\/?p=36132"},"modified":"2023-10-21T19:46:29","modified_gmt":"2023-10-21T22:46:29","slug":"en-la-region-de-aysen-comenzaron-los-dialogos-territoriales-para-modernizar-la-ley-20-500","status":"publish","type":"post","link":"https:\/\/radiorevelacionfm.cl\/?p=36132","title":{"rendered":"En la regi\u00f3n de Ays\u00e9n comenzaron los di\u00e1logos territoriales para modernizar la Ley 20.500"},"content":{"rendered":"<div class=\"flex_column av_one_full  flex_column_div av-zero-column-padding first  avia-builder-el-0  el_before_av_one_full  avia-builder-el-first  \" style='border-radius:0px; '><div  class='avia-image-container  av-styling-    avia-builder-el-1  avia-builder-el-no-sibling  avia-align-center '  itemprop=\"image\" itemscope=\"itemscope\" itemtype=\"https:\/\/schema.org\/ImageObject\"  ><div class='avia-image-container-inner'><div class='avia-image-overlay-wrap'><img decoding=\"async\" class='wp-image-36133 avia-img-lazy-loading-not-36133 avia_image' src=\"https:\/\/radiorevelacionfm.cl\/wp-content\/uploads\/2023\/10\/foto-1-dos-1_optimized-1.jpg\" alt='' title='foto-1-dos-(1)_optimized (1)' height=\"600\" width=\"900\"  itemprop=\"thumbnailUrl\" srcset=\"https:\/\/radiorevelacionfm.cl\/wp-content\/uploads\/2023\/10\/foto-1-dos-1_optimized-1.jpg 900w, https:\/\/radiorevelacionfm.cl\/wp-content\/uploads\/2023\/10\/foto-1-dos-1_optimized-1-300x200.jpg 300w, https:\/\/radiorevelacionfm.cl\/wp-content\/uploads\/2023\/10\/foto-1-dos-1_optimized-1-768x512.jpg 768w, https:\/\/radiorevelacionfm.cl\/wp-content\/uploads\/2023\/10\/foto-1-dos-1_optimized-1-705x470.jpg 705w, https:\/\/radiorevelacionfm.cl\/wp-content\/uploads\/2023\/10\/foto-1-dos-1_optimized-1-450x300.jpg 450w, https:\/\/radiorevelacionfm.cl\/wp-content\/uploads\/2023\/10\/foto-1-dos-1_optimized-1-600x400.jpg 600w\" sizes=\"(max-width: 900px) 100vw, 900px\" \/><\/div><\/div><\/div><\/div><div class=\"flex_column av_one_full  flex_column_div av-zero-column-padding first  avia-builder-el-2  el_after_av_one_full  el_before_av_one_full  column-top-margin\" style='border-radius:0px; '><section class=\"av_textblock_section \"  itemscope=\"itemscope\" itemtype=\"https:\/\/schema.org\/BlogPosting\" itemprop=\"blogPost\" ><div class='avia_textblock  '   itemprop=\"text\" ><p style=\"text-align: center;\"><span style=\"font-size: 18pt;\"><strong>En la regi\u00f3n de Ays\u00e9n comenzaron los di\u00e1logos territoriales para modernizar la Ley 20.500<\/strong><\/span><\/p>\n<div id=\"gtx-trans\" style=\"position: absolute; left: -50px; top: 4.31534px;\">\n<div class=\"gtx-trans-icon\"><\/div>\n<\/div>\n<\/div><\/section><\/div><div class=\"flex_column av_one_full  flex_column_div av-zero-column-padding first  avia-builder-el-4  el_after_av_one_full  el_before_av_hr  column-top-margin\" style='border-radius:0px; '><section class=\"av_textblock_section \"  itemscope=\"itemscope\" itemtype=\"https:\/\/schema.org\/BlogPosting\" itemprop=\"blogPost\" ><div class='avia_textblock  '   itemprop=\"text\" ><p style=\"text-align: justify;\">Coyhaique fue la primera comuna elegida, a nivel nacional, para dar inicio a la etapa territorial de los di\u00e1logos participativos \u201cHablemos de Participaci\u00f3n\u201d, instancia que busca recoger insumos para modernizar la Ley 20.500 sobre Asociaciones y Participaci\u00f3n Ciudadana en la Gesti\u00f3n P\u00fablica. El encuentro fue encabezado por el Subdirector de la Divisi\u00f3n de Organizaciones Sociales, Nicol\u00e1s Hurtado Acu\u00f1a, junto a la Seremi de Gobierno de la regi\u00f3n, Tatiana Pl\u00e1 \u00c1lvarez y diversas organizaciones sociales de la comuna.<\/p>\n<p style=\"text-align: justify;\">En la ocasi\u00f3n, la Seremi de Gobierno explic\u00f3 que \u201cla idea de nuestro Gobierno, al igual como lo ha hecho con otras pol\u00edticas p\u00fablicas, es hacerlo de manera participativa y por eso la importancia de estos espacios, de poder contar con dirigentas y dirigentes, con la ciudadan\u00eda, para que puedan tambi\u00e9n hacerse parte de lo que es la pol\u00edtica p\u00fablica, en este caso, lo que tiene que ver con participaci\u00f3n ciudadana y la ley 20.500\u201d.<\/p>\n<p style=\"text-align: justify;\">El proceso participativo est\u00e1 compuesto por cuatro etapas de di\u00e1logo; la primera en la administraci\u00f3n central del Estado, nivel regional y nivel municipal. La segunda, de di\u00e1logos con organizaciones sociales, adem\u00e1s de un encuentro de expertos y expertas en la materia. La tercera etapa consiste en una consulta ciudadana digital abierta a todas las personas a nivel nacional, mientras que en el \u00faltimo tramo se realizar\u00e1 la sistematizaci\u00f3n de la informaci\u00f3n y posterior devoluci\u00f3n de resultados.<\/p>\n<p style=\"text-align: justify;\">\u201cNos reunimos con dirigentas y dirigentes de la comuna de Coyhaique, con quienes tuvimos una conversaci\u00f3n muy grata respecto de las necesidades que identifican para profundizar la participaci\u00f3n y mejorar las condiciones de incidencia de las dirigencias en las pol\u00edticas p\u00fablicas\u201d, asever\u00f3 el subdirector de la Divisi\u00f3n de Organizaciones Sociales, Nicol\u00e1s Hurtado Acu\u00f1a.<\/p>\n<p style=\"text-align: justify;\"><strong>INFOBUS en terreno<\/strong><\/p>\n<p style=\"text-align: justify;\">La Divisi\u00f3n de Organizaciones Sociales, DOS, se despleg\u00f3 por el sur austral, con su dispositivo de atenci\u00f3n ciudadana INFOBUS, la Escuela de Formaci\u00f3n Social y Di\u00e1logos Ciudadanos.<\/p>\n<p style=\"text-align: justify;\">Desde el 16 al 19 de octubre, el InfoBus Ciudadano recorri\u00f3 la regi\u00f3n de Ays\u00e9n, orientando a las vecinas y vecinos, e informando acerca de los beneficios y servicios que entrega el Gobierno. El INFOBUS de la Divisi\u00f3n de Organizaciones Sociales (DOS), dependiente del Ministerio Secretar\u00eda General de Gobierno, estuvo presente en Coyhaique, La Junta, Puyuhuapi y Cochrane, acercando el Estado a las personas en sus comunidades.<\/p>\n<p style=\"text-align: justify;\">Tambi\u00e9n se llevaron a cabo dos Escuelas de Formaci\u00f3n Social, orientadas a dirigentas y dirigentes. La primera se desarroll\u00f3 el lunes 16 de octubre, en la localidad de La Junta, donde se imparti\u00f3 el m\u00f3dulo \u201cHerramientas de Liderazgo Comunitario\u201d. La segunda se realiz\u00f3 el jueves 19 de octubre, en Cochrane, instancia en la cual se dict\u00f3 el m\u00f3dulo \u201cFormulaci\u00f3n, Rendici\u00f3n y Evaluaci\u00f3n de Proyectos\u201d.<\/p>\n<p style=\"text-align: justify;\">En los pr\u00f3ximos d\u00edas, la gira se dirigir\u00e1 a la regi\u00f3n de Los Lagos, llevando servicios a comunas como Ancud, Castro, Quinchao, Quemchi, entre otras, para finalizar en la regi\u00f3n de Los R\u00edos.<\/p>\n<\/div><\/section><\/div><div  style='height:50px' class='hr hr-invisible   avia-builder-el-6  el_after_av_one_full  el_before_av_social_share '><span class='hr-inner ' ><span class='hr-inner-style'><\/span><\/span><\/div><\/p>\n<div  class='av-social-sharing-box  avia-builder-el-7  el_after_av_hr  el_before_av_hr  '><div class='av-share-box'><h5 class='av-share-link-description av-no-toc '>Compartir esta noticia<\/h5><ul class='av-share-box-list noLightbox'><li class='av-share-link av-social-link-facebook' ><a target=\"_blank\" aria-label=\"Compartir en Facebook\" href='https:\/\/www.facebook.com\/sharer.php?u=https:\/\/radiorevelacionfm.cl\/?p=36132&#038;t=En%20la%20regi%C3%B3n%20de%20Ays%C3%A9n%20comenzaron%20los%20di%C3%A1logos%20territoriales%20para%20modernizar%20la%20Ley%2020.500' aria-hidden='false' data-av_icon='\ue8f3' data-av_iconfont='entypo-fontello' title='' data-avia-related-tooltip='Compartir en Facebook' rel=\"noopener\"><span class='avia_hidden_link_text'>Compartir en Facebook<\/span><\/a><\/li><li class='av-share-link av-social-link-twitter' ><a target=\"_blank\" aria-label=\"Compartir en Twitter\" href='https:\/\/twitter.com\/share?text=En%20la%20regi%C3%B3n%20de%20Ays%C3%A9n%20comenzaron%20los%20di%C3%A1logos%20territoriales%20para%20modernizar%20la%20Ley%2020.500&#038;url=https:\/\/radiorevelacionfm.cl\/?p=36132' aria-hidden='false' data-av_icon='\ue8f1' data-av_iconfont='entypo-fontello' title='' data-avia-related-tooltip='Compartir en Twitter' rel=\"noopener\"><span class='avia_hidden_link_text'>Compartir en Twitter<\/span><\/a><\/li><li class='av-share-link av-social-link-whatsapp' ><a target=\"_blank\" aria-label=\"Compartir en Whatsapp\" href='https:\/\/api.whatsapp.com\/send?text=https:\/\/radiorevelacionfm.cl\/?p=36132' aria-hidden='false' data-av_icon='\uf232' data-av_iconfont='entypo-fontello' title='' data-avia-related-tooltip='Compartir en Whatsapp' rel=\"noopener\"><span class='avia_hidden_link_text'>Compartir en Whatsapp<\/span><\/a><\/li><li class='av-share-link av-social-link-linkedin' ><a target=\"_blank\" aria-label=\"Compartir en LinkedIn\" href='https:\/\/linkedin.com\/shareArticle?mini=true&#038;title=En%20la%20regi%C3%B3n%20de%20Ays%C3%A9n%20comenzaron%20los%20di%C3%A1logos%20territoriales%20para%20modernizar%20la%20Ley%2020.500&#038;url=https:\/\/radiorevelacionfm.cl\/?p=36132' aria-hidden='false' data-av_icon='\ue8fc' data-av_iconfont='entypo-fontello' title='' data-avia-related-tooltip='Compartir en LinkedIn' rel=\"noopener\"><span class='avia_hidden_link_text'>Compartir en LinkedIn<\/span><\/a><\/li><li class='av-share-link av-social-link-mail' ><a  aria-label=\"Compartir por correo\" href='mailto:?subject=En%20la%20regi%C3%B3n%20de%20Ays%C3%A9n%20comenzaron%20los%20di%C3%A1logos%20territoriales%20para%20modernizar%20la%20Ley%2020.500&#038;body=https:\/\/radiorevelacionfm.cl\/?p=36132' aria-hidden='false' data-av_icon='\ue805' data-av_iconfont='entypo-fontello' title='' data-avia-related-tooltip='Compartir por correo'><span class='avia_hidden_link_text'>Compartir por correo<\/span><\/a><\/li><\/ul><\/div><\/div>\n<div  style='height:50px' class='hr hr-invisible   avia-builder-el-8  el_after_av_social_share  el_before_av_comments_list '><span class='hr-inner ' ><span class='hr-inner-style'><\/span><\/span><\/div>\n<div  class='av-buildercomment  av-blog-meta-html-info-disabled av-blog-meta-tag-disabled  '><\/div>\n","protected":false},"excerpt":{"rendered":"","protected":false},"author":1,"featured_media":36133,"comment_status":"open","ping_status":"open","sticky":false,"template":"","format":"standard","meta":{"footnotes":""},"categories":[38],"tags":[],"class_list":["post-36132","post","type-post","status-publish","format-standard","has-post-thumbnail","hentry","category-regional"],"jetpack_featured_media_url":"https:\/\/radiorevelacionfm.cl\/wp-content\/uploads\/2023\/10\/foto-1-dos-1_optimized-1.jpg","_links":{"self":[{"href":"https:\/\/radiorevelacionfm.cl\/index.php?rest_route=\/wp\/v2\/posts\/36132","targetHints":{"allow":["GET"]}}],"collection":[{"href":"https:\/\/radiorevelacionfm.cl\/index.php?rest_route=\/wp\/v2\/posts"}],"about":[{"href":"https:\/\/radiorevelacionfm.cl\/index.php?rest_route=\/wp\/v2\/types\/post"}],"author":[{"embeddable":true,"href":"https:\/\/radiorevelacionfm.cl\/index.php?rest_route=\/wp\/v2\/users\/1"}],"replies":[{"embeddable":true,"href":"https:\/\/radiorevelacionfm.cl\/index.php?rest_route=%2Fwp%2Fv2%2Fcomments&post=36132"}],"version-history":[{"count":1,"href":"https:\/\/radiorevelacionfm.cl\/index.php?rest_route=\/wp\/v2\/posts\/36132\/revisions"}],"predecessor-version":[{"id":36134,"href":"https:\/\/radiorevelacionfm.cl\/index.php?rest_route=\/wp\/v2\/posts\/36132\/revisions\/36134"}],"wp:featuredmedia":[{"embeddable":true,"href":"https:\/\/radiorevelacionfm.cl\/index.php?rest_route=\/wp\/v2\/media\/36133"}],"wp:attachment":[{"href":"https:\/\/radiorevelacionfm.cl\/index.php?rest_route=%2Fwp%2Fv2%2Fmedia&parent=36132"}],"wp:term":[{"taxonomy":"category","embeddable":true,"href":"https:\/\/radiorevelacionfm.cl\/index.php?rest_route=%2Fwp%2Fv2%2Fcategories&post=36132"},{"taxonomy":"post_tag","embeddable":true,"href":"https:\/\/radiorevelacionfm.cl\/index.php?rest_route=%2Fwp%2Fv2%2Ftags&post=36132"}],"curies":[{"name":"wp","href":"https:\/\/api.w.org\/{rel}","templated":true}]}}