{"id":3613,"date":"2021-04-28T17:09:20","date_gmt":"2021-04-28T20:09:20","guid":{"rendered":"https:\/\/radiorevelacionfm.cl\/?p=3613"},"modified":"2021-04-28T17:09:20","modified_gmt":"2021-04-28T20:09:20","slug":"este-lunes-se-inicio-vacunacion-contra-el-covid-19-a-embarazadas","status":"publish","type":"post","link":"https:\/\/radiorevelacionfm.cl\/?p=3613","title":{"rendered":"Este lunes se inici\u00f3 vacunaci\u00f3n contra el COVID-19 a embarazadas"},"content":{"rendered":"<div class=\"flex_column av_one_full  flex_column_div av-zero-column-padding first  avia-builder-el-0  el_before_av_one_full  avia-builder-el-first  \" style='border-radius:0px; '><div  class='avia-image-container  av-styling-    avia-builder-el-1  avia-builder-el-no-sibling  avia-align-center '  itemprop=\"image\" itemscope=\"itemscope\" itemtype=\"https:\/\/schema.org\/ImageObject\"  ><div class='avia-image-container-inner'><div class='avia-image-overlay-wrap'><img decoding=\"async\" class='wp-image-0 avia-img-lazy-loading-not-0 avia_image' src=\"https:\/\/radiorevelacionfm.cl\/wp-content\/uploads\/2021\/04\/vacunacion1_optimized.jpg\" alt='' title=''   itemprop=\"thumbnailUrl\"  \/><\/div><\/div><\/div><\/div><div class=\"flex_column av_one_full  flex_column_div av-zero-column-padding first  avia-builder-el-2  el_after_av_one_full  el_before_av_one_full  column-top-margin\" style='border-radius:0px; '><section class=\"av_textblock_section \"  itemscope=\"itemscope\" itemtype=\"https:\/\/schema.org\/BlogPosting\" itemprop=\"blogPost\" ><div class='avia_textblock  '   itemprop=\"text\" ><p style=\"text-align: center;\"><strong><span style=\"font-size: 18pt;\">Este lunes se inici\u00f3 vacunaci\u00f3n contra el COVID-19 a embarazadas <\/span><\/strong><\/p>\n<div id=\"gtx-trans\" style=\"position: absolute; left: -50px; top: 4.31534px;\">\n<div class=\"gtx-trans-icon\"><\/div>\n<\/div>\n<\/div><\/section><\/div><div class=\"flex_column av_one_full  flex_column_div av-zero-column-padding first  avia-builder-el-4  el_after_av_one_full  el_before_av_hr  column-top-margin\" style='border-radius:0px; '><section class=\"av_textblock_section \"  itemscope=\"itemscope\" itemtype=\"https:\/\/schema.org\/BlogPosting\" itemprop=\"blogPost\" ><div class='avia_textblock  '   itemprop=\"text\" ><p style=\"text-align: justify;\">En una primera etapa, se inocular\u00e1 a mujeres desde el cuarto mes de embarazo y que presenten comorbilidades como obesidad, enfermedades cardiacas y pulmonares.<\/p>\n<p style=\"text-align: justify;\">El pasado fin de semana el Ministerio de Salud actualiz\u00f3 el calendario de vacunaci\u00f3n para esta semana, inform\u00e1ndose que a partir del lunes 26 de abril comenzar\u00e1n a inmunizarse contra el COVID-19 las embarazadas.<\/p>\n<p style=\"text-align: justify;\">Es as\u00ed, como mujeres embarazadas a partir de las 16 semanas de edad gestacional con comorbilidades como: obesidad, s\u00edndrome hipertensivo del embarazo, diabetes pregestacional, y gestacional, trombofilias, embarazo m\u00faltiple, patolog\u00edas que requieren tratamiento inmunosupresor o enfermedades cardiacas o pulmonares graves, podr\u00e1n vacunarse contra el COVID-19.<\/p>\n<p style=\"text-align: justify;\">Gabriel Burgos, director del Servicio de Salud Ays\u00e9n, mencion\u00f3 que \u201cesta es una excelente noticia, entendiendo que las embarazadas podr\u00e1n estar protegidas y m\u00e1s tranquilas en su periodo de gestaci\u00f3n. Las mujeres embarazadas ser\u00e1n inmunizadas con vacunas de la f\u00f3rmula desarrollada por Pfizer-BioNTech\u201d.<\/p>\n<p style=\"text-align: justify;\">Como anteriormente se se\u00f1ala, la vacuna del laboratorio Pfizer-BioNTech, ser\u00e1 la utilizada en este segmento. El Ministerio de Salud opt\u00f3 por esta vacuna debido a que existe m\u00e1s informaci\u00f3n que las otras respecto de su seguridad durante el embarazo.<\/p>\n<p style=\"text-align: justify;\">En tanto, Nelson Ulloa, Enfermero encargado del punto de Vacunaci\u00f3n dispuesto en el Gimnasio Regional de Coyhaique, manifest\u00f3 que \u201ces muy importante destacar que si alguna embarazada se quiere inmunizar debe presentar un formulario de consentimiento que lo pueden descargar de la p\u00e1gina del Ministerio de Salud, firmado por un m\u00e9dico, enfermera o matrona, y acercarse hasta los puntos de vacunaci\u00f3n ubicados en el Gimnasio Regional de Coyhaique y el auditorio del MOP, donde est\u00e1n disponibles las vacunas Pfizer\u201d.<\/p>\n<p style=\"text-align: justify;\">Se espera, que la pr\u00f3xima semana se incorporen a aquellas mujeres embarazadas que su funci\u00f3n significa un mayor riesgo de contagio, como personal de salud, trabajadores de la educaci\u00f3n o quienes realicen trabajos que no permiten el teletrabajo.<\/p>\n<\/div><\/section><\/div><div  style='height:50px' class='hr hr-invisible   avia-builder-el-6  el_after_av_one_full  el_before_av_social_share '><span class='hr-inner ' ><span class='hr-inner-style'><\/span><\/span><\/div><\/p>\n<div  class='av-social-sharing-box  avia-builder-el-7  el_after_av_hr  el_before_av_hr  '><div class='av-share-box'><h5 class='av-share-link-description av-no-toc '>Compartir esta noticia<\/h5><ul class='av-share-box-list noLightbox'><li class='av-share-link av-social-link-facebook' ><a target=\"_blank\" aria-label=\"Compartir en Facebook\" href='https:\/\/www.facebook.com\/sharer.php?u=https:\/\/radiorevelacionfm.cl\/?p=3613&#038;t=Este%20lunes%20se%20inici%C3%B3%20vacunaci%C3%B3n%20contra%20el%20COVID-19%20a%20embarazadas' aria-hidden='false' data-av_icon='\ue8f3' data-av_iconfont='entypo-fontello' title='' data-avia-related-tooltip='Compartir en Facebook' rel=\"noopener\"><span class='avia_hidden_link_text'>Compartir en Facebook<\/span><\/a><\/li><li class='av-share-link av-social-link-twitter' ><a target=\"_blank\" aria-label=\"Compartir en Twitter\" href='https:\/\/twitter.com\/share?text=Este%20lunes%20se%20inici%C3%B3%20vacunaci%C3%B3n%20contra%20el%20COVID-19%20a%20embarazadas&#038;url=https:\/\/radiorevelacionfm.cl\/?p=3613' aria-hidden='false' data-av_icon='\ue8f1' data-av_iconfont='entypo-fontello' title='' data-avia-related-tooltip='Compartir en Twitter' rel=\"noopener\"><span class='avia_hidden_link_text'>Compartir en Twitter<\/span><\/a><\/li><li class='av-share-link av-social-link-whatsapp' ><a target=\"_blank\" aria-label=\"Compartir en Whatsapp\" href='https:\/\/api.whatsapp.com\/send?text=https:\/\/radiorevelacionfm.cl\/?p=3613' aria-hidden='false' data-av_icon='\uf232' data-av_iconfont='entypo-fontello' title='' data-avia-related-tooltip='Compartir en Whatsapp' rel=\"noopener\"><span class='avia_hidden_link_text'>Compartir en Whatsapp<\/span><\/a><\/li><li class='av-share-link av-social-link-linkedin' ><a target=\"_blank\" aria-label=\"Compartir en LinkedIn\" href='https:\/\/linkedin.com\/shareArticle?mini=true&#038;title=Este%20lunes%20se%20inici%C3%B3%20vacunaci%C3%B3n%20contra%20el%20COVID-19%20a%20embarazadas&#038;url=https:\/\/radiorevelacionfm.cl\/?p=3613' aria-hidden='false' data-av_icon='\ue8fc' data-av_iconfont='entypo-fontello' title='' data-avia-related-tooltip='Compartir en LinkedIn' rel=\"noopener\"><span class='avia_hidden_link_text'>Compartir en LinkedIn<\/span><\/a><\/li><li class='av-share-link av-social-link-mail' ><a  aria-label=\"Compartir por correo\" href='mailto:?subject=Este%20lunes%20se%20inici%C3%B3%20vacunaci%C3%B3n%20contra%20el%20COVID-19%20a%20embarazadas&#038;body=https:\/\/radiorevelacionfm.cl\/?p=3613' aria-hidden='false' data-av_icon='\ue805' data-av_iconfont='entypo-fontello' title='' data-avia-related-tooltip='Compartir por correo'><span class='avia_hidden_link_text'>Compartir por correo<\/span><\/a><\/li><\/ul><\/div><\/div>\n<div  style='height:50px' class='hr hr-invisible   avia-builder-el-8  el_after_av_social_share  el_before_av_comments_list '><span class='hr-inner ' ><span class='hr-inner-style'><\/span><\/span><\/div>\n<div  class='av-buildercomment  av-blog-meta-html-info-disabled av-blog-meta-tag-disabled  '><\/div>\n","protected":false},"excerpt":{"rendered":"","protected":false},"author":1,"featured_media":0,"comment_status":"open","ping_status":"open","sticky":false,"template":"","format":"standard","meta":{"footnotes":""},"categories":[46],"tags":[],"class_list":["post-3613","post","type-post","status-publish","format-standard","hentry","category-salud"],"jetpack_featured_media_url":"","_links":{"self":[{"href":"https:\/\/radiorevelacionfm.cl\/index.php?rest_route=\/wp\/v2\/posts\/3613","targetHints":{"allow":["GET"]}}],"collection":[{"href":"https:\/\/radiorevelacionfm.cl\/index.php?rest_route=\/wp\/v2\/posts"}],"about":[{"href":"https:\/\/radiorevelacionfm.cl\/index.php?rest_route=\/wp\/v2\/types\/post"}],"author":[{"embeddable":true,"href":"https:\/\/radiorevelacionfm.cl\/index.php?rest_route=\/wp\/v2\/users\/1"}],"replies":[{"embeddable":true,"href":"https:\/\/radiorevelacionfm.cl\/index.php?rest_route=%2Fwp%2Fv2%2Fcomments&post=3613"}],"version-history":[{"count":1,"href":"https:\/\/radiorevelacionfm.cl\/index.php?rest_route=\/wp\/v2\/posts\/3613\/revisions"}],"predecessor-version":[{"id":3615,"href":"https:\/\/radiorevelacionfm.cl\/index.php?rest_route=\/wp\/v2\/posts\/3613\/revisions\/3615"}],"wp:attachment":[{"href":"https:\/\/radiorevelacionfm.cl\/index.php?rest_route=%2Fwp%2Fv2%2Fmedia&parent=3613"}],"wp:term":[{"taxonomy":"category","embeddable":true,"href":"https:\/\/radiorevelacionfm.cl\/index.php?rest_route=%2Fwp%2Fv2%2Fcategories&post=3613"},{"taxonomy":"post_tag","embeddable":true,"href":"https:\/\/radiorevelacionfm.cl\/index.php?rest_route=%2Fwp%2Fv2%2Ftags&post=3613"}],"curies":[{"name":"wp","href":"https:\/\/api.w.org\/{rel}","templated":true}]}}