{"id":36129,"date":"2023-10-21T19:42:44","date_gmt":"2023-10-21T22:42:44","guid":{"rendered":"https:\/\/radiorevelacionfm.cl\/?p=36129"},"modified":"2023-10-21T19:42:44","modified_gmt":"2023-10-21T22:42:44","slug":"empresa-aysenina-sumara-a-nuevos-usuarios-del-cet-valle-verde-apostando-por-la-inclusion-laboral-en-aysen","status":"publish","type":"post","link":"https:\/\/radiorevelacionfm.cl\/?p=36129","title":{"rendered":"Empresa Aysenina sumar\u00e1 a nuevos usuarios del CET Valle Verde apostando por la inclusi\u00f3n laboral en Ays\u00e9n"},"content":{"rendered":"<div class=\"flex_column av_one_full  flex_column_div av-zero-column-padding first  avia-builder-el-0  el_before_av_one_full  avia-builder-el-first  \" style='border-radius:0px; '><div  class='avia-image-container  av-styling-    avia-builder-el-1  avia-builder-el-no-sibling  avia-align-center '  itemprop=\"image\" itemscope=\"itemscope\" itemtype=\"https:\/\/schema.org\/ImageObject\"  ><div class='avia-image-container-inner'><div class='avia-image-overlay-wrap'><img decoding=\"async\" class='wp-image-36130 avia-img-lazy-loading-not-36130 avia_image' src=\"https:\/\/radiorevelacionfm.cl\/wp-content\/uploads\/2023\/10\/img-bh-cetvalleverde2-1_optimized.jpeg\" alt='' title='img-bh-cetvalleverde2-(1)_optimized' height=\"600\" width=\"800\"  itemprop=\"thumbnailUrl\" srcset=\"https:\/\/radiorevelacionfm.cl\/wp-content\/uploads\/2023\/10\/img-bh-cetvalleverde2-1_optimized.jpeg 800w, https:\/\/radiorevelacionfm.cl\/wp-content\/uploads\/2023\/10\/img-bh-cetvalleverde2-1_optimized-300x225.jpeg 300w, https:\/\/radiorevelacionfm.cl\/wp-content\/uploads\/2023\/10\/img-bh-cetvalleverde2-1_optimized-768x576.jpeg 768w, https:\/\/radiorevelacionfm.cl\/wp-content\/uploads\/2023\/10\/img-bh-cetvalleverde2-1_optimized-705x529.jpeg 705w, https:\/\/radiorevelacionfm.cl\/wp-content\/uploads\/2023\/10\/img-bh-cetvalleverde2-1_optimized-450x338.jpeg 450w, https:\/\/radiorevelacionfm.cl\/wp-content\/uploads\/2023\/10\/img-bh-cetvalleverde2-1_optimized-600x450.jpeg 600w\" sizes=\"(max-width: 800px) 100vw, 800px\" \/><\/div><\/div><\/div><\/div><div class=\"flex_column av_one_full  flex_column_div av-zero-column-padding first  avia-builder-el-2  el_after_av_one_full  el_before_av_one_full  column-top-margin\" style='border-radius:0px; '><section class=\"av_textblock_section \"  itemscope=\"itemscope\" itemtype=\"https:\/\/schema.org\/BlogPosting\" itemprop=\"blogPost\" ><div class='avia_textblock  '   itemprop=\"text\" ><p style=\"text-align: center;\"><strong><span style=\"font-size: 18pt;\">Empresa Aysenina sumar\u00e1 a nuevos usuarios del CET Valle Verde apostando por la inclusi\u00f3n laboral en Ays\u00e9n <\/span><\/strong><\/p>\n<div id=\"gtx-trans\" style=\"position: absolute; left: -50px; top: 4.31534px;\">\n<div class=\"gtx-trans-icon\"><\/div>\n<\/div>\n<\/div><\/section><\/div><div class=\"flex_column av_one_full  flex_column_div av-zero-column-padding first  avia-builder-el-4  el_after_av_one_full  el_before_av_hr  column-top-margin\" style='border-radius:0px; '><section class=\"av_textblock_section \"  itemscope=\"itemscope\" itemtype=\"https:\/\/schema.org\/BlogPosting\" itemprop=\"blogPost\" ><div class='avia_textblock  '   itemprop=\"text\" ><p style=\"text-align: justify;\">Tras iniciar la incursi\u00f3n en el mundo del reciclaje industrial de pl\u00e1stico y plumavit, provenientes principalmente de la industria acu\u00edcola. Empresas Bahamonde ha querido implementar distintas transformaciones para integrar a diversos actores al proceso productivo local. De esta manera, luego de firmar hace unos meses un convenio de colaboraci\u00f3n con el Centro de Estudio y Trabajo (CET) Valle Verde de Gendarmer\u00eda de Chile en Puerto Ays\u00e9n, se busca ampliar la colaboraci\u00f3n inicial para aumentar los programas de inclusi\u00f3n del recinto penitenciario a trav\u00e9s del trabajo como operarios en la nueva Planta de Reciclaje. Actividad que permitir\u00e1 a los usuarios contar con nuevos conocimientos laborales y propiciar un mejor tr\u00e1nsito hacia su vida en comunidad.<\/p>\n<p style=\"text-align: justify;\">Al respecto, el gerente general de la empresa aysenina, Alejandro Bahamonde Corey destac\u00f3 que luego de esta ampliaci\u00f3n del convenio con el CET \u201cya son tres personas de dicho Centro que est\u00e1n trabajando con nosotros y si todo resulta bien, yo creo que en noviembre vamos a incluir dos personas m\u00e1s, con las cuales llegar\u00edamos a casi un 50% de las personas que trabajan en la Planta de Reciclaje provenientes del CET Valle Verde\u00a0 y nos tiene muy contentos y muy fascinados porque estamos dando una oportunidad laboral a muchas personas que por distintos motivos est\u00e1n en una condici\u00f3n a la cual nadie quisiera llegar,\u00a0 pero como digo, fascinados y contentos a la vez\u201d.<\/p>\n<p style=\"text-align: justify;\">En tanto, Karim Laibe Monsalve, Capit\u00e1n y jefe de Unidad en el Centro de Estudio y Trabajo (CET) Valle Verde, abord\u00f3 el inicio de la colaboraci\u00f3n con Empresas Bahamonde a trav\u00e9s de un usuario que presta sus servicios en la nueva Planta. Hecho valorado ampliamente por la buena experiencia que ha significado, agregando que \u201clo importante para nosotros es que las personas que est\u00e1n ac\u00e1 privadas de libertad buscan una forma de reinsertarse en la sociedad y qu\u00e9 mejor que con una empresa local que claramente les va a ayudar primero, para generar un sustento a sus familias y tambi\u00e9n, cuando ellos est\u00e9n libres, cuando ya cumplan su condena, quiz\u00e1s pensar en continuar trabajando en ese lugar y aprender un nuevo oficio\u201d.<\/p>\n<p style=\"text-align: justify;\">Finalmente, Carlos Ru\u00edz, interno del Centro de Estudio y Trabajo (CET) Valle Verde, agradeci\u00f3 la oportunidad otorgada por la ic\u00f3nica empresa aysenina a quienes se encuentran privados de libertad, \u201cyo no solamente aprovech\u00e9 la oportunidad, sino que tambi\u00e9n vengo en representaci\u00f3n de mis dem\u00e1s compa\u00f1eros. creo depende de m\u00ed que se le abran las puertas a ellos y a la vez, quiero dejar bien puesto el nombre de Valle Verde&#8230; Yo me he sentido bien c\u00f3modo en esta empresa porque tengo muy buenos compa\u00f1eros y he tenido una muy buena recepci\u00f3n de parte de ellos\u201d, puntualiz\u00f3 finalmente Ru\u00edz.<\/p>\n<\/div><\/section><\/div><div  style='height:50px' class='hr hr-invisible   avia-builder-el-6  el_after_av_one_full  el_before_av_social_share '><span class='hr-inner ' ><span class='hr-inner-style'><\/span><\/span><\/div><\/p>\n<div  class='av-social-sharing-box  avia-builder-el-7  el_after_av_hr  el_before_av_hr  '><div class='av-share-box'><h5 class='av-share-link-description av-no-toc '>Compartir esta noticia<\/h5><ul class='av-share-box-list noLightbox'><li class='av-share-link av-social-link-facebook' ><a target=\"_blank\" aria-label=\"Compartir en Facebook\" href='https:\/\/www.facebook.com\/sharer.php?u=https:\/\/radiorevelacionfm.cl\/?p=36129&#038;t=Empresa%20Aysenina%20sumar%C3%A1%20a%20nuevos%20usuarios%20del%20CET%20Valle%20Verde%20apostando%20por%20la%20inclusi%C3%B3n%20laboral%20en%20Ays%C3%A9n' aria-hidden='false' data-av_icon='\ue8f3' data-av_iconfont='entypo-fontello' title='' data-avia-related-tooltip='Compartir en Facebook' rel=\"noopener\"><span class='avia_hidden_link_text'>Compartir en Facebook<\/span><\/a><\/li><li class='av-share-link av-social-link-twitter' ><a target=\"_blank\" aria-label=\"Compartir en Twitter\" href='https:\/\/twitter.com\/share?text=Empresa%20Aysenina%20sumar%C3%A1%20a%20nuevos%20usuarios%20del%20CET%20Valle%20Verde%20apostando%20por%20la%20inclusi%C3%B3n%20laboral%20en%20Ays%C3%A9n&#038;url=https:\/\/radiorevelacionfm.cl\/?p=36129' aria-hidden='false' data-av_icon='\ue8f1' data-av_iconfont='entypo-fontello' title='' data-avia-related-tooltip='Compartir en Twitter' rel=\"noopener\"><span class='avia_hidden_link_text'>Compartir en Twitter<\/span><\/a><\/li><li class='av-share-link av-social-link-whatsapp' ><a target=\"_blank\" aria-label=\"Compartir en Whatsapp\" href='https:\/\/api.whatsapp.com\/send?text=https:\/\/radiorevelacionfm.cl\/?p=36129' aria-hidden='false' data-av_icon='\uf232' data-av_iconfont='entypo-fontello' title='' data-avia-related-tooltip='Compartir en Whatsapp' rel=\"noopener\"><span class='avia_hidden_link_text'>Compartir en Whatsapp<\/span><\/a><\/li><li class='av-share-link av-social-link-linkedin' ><a target=\"_blank\" aria-label=\"Compartir en LinkedIn\" href='https:\/\/linkedin.com\/shareArticle?mini=true&#038;title=Empresa%20Aysenina%20sumar%C3%A1%20a%20nuevos%20usuarios%20del%20CET%20Valle%20Verde%20apostando%20por%20la%20inclusi%C3%B3n%20laboral%20en%20Ays%C3%A9n&#038;url=https:\/\/radiorevelacionfm.cl\/?p=36129' aria-hidden='false' data-av_icon='\ue8fc' data-av_iconfont='entypo-fontello' title='' data-avia-related-tooltip='Compartir en LinkedIn' rel=\"noopener\"><span class='avia_hidden_link_text'>Compartir en LinkedIn<\/span><\/a><\/li><li class='av-share-link av-social-link-mail' ><a  aria-label=\"Compartir por correo\" href='mailto:?subject=Empresa%20Aysenina%20sumar%C3%A1%20a%20nuevos%20usuarios%20del%20CET%20Valle%20Verde%20apostando%20por%20la%20inclusi%C3%B3n%20laboral%20en%20Ays%C3%A9n&#038;body=https:\/\/radiorevelacionfm.cl\/?p=36129' aria-hidden='false' data-av_icon='\ue805' data-av_iconfont='entypo-fontello' title='' data-avia-related-tooltip='Compartir por correo'><span class='avia_hidden_link_text'>Compartir por correo<\/span><\/a><\/li><\/ul><\/div><\/div>\n<div  style='height:50px' class='hr hr-invisible   avia-builder-el-8  el_after_av_social_share  el_before_av_comments_list '><span class='hr-inner ' ><span class='hr-inner-style'><\/span><\/span><\/div>\n<div  class='av-buildercomment  av-blog-meta-html-info-disabled av-blog-meta-tag-disabled  '><\/div>\n","protected":false},"excerpt":{"rendered":"","protected":false},"author":1,"featured_media":36130,"comment_status":"open","ping_status":"open","sticky":false,"template":"","format":"standard","meta":{"footnotes":""},"categories":[38],"tags":[],"class_list":["post-36129","post","type-post","status-publish","format-standard","has-post-thumbnail","hentry","category-regional"],"jetpack_featured_media_url":"https:\/\/radiorevelacionfm.cl\/wp-content\/uploads\/2023\/10\/img-bh-cetvalleverde2-1_optimized.jpeg","_links":{"self":[{"href":"https:\/\/radiorevelacionfm.cl\/index.php?rest_route=\/wp\/v2\/posts\/36129","targetHints":{"allow":["GET"]}}],"collection":[{"href":"https:\/\/radiorevelacionfm.cl\/index.php?rest_route=\/wp\/v2\/posts"}],"about":[{"href":"https:\/\/radiorevelacionfm.cl\/index.php?rest_route=\/wp\/v2\/types\/post"}],"author":[{"embeddable":true,"href":"https:\/\/radiorevelacionfm.cl\/index.php?rest_route=\/wp\/v2\/users\/1"}],"replies":[{"embeddable":true,"href":"https:\/\/radiorevelacionfm.cl\/index.php?rest_route=%2Fwp%2Fv2%2Fcomments&post=36129"}],"version-history":[{"count":1,"href":"https:\/\/radiorevelacionfm.cl\/index.php?rest_route=\/wp\/v2\/posts\/36129\/revisions"}],"predecessor-version":[{"id":36131,"href":"https:\/\/radiorevelacionfm.cl\/index.php?rest_route=\/wp\/v2\/posts\/36129\/revisions\/36131"}],"wp:featuredmedia":[{"embeddable":true,"href":"https:\/\/radiorevelacionfm.cl\/index.php?rest_route=\/wp\/v2\/media\/36130"}],"wp:attachment":[{"href":"https:\/\/radiorevelacionfm.cl\/index.php?rest_route=%2Fwp%2Fv2%2Fmedia&parent=36129"}],"wp:term":[{"taxonomy":"category","embeddable":true,"href":"https:\/\/radiorevelacionfm.cl\/index.php?rest_route=%2Fwp%2Fv2%2Fcategories&post=36129"},{"taxonomy":"post_tag","embeddable":true,"href":"https:\/\/radiorevelacionfm.cl\/index.php?rest_route=%2Fwp%2Fv2%2Ftags&post=36129"}],"curies":[{"name":"wp","href":"https:\/\/api.w.org\/{rel}","templated":true}]}}