{"id":36125,"date":"2023-10-20T23:36:15","date_gmt":"2023-10-21T02:36:15","guid":{"rendered":"https:\/\/radiorevelacionfm.cl\/?p=36125"},"modified":"2023-10-20T23:36:15","modified_gmt":"2023-10-21T02:36:15","slug":"bandas-rivales-en-coyhaique-formalizan-a-7-imputados-como-coautores-y-encubridores-de-homicidio","status":"publish","type":"post","link":"https:\/\/radiorevelacionfm.cl\/?p=36125","title":{"rendered":"Bandas rivales en Coyhaique: Formalizan a 7 imputados como coautores y encubridores de homicidio"},"content":{"rendered":"<div class=\"flex_column av_one_full  flex_column_div av-zero-column-padding first  avia-builder-el-0  el_before_av_one_full  avia-builder-el-first  \" style='border-radius:0px; '><div  class='avia-image-container  av-styling-    avia-builder-el-1  avia-builder-el-no-sibling  avia-align-center '  itemprop=\"image\" itemscope=\"itemscope\" itemtype=\"https:\/\/schema.org\/ImageObject\"  ><div class='avia-image-container-inner'><div class='avia-image-overlay-wrap'><img decoding=\"async\" class='wp-image-36126 avia-img-lazy-loading-not-36126 avia_image' src=\"https:\/\/radiorevelacionfm.cl\/wp-content\/uploads\/2023\/10\/20231020_123128-1-1.jpg\" alt='' title='20231020_123128 (1) (1)' height=\"600\" width=\"800\"  itemprop=\"thumbnailUrl\" srcset=\"https:\/\/radiorevelacionfm.cl\/wp-content\/uploads\/2023\/10\/20231020_123128-1-1.jpg 800w, https:\/\/radiorevelacionfm.cl\/wp-content\/uploads\/2023\/10\/20231020_123128-1-1-300x225.jpg 300w, https:\/\/radiorevelacionfm.cl\/wp-content\/uploads\/2023\/10\/20231020_123128-1-1-768x576.jpg 768w, https:\/\/radiorevelacionfm.cl\/wp-content\/uploads\/2023\/10\/20231020_123128-1-1-705x529.jpg 705w, https:\/\/radiorevelacionfm.cl\/wp-content\/uploads\/2023\/10\/20231020_123128-1-1-450x338.jpg 450w, https:\/\/radiorevelacionfm.cl\/wp-content\/uploads\/2023\/10\/20231020_123128-1-1-600x450.jpg 600w\" sizes=\"(max-width: 800px) 100vw, 800px\" \/><\/div><\/div><\/div><\/div><div class=\"flex_column av_one_full  flex_column_div av-zero-column-padding first  avia-builder-el-2  el_after_av_one_full  el_before_av_one_full  column-top-margin\" style='border-radius:0px; '><section class=\"av_textblock_section \"  itemscope=\"itemscope\" itemtype=\"https:\/\/schema.org\/BlogPosting\" itemprop=\"blogPost\" ><div class='avia_textblock  '   itemprop=\"text\" ><p style=\"text-align: center;\"><span style=\"font-size: 18pt;\"><b>Bandas rivales en Coyhaique: Formalizan a 7 imputados como coautores y encubridores de homicidio<\/b><\/span><\/p>\n<div id=\"gtx-trans\" style=\"position: absolute; left: -50px; top: 4.31534px;\">\n<div class=\"gtx-trans-icon\"><\/div>\n<\/div>\n<\/div><\/section><\/div><div class=\"flex_column av_one_full  flex_column_div av-zero-column-padding first  avia-builder-el-4  el_after_av_one_full  el_before_av_hr  column-top-margin\" style='border-radius:0px; '><section class=\"av_textblock_section \"  itemscope=\"itemscope\" itemtype=\"https:\/\/schema.org\/BlogPosting\" itemprop=\"blogPost\" ><div class='avia_textblock  '   itemprop=\"text\" ><p style=\"font-weight: 400; text-align: justify;\"><em>Hay otro sujeto que ya est\u00e1 en la c\u00e1rcel. Involucrados fueron detenidos en acciones simult\u00e1neas efectuadas en las regiones de Valpara\u00edso, Metropolitana y Ays\u00e9n. En dos de los domicilios se encontr\u00f3 droga, entre otras especies.\u00a0<\/em><\/p>\n<p style=\"font-weight: 400; text-align: justify;\">Tras una extensa investigaci\u00f3n coordinada por la Fiscal\u00eda y numerosas diligencias efectuadas por detectives de las Brigadas de Homicidios y Antinarc\u00f3ticos y Contra el Crimen Organizado de la PDI, fueron formalizados hoy 7 imputados como coautores y encubridores de homicidio, hecho ocurrido a fines de enero de este a\u00f1o en Coyhaique, en el contexto de luchas de poder entre dos bandas rivales dedicadas al tr\u00e1fico de drogas.<\/p>\n<p style=\"font-weight: 400; text-align: justify;\">Previa orden del Tribunal, solicitada por el Ministerio P\u00fablico, los 7 imputados fueron detenidos por funcionarios de la PDI en distintas ciudades de Chile y trasladados a la regi\u00f3n en un avi\u00f3n institucional.<\/p>\n<p style=\"font-weight: 400; text-align: justify;\">El Fiscal Regional, Carlos Palma, destac\u00f3 la relevancia de este procedimiento policial de gran magnitud, en el cual se realizaron diligencias en tres regiones distintas del pa\u00eds, con acciones simult\u00e1neas en las regiones de Valpara\u00edso, Metropolitana y Ays\u00e9n.<\/p>\n<p style=\"font-weight: 400; text-align: justify;\">\u201cLa Regi\u00f3n de Ays\u00e9n al igual que el resto del pa\u00eds, est\u00e1 cambiando. Chile tiene un nivel de delincuencia completamente distinto del que ten\u00eda hace algunos a\u00f1os atr\u00e1s y la regi\u00f3n no va a estar ajeno a eso. La diferencia est\u00e1 en c\u00f3mo reaccionamos. Ac\u00e1 nos encontramos con un homicidio, lleva varios meses de investigaci\u00f3n, ocurrido en pleno radio urbano de la ciudad con armas de fuego y como he se\u00f1alado en otras oportunidades, se trata de pelea de bandas por territorio y eso es lo que nos debe preocupar\u201d, expres\u00f3 el Fiscal Regional.<\/p>\n<p style=\"font-weight: 400; text-align: justify;\">Carlos Palma a\u00f1adi\u00f3 que \u201caqu\u00ed hemos realizado un trabajo muy profesional y serio con la Polic\u00eda de Investigaciones y esto nos ha llevado, varios meses despu\u00e9s, a tener a todo el grupo, a los 4 autores y a los 4 encubridores. Ayer hemos detenido a 7 y ya hab\u00eda uno que estaba privado de libertad, todos en el marco de este hecho ocurrido a fines del mes de enero\u201d.<\/p>\n<p style=\"font-weight: 400; text-align: justify;\"><strong>PDI<\/strong><\/p>\n<p style=\"font-weight: 400; text-align: justify;\">\u201cHemos tenido un trabajo investigativo de pr\u00e1cticamente 10 meses, siempre mancomunado y coordinado con el Ministerio P\u00fablico. Se\u00f1alar que la criminalidad en esta Regi\u00f3n ha ido cambiando, ha ido mutando, el fen\u00f3meno delictual al igual que en el resto del pa\u00eds se ha tornado m\u00e1s violento, tenemos el uso de armas de fuego, el homicidio (este) as\u00ed lo establece\u201d, coment\u00f3 el prefecto Luis Torralba, jefe de la Regi\u00f3n Policial de Ays\u00e9n.<\/p>\n<p style=\"font-weight: 400; text-align: justify;\">\u201cLogramos la detenci\u00f3n de 7 personas, dentro de ellas autor material y encubridores, lo que nos permite se\u00f1alar que ha sido un trabajo de an\u00e1lisis de informaci\u00f3n, de recolecci\u00f3n de evidencia, que puesto en conocimiento del Ministerio P\u00fablico, ha arrojado los resultados que obtuvimos\u201d, agreg\u00f3 Luis Torralba.<\/p>\n<p style=\"font-weight: 400; text-align: justify;\">El operativo masivo, dijo el jefe policial, \u201cque se desarroll\u00f3 tanto en la Regi\u00f3n, como en la Regi\u00f3n Metropolitana y Valpara\u00edso, cont\u00f3 con la participaci\u00f3n de m\u00e1s de 50 detectives y la intervenci\u00f3n de 9 domicilios\u201d.<\/p>\n<p style=\"font-weight: 400; text-align: justify;\">Luis Torralba enfatiz\u00f3 que, \u201cno hubo funcionarios policiales lesionados y tampoco las personas que nosotros detuvimos, lo que tambi\u00e9n da cuenta de un trabajo quir\u00fargico, por decirlo de alguna forma. (\u2026) Logramos la incautaci\u00f3n de armamento, que el proceso investigativo establecer\u00e1 si es real o de fantas\u00eda y continuaremos trabajando para aportar los antecedentes del plazo de investigaci\u00f3n que defina el control de audiencia de detenci\u00f3n.\u201d<\/p>\n<p style=\"font-weight: 400; text-align: justify;\"><strong>HECHOS<\/strong><\/p>\n<p style=\"font-weight: 400; text-align: justify;\">Seg\u00fan lo expuesto en la audiencia de formalizaci\u00f3n por la fiscal Mar\u00eda In\u00e9s N\u00fa\u00f1ez, de la Unidad de Drogas del Ministerio P\u00fablico y Jos\u00e9 Moris, fiscal jefe de Coyhaique, el 28 de enero de este a\u00f1o cuatro imputados, entre ellos una mujer, quienes forman parte de una agrupaci\u00f3n de personas dedicadas al tr\u00e1fico de drogas, viajaron a Puerto Ays\u00e9n. En dicha ciudad, en un evento musical, sostuvieron un altercado con la v\u00edctima quien formaba parte de un grupo rival en la venta de drogas.<\/p>\n<p style=\"font-weight: 400; text-align: justify;\">Luego, el domingo 29 de enero de 2023, alrededor de las 02:00 horas, los imputados ya referidos concurrieron en veh\u00edculo a un servicentro de calle Ogana en Coyhaique, lugar hasta el cual lleg\u00f3 la v\u00edctima con sus amigos a bordo de otro autom\u00f3vil.<\/p>\n<p style=\"font-weight: 400; text-align: justify;\">Cuando la v\u00edctima con sus amigos se bajaron del m\u00f3vil y sin mediar provocaci\u00f3n, a ra\u00edz del altercado previo, los imputados realizan maniobras que permiten que uno de ellos extraiga un arma de fuego, de lo que estaban en conocimiento los dem\u00e1s integrantes de la banda. La Fiscal\u00eda a\u00f1adi\u00f3 en la audiencia que, uno de ellos percut\u00f3 al menos tres disparos a una distancia cercana, hiriendo con una de las balas a la v\u00edctima, quien falleci\u00f3 a consecuencia de este hecho.<\/p>\n<p style=\"font-weight: 400; text-align: justify;\">Los detenidos, uno de los cuales ya estaba en prisi\u00f3n preventiva, fueron formalizados hoy por la Fiscal\u00eda en calidad de coautores de homicidio.<\/p>\n<p style=\"font-weight: 400; text-align: justify;\"><strong>ENCUBRIDORES<\/strong><\/p>\n<p style=\"font-weight: 400; text-align: justify;\">Con el fin de ocultar la evidencia que pudiera obtenerse, uno de los imputados, junto a un quinto sujeto, acuerdan que este \u00faltimo limpiar\u00eda el veh\u00edculo en que se trasladaban, de todo rastro\u00a0de p\u00f3lvora o evidencia que pudiera incriminarlos, acci\u00f3n que realizan el 30 de enero de 2023.<\/p>\n<p style=\"font-weight: 400; text-align: justify;\">Con posterioridad, otro integrante del grupo, el cual tambi\u00e9n est\u00e1 en prisi\u00f3n preventiva por otros hechos, contacta a un imputado menor de edad, con quien acuerdan entregar\u00eda una versi\u00f3n falsa ante las autoridades, se\u00f1alando que \u00e9l hab\u00eda sido el autor de los disparos.<\/p>\n<p style=\"font-weight: 400; text-align: justify;\">Los primeros d\u00edas de febrero de 2023, este sujeto concurri\u00f3 hasta la Primera Comisar\u00eda de Coyhaique indicando que confesar\u00eda el crimen, sin embargo, desisti\u00f3 de autoincriminarse. Con esta maniobra, distrajo el actuar policial, proporcionando al resto de los involucrados el tiempo necesario para escapar.<\/p>\n<p style=\"font-weight: 400; text-align: justify;\">Dos de los autores del homicidio, decidieron darse a la fuga del pa\u00eds, para lo cual -con la ayuda del imputado que limpi\u00f3 el veh\u00edculo-, contactaron a otros dos sujetos, quienes les facilitan medios de traslado desde Coyhaique a Chile Chico, alojamiento y el cruce a trav\u00e9s de un paso no habilitado hacia Los Antiguos. Lo anterior, con la finalidad de abandonar el pa\u00eds rumbo a Argentina, a comienzos de febrero de 2023.<\/p>\n<p style=\"font-weight: 400; text-align: justify;\"><strong>TRAFICO DE DROGAS<\/strong><\/p>\n<p style=\"font-weight: 400; text-align: justify;\">Una de las personas detenida como encubridor, fue formalizada adem\u00e1s por tr\u00e1fico de drogas, luego que ayer la PDI decomisara en su domicilio del sector alto de Coyhaique, 196 gramos de clorhidrato de coca\u00edna, 34 gramos de cannabis y 77 gramos de hongos psilocybe, adem\u00e1s de $619.000 en dinero en efectivo, dos tel\u00e9fonos celulares, dos balanzas digitales y bolsas para dosificar utilizadas para el tr\u00e1fico de drogas.<\/p>\n<p style=\"font-weight: 400; text-align: justify;\">Otro encubridor, tambi\u00e9n de Coyhaique, fue formalizado adem\u00e1s por microtr\u00e1fico de drogas. En su domicilio, seg\u00fan detall\u00f3 en la audiencia la Fiscal\u00eda, detectives de la PDI decomisaron 17,08 gramos de clorhidrato de coca\u00edna, 0,7 gramos de cannabis y 77 gramos de hongos psilocybe. Adem\u00e1s, este imputado pose\u00eda cuatro tel\u00e9fonos celulares, utilizadas para la coordinaci\u00f3n del tr\u00e1fico de drogas. Incluso, en estos allanamientos, fueron decomisadas dos armas que utilizan postones.<\/p>\n<p style=\"font-weight: 400; text-align: justify;\"><strong>AUDIENCIA<\/strong><\/p>\n<p style=\"font-weight: 400; text-align: justify;\">En la audiencia de formalizaci\u00f3n de estos 7 imputados como coautores y encubridores de homicidio, adem\u00e1s de los casos de tr\u00e1fico y microtr\u00e1fico ya mencionados, la Fiscal\u00eda solicit\u00f3 su prisi\u00f3n preventiva, medida cautelar que fue acogida por el Juzgado de Garant\u00eda respecto de uno de uno de los sujetos, aplicando el arresto domiciliario total para el resto de los involucrados.<\/p>\n<p style=\"font-weight: 400; text-align: justify;\">Ante esta decisi\u00f3n, el Ministerio P\u00fablico apel\u00f3 y la causa ser\u00e1 vista por la Ilustr\u00edsima Corte de Apelaciones de Coyhaique, la cual resolver\u00e1 finalmente las medidas cautelares a aplicar contra los imputados.<\/p>\n<p style=\"font-weight: 400; text-align: justify;\">El juez Mario Devaud decret\u00f3 90 d\u00edas de plazo para el t\u00e9rmino de las diligencias de la Fiscal\u00eda y PDI, las cuales permitieron aclarar un importante caso de crimen organizado en la Regi\u00f3n de Ays\u00e9n.<\/p>\n<\/div><\/section><\/div><div  style='height:50px' class='hr hr-invisible   avia-builder-el-6  el_after_av_one_full  el_before_av_social_share '><span class='hr-inner ' ><span class='hr-inner-style'><\/span><\/span><\/div><\/p>\n<div  class='av-social-sharing-box  avia-builder-el-7  el_after_av_hr  el_before_av_hr  '><div class='av-share-box'><h5 class='av-share-link-description av-no-toc '>Compartir esta noticia<\/h5><ul class='av-share-box-list noLightbox'><li class='av-share-link av-social-link-facebook' ><a target=\"_blank\" aria-label=\"Compartir en Facebook\" href='https:\/\/www.facebook.com\/sharer.php?u=https:\/\/radiorevelacionfm.cl\/?p=36125&#038;t=Bandas%20rivales%20en%20Coyhaique%3A%20Formalizan%20a%207%20imputados%20como%20coautores%20y%20encubridores%20de%20homicidio' aria-hidden='false' data-av_icon='\ue8f3' data-av_iconfont='entypo-fontello' title='' data-avia-related-tooltip='Compartir en Facebook' rel=\"noopener\"><span class='avia_hidden_link_text'>Compartir en Facebook<\/span><\/a><\/li><li class='av-share-link av-social-link-twitter' ><a target=\"_blank\" aria-label=\"Compartir en Twitter\" href='https:\/\/twitter.com\/share?text=Bandas%20rivales%20en%20Coyhaique%3A%20Formalizan%20a%207%20imputados%20como%20coautores%20y%20encubridores%20de%20homicidio&#038;url=https:\/\/radiorevelacionfm.cl\/?p=36125' aria-hidden='false' data-av_icon='\ue8f1' data-av_iconfont='entypo-fontello' title='' data-avia-related-tooltip='Compartir en Twitter' rel=\"noopener\"><span class='avia_hidden_link_text'>Compartir en Twitter<\/span><\/a><\/li><li class='av-share-link av-social-link-whatsapp' ><a target=\"_blank\" aria-label=\"Compartir en Whatsapp\" href='https:\/\/api.whatsapp.com\/send?text=https:\/\/radiorevelacionfm.cl\/?p=36125' aria-hidden='false' data-av_icon='\uf232' data-av_iconfont='entypo-fontello' title='' data-avia-related-tooltip='Compartir en Whatsapp' rel=\"noopener\"><span class='avia_hidden_link_text'>Compartir en Whatsapp<\/span><\/a><\/li><li class='av-share-link av-social-link-linkedin' ><a target=\"_blank\" aria-label=\"Compartir en LinkedIn\" href='https:\/\/linkedin.com\/shareArticle?mini=true&#038;title=Bandas%20rivales%20en%20Coyhaique%3A%20Formalizan%20a%207%20imputados%20como%20coautores%20y%20encubridores%20de%20homicidio&#038;url=https:\/\/radiorevelacionfm.cl\/?p=36125' aria-hidden='false' data-av_icon='\ue8fc' data-av_iconfont='entypo-fontello' title='' data-avia-related-tooltip='Compartir en LinkedIn' rel=\"noopener\"><span class='avia_hidden_link_text'>Compartir en LinkedIn<\/span><\/a><\/li><li class='av-share-link av-social-link-mail' ><a  aria-label=\"Compartir por correo\" href='mailto:?subject=Bandas%20rivales%20en%20Coyhaique%3A%20Formalizan%20a%207%20imputados%20como%20coautores%20y%20encubridores%20de%20homicidio&#038;body=https:\/\/radiorevelacionfm.cl\/?p=36125' aria-hidden='false' data-av_icon='\ue805' data-av_iconfont='entypo-fontello' title='' data-avia-related-tooltip='Compartir por correo'><span class='avia_hidden_link_text'>Compartir por correo<\/span><\/a><\/li><\/ul><\/div><\/div>\n<div  style='height:50px' class='hr hr-invisible   avia-builder-el-8  el_after_av_social_share  el_before_av_comments_list '><span class='hr-inner ' ><span class='hr-inner-style'><\/span><\/span><\/div>\n<div  class='av-buildercomment  av-blog-meta-html-info-disabled av-blog-meta-tag-disabled  '><\/div>\n","protected":false},"excerpt":{"rendered":"","protected":false},"author":1,"featured_media":36126,"comment_status":"open","ping_status":"open","sticky":false,"template":"","format":"standard","meta":{"footnotes":""},"categories":[36],"tags":[],"class_list":["post-36125","post","type-post","status-publish","format-standard","has-post-thumbnail","hentry","category-policial"],"jetpack_featured_media_url":"https:\/\/radiorevelacionfm.cl\/wp-content\/uploads\/2023\/10\/20231020_123128-1-1.jpg","_links":{"self":[{"href":"https:\/\/radiorevelacionfm.cl\/index.php?rest_route=\/wp\/v2\/posts\/36125","targetHints":{"allow":["GET"]}}],"collection":[{"href":"https:\/\/radiorevelacionfm.cl\/index.php?rest_route=\/wp\/v2\/posts"}],"about":[{"href":"https:\/\/radiorevelacionfm.cl\/index.php?rest_route=\/wp\/v2\/types\/post"}],"author":[{"embeddable":true,"href":"https:\/\/radiorevelacionfm.cl\/index.php?rest_route=\/wp\/v2\/users\/1"}],"replies":[{"embeddable":true,"href":"https:\/\/radiorevelacionfm.cl\/index.php?rest_route=%2Fwp%2Fv2%2Fcomments&post=36125"}],"version-history":[{"count":1,"href":"https:\/\/radiorevelacionfm.cl\/index.php?rest_route=\/wp\/v2\/posts\/36125\/revisions"}],"predecessor-version":[{"id":36127,"href":"https:\/\/radiorevelacionfm.cl\/index.php?rest_route=\/wp\/v2\/posts\/36125\/revisions\/36127"}],"wp:featuredmedia":[{"embeddable":true,"href":"https:\/\/radiorevelacionfm.cl\/index.php?rest_route=\/wp\/v2\/media\/36126"}],"wp:attachment":[{"href":"https:\/\/radiorevelacionfm.cl\/index.php?rest_route=%2Fwp%2Fv2%2Fmedia&parent=36125"}],"wp:term":[{"taxonomy":"category","embeddable":true,"href":"https:\/\/radiorevelacionfm.cl\/index.php?rest_route=%2Fwp%2Fv2%2Fcategories&post=36125"},{"taxonomy":"post_tag","embeddable":true,"href":"https:\/\/radiorevelacionfm.cl\/index.php?rest_route=%2Fwp%2Fv2%2Ftags&post=36125"}],"curies":[{"name":"wp","href":"https:\/\/api.w.org\/{rel}","templated":true}]}}