{"id":36119,"date":"2023-10-20T22:49:45","date_gmt":"2023-10-21T01:49:45","guid":{"rendered":"https:\/\/radiorevelacionfm.cl\/?p=36119"},"modified":"2023-10-20T23:08:22","modified_gmt":"2023-10-21T02:08:22","slug":"en-menos-de-72-horas-fiscalia-y-pdi-logran-detencion-de-imputado-por-robo-con-intimidacion-en-local-comercial","status":"publish","type":"post","link":"https:\/\/radiorevelacionfm.cl\/?p=36119","title":{"rendered":"En menos de 72 horas Fiscal\u00eda y PDI logran detenci\u00f3n de imputado por robo con intimidaci\u00f3n en local comercial"},"content":{"rendered":"<div class=\"flex_column av_one_full  flex_column_div av-zero-column-padding first  avia-builder-el-0  el_before_av_one_full  avia-builder-el-first  \" style='border-radius:0px; '><div  class='avia-image-container  av-styling-    avia-builder-el-1  avia-builder-el-no-sibling  avia-align-center '  itemprop=\"image\" itemscope=\"itemscope\" itemtype=\"https:\/\/schema.org\/ImageObject\"  ><div class='avia-image-container-inner'><div class='avia-image-overlay-wrap'><img decoding=\"async\" class='wp-image-36123 avia-img-lazy-loading-not-36123 avia_image' src=\"https:\/\/radiorevelacionfm.cl\/wp-content\/uploads\/2023\/10\/evidencia-encontrada-en-domicilio-del-imputado-por-robo-con-intimidacion-en-local-comercial-de-coyhaique-1_optimized.jpg\" alt='' title='evidencia-encontrada-en-domicilio-del-imputado-por-robo-con-intimidaci\u00f3n-en-local-comercial-de-coyhaique-(1)_optimized' height=\"600\" width=\"800\"  itemprop=\"thumbnailUrl\" srcset=\"https:\/\/radiorevelacionfm.cl\/wp-content\/uploads\/2023\/10\/evidencia-encontrada-en-domicilio-del-imputado-por-robo-con-intimidacion-en-local-comercial-de-coyhaique-1_optimized.jpg 800w, https:\/\/radiorevelacionfm.cl\/wp-content\/uploads\/2023\/10\/evidencia-encontrada-en-domicilio-del-imputado-por-robo-con-intimidacion-en-local-comercial-de-coyhaique-1_optimized-300x225.jpg 300w, https:\/\/radiorevelacionfm.cl\/wp-content\/uploads\/2023\/10\/evidencia-encontrada-en-domicilio-del-imputado-por-robo-con-intimidacion-en-local-comercial-de-coyhaique-1_optimized-768x576.jpg 768w, https:\/\/radiorevelacionfm.cl\/wp-content\/uploads\/2023\/10\/evidencia-encontrada-en-domicilio-del-imputado-por-robo-con-intimidacion-en-local-comercial-de-coyhaique-1_optimized-705x529.jpg 705w, https:\/\/radiorevelacionfm.cl\/wp-content\/uploads\/2023\/10\/evidencia-encontrada-en-domicilio-del-imputado-por-robo-con-intimidacion-en-local-comercial-de-coyhaique-1_optimized-450x338.jpg 450w, https:\/\/radiorevelacionfm.cl\/wp-content\/uploads\/2023\/10\/evidencia-encontrada-en-domicilio-del-imputado-por-robo-con-intimidacion-en-local-comercial-de-coyhaique-1_optimized-600x450.jpg 600w\" sizes=\"(max-width: 800px) 100vw, 800px\" \/><\/div><\/div><\/div><\/div><div class=\"flex_column av_one_full  flex_column_div av-zero-column-padding first  avia-builder-el-2  el_after_av_one_full  el_before_av_one_full  column-top-margin\" style='border-radius:0px; '><section class=\"av_textblock_section \"  itemscope=\"itemscope\" itemtype=\"https:\/\/schema.org\/BlogPosting\" itemprop=\"blogPost\" ><div class='avia_textblock  '   itemprop=\"text\" ><p style=\"text-align: center;\"><span style=\"font-size: 18pt;\"><b><span lang=\"ES\">En menos de 72 horas Fiscal\u00eda y PDI logran detenci\u00f3n de imputado por robo con intimidaci\u00f3n en local comercial<\/span><\/b><\/span><\/p>\n<div id=\"gtx-trans\" style=\"position: absolute; left: -50px; top: 4.31534px;\">\n<div class=\"gtx-trans-icon\"><\/div>\n<\/div>\n<\/div><\/section><\/div><\/p>\n<div class=\"flex_column av_one_full  flex_column_div av-zero-column-padding first  avia-builder-el-4  el_after_av_one_full  el_before_av_hr  column-top-margin\" style='border-radius:0px; '><section class=\"av_textblock_section \"  itemscope=\"itemscope\" itemtype=\"https:\/\/schema.org\/BlogPosting\" itemprop=\"blogPost\" ><div class='avia_textblock  '   itemprop=\"text\" ><p style=\"font-weight: 400; text-align: justify;\">Como parte de una investigaci\u00f3n dirigida por el Ministerio P\u00fablico e intensas diligencias de la Brigada de Robos de la Polic\u00eda de Investigaciones, fue detenido y formalizado un imputado de 41 a\u00f1os, oriundo de Tom\u00e9, Regi\u00f3n del Biob\u00edo, como autor de los delitos de robo con intimidaci\u00f3n y hurto, el cual afect\u00f3 a un local comercial y a un ciudadano de Coyhaique. El hecho gener\u00f3 conmoci\u00f3n en la comunidad, sin embargo, fue aclarado gracias al trabajo conjunto de la Fiscal\u00eda, PDI y la propia comunidad que aport\u00f3 antecedentes para esclarecer los hechos.<\/p>\n<p style=\"font-weight: 400; text-align: justify;\">\u201cSe trata de hechos graves. Un delito de robo con intimidaci\u00f3n que, si bien es cierto, forman parte del d\u00eda a d\u00eda en el resto del pa\u00eds, en nuestra regi\u00f3n, en la Regi\u00f3n de Ays\u00e9n, estamos empecinados en que, cuando ocurran, reaccionemos de forma r\u00e1pida, oportuna y con la mano dura necesaria para prevenir estos delitos\u201d, expres\u00f3 el Fiscal Regional de Ays\u00e9n, Carlos Palma.<\/p>\n<p style=\"font-weight: 400; text-align: justify;\">PDI<\/p>\n<p style=\"font-weight: 400; text-align: justify;\">Por su parte el Subprefecto V\u00edctor Toledo, Jefe de la Brigada Investigadora de Robos Coyhaique, expres\u00f3 que \u201cpor instrucciones del Ministerio P\u00fablico, el pasado lunes 16 de octubre, concurrimos hasta calle Bilbao de la comuna de Coyhaique, lugar donde tomamos conocimiento de un robo con intimidaci\u00f3n que afect\u00f3 al local comercial, donde la dependiente dio cuenta del ingreso de dos sujetos desconocidos, quienes la intimidan y logran sustraer diferentes especies, entre ellas dinero en efectivo y otro tipo de mercader\u00eda\u201d.<\/p>\n<p style=\"font-weight: 400; text-align: justify;\">El jefe policial agreg\u00f3 que \u201ces a ra\u00edz de las primeras diligencias investigativas, que se logra identificar y posicionar a uno de los presuntos autores del delito en el sitio de suceso, antecedentes que fueron coordinados con el Ministerio P\u00fablico\u201d.<\/p>\n<p style=\"font-weight: 400; text-align: justify;\">El Subprefecto Toledo dijo que \u201cen el registro efectuado, se ubicaron diferentes especies asociadas a otros delitos, cuyas investigaciones est\u00e1n asociadas a esta brigada especializada y, adem\u00e1s, se ubicaron parte de las prendas de vestir que ocupaba uno de los presuntos autores del delito.<\/p>\n<p style=\"font-weight: 400; text-align: justify;\">V\u00edctor Toledo a\u00f1adi\u00f3 que la \u201cpersona detenida es apodada \u201cel argentino\u201d, antecedente relevante a la hora de lograr su identificaci\u00f3n con nuestra Oficina de An\u00e1lisis Criminal. Adem\u00e1s, mantiene amplios antecedentes por diferentes delitos, principalmente, contra la propiedad. Tambi\u00e9n registra tres \u00f3rdenes de detenci\u00f3n, siendo una de ellas por el delito de homicidio, hecho ocurrido en el a\u00f1o 2015 en la Regi\u00f3n del Biob\u00edo\u201d.<\/p>\n<p style=\"font-weight: 400; text-align: justify;\">HECHOS<\/p>\n<p style=\"font-weight: 400; text-align: justify;\">Seg\u00fan manifest\u00f3 en la audiencia de formalizaci\u00f3n el fiscal Ricardo Soto, de la Unidad de An\u00e1lisis Criminal y Focos Investigativos, Sacfi, el lunes 16 de octubre de 2023, alrededor de las 13:41 horas, el imputado y otro sujeto con su rostro cubierto, hicieron ingreso a un local comercial ubicado en calle Bilbao de Coyhaique.<\/p>\n<p style=\"font-weight: 400; text-align: justify;\">All\u00ed, el imputado se aproxim\u00f3 a la vendedora, la tom\u00f3 de sus brazos con el objeto de intimidarla y lograr la sustracci\u00f3n de las especies. En ese momento, le se\u00f1al\u00f3: \u201cEsto es un asalto, qu\u00e9date tranquila, no hagas se\u00f1ales a las c\u00e1maras y no te va a pasar nada si me entregas la plata\u201d, causando temor en la afectada, por lo que entreg\u00f3 80 mil pesos en efectivo al imputado desde la caja de recaudaci\u00f3n, quien a su vez se lo pas\u00f3 al sujeto que lo acompa\u00f1aba.<\/p>\n<p style=\"font-weight: 400; text-align: justify;\">Asimismo, el primer imputado sustrajo 12 cajetillas de cigarros, otros 20 mil pesos en monedas desde la caja de recaudaci\u00f3n y un tel\u00e9fono de propiedad de la v\u00edctima. Luego, adem\u00e1s de volver a intimidarla, huy\u00f3 del lugar en compa\u00f1\u00eda del otro sujeto con las especies en su poder. Este hecho fue calificado como robo con intimidaci\u00f3n por la Fiscal\u00eda, en base a las diligencias investigativas realizadas por la BIRO de la PDI.<\/p>\n<p style=\"font-weight: 400; text-align: justify;\">El mismo imputado del primer caso, fue formalizado por un segundo hecho, que corresponde a un hurto, ocurrido en agosto del a\u00f1o 2023. En dicha ocasi\u00f3n, el imputado fue contratado por la v\u00edctima para realizar trabajos de construcci\u00f3n en su domicilio de calle Ogana. En dicho contexto, el 19 de agosto de 2023, en horas de la tarde, el imputado sustrajo una motosierra y un martillo demoledor. El aval\u00fao de ambas especies supera el mill\u00f3n 300 mil pesos.<\/p>\n<p style=\"font-weight: 400; text-align: justify;\">PRISI\u00d3N PREVENTIVA<\/p>\n<p style=\"font-weight: 400; text-align: justify;\">En la audiencia, el Ministerio P\u00fablico solicit\u00f3 la prisi\u00f3n preventiva anticipada del imputado, quien registra una condena del a\u00f1o 2015 por el delito de homicidio. El Juzgado de Garant\u00eda acogi\u00f3 la medida cautelar y decret\u00f3 su ingreso al Complejo Penitenciario de Coyhaique.<\/p>\n<p style=\"font-weight: 400; text-align: justify;\">El plazo para el t\u00e9rmino de las diligencias de la Fiscal\u00eda y la Brigada de Robos de la PDI, fue fijado en 60 d\u00edas. El imputado fue derivado al Complejo Penitenciario de Coyhaique por personal de Gendarmer\u00eda.<\/p>\n<\/div><\/section><\/div>\n<div  style='height:50px' class='hr hr-invisible   avia-builder-el-6  el_after_av_one_full  el_before_av_social_share '><span class='hr-inner ' ><span class='hr-inner-style'><\/span><\/span><\/div>\n<div  class='av-social-sharing-box  avia-builder-el-7  el_after_av_hr  el_before_av_hr  '><div class='av-share-box'><h5 class='av-share-link-description av-no-toc '>Compartir esta noticia<\/h5><ul class='av-share-box-list noLightbox'><li class='av-share-link av-social-link-facebook' ><a target=\"_blank\" aria-label=\"Compartir en Facebook\" href='https:\/\/www.facebook.com\/sharer.php?u=https:\/\/radiorevelacionfm.cl\/?p=36119&#038;t=En%20menos%20de%2072%20horas%20Fiscal%C3%ADa%20y%20PDI%20logran%20detenci%C3%B3n%20de%20imputado%20por%20robo%20con%20intimidaci%C3%B3n%20en%20local%20comercial' aria-hidden='false' data-av_icon='\ue8f3' data-av_iconfont='entypo-fontello' title='' data-avia-related-tooltip='Compartir en Facebook' rel=\"noopener\"><span class='avia_hidden_link_text'>Compartir en Facebook<\/span><\/a><\/li><li class='av-share-link av-social-link-twitter' ><a target=\"_blank\" aria-label=\"Compartir en Twitter\" href='https:\/\/twitter.com\/share?text=En%20menos%20de%2072%20horas%20Fiscal%C3%ADa%20y%20PDI%20logran%20detenci%C3%B3n%20de%20imputado%20por%20robo%20con%20intimidaci%C3%B3n%20en%20local%20comercial&#038;url=https:\/\/radiorevelacionfm.cl\/?p=36119' aria-hidden='false' data-av_icon='\ue8f1' data-av_iconfont='entypo-fontello' title='' data-avia-related-tooltip='Compartir en Twitter' rel=\"noopener\"><span class='avia_hidden_link_text'>Compartir en Twitter<\/span><\/a><\/li><li class='av-share-link av-social-link-whatsapp' ><a target=\"_blank\" aria-label=\"Compartir en Whatsapp\" href='https:\/\/api.whatsapp.com\/send?text=https:\/\/radiorevelacionfm.cl\/?p=36119' aria-hidden='false' data-av_icon='\uf232' data-av_iconfont='entypo-fontello' title='' data-avia-related-tooltip='Compartir en Whatsapp' rel=\"noopener\"><span class='avia_hidden_link_text'>Compartir en Whatsapp<\/span><\/a><\/li><li class='av-share-link av-social-link-linkedin' ><a target=\"_blank\" aria-label=\"Compartir en LinkedIn\" href='https:\/\/linkedin.com\/shareArticle?mini=true&#038;title=En%20menos%20de%2072%20horas%20Fiscal%C3%ADa%20y%20PDI%20logran%20detenci%C3%B3n%20de%20imputado%20por%20robo%20con%20intimidaci%C3%B3n%20en%20local%20comercial&#038;url=https:\/\/radiorevelacionfm.cl\/?p=36119' aria-hidden='false' data-av_icon='\ue8fc' data-av_iconfont='entypo-fontello' title='' data-avia-related-tooltip='Compartir en LinkedIn' rel=\"noopener\"><span class='avia_hidden_link_text'>Compartir en LinkedIn<\/span><\/a><\/li><li class='av-share-link av-social-link-mail' ><a  aria-label=\"Compartir por correo\" href='mailto:?subject=En%20menos%20de%2072%20horas%20Fiscal%C3%ADa%20y%20PDI%20logran%20detenci%C3%B3n%20de%20imputado%20por%20robo%20con%20intimidaci%C3%B3n%20en%20local%20comercial&#038;body=https:\/\/radiorevelacionfm.cl\/?p=36119' aria-hidden='false' data-av_icon='\ue805' data-av_iconfont='entypo-fontello' title='' data-avia-related-tooltip='Compartir por correo'><span class='avia_hidden_link_text'>Compartir por correo<\/span><\/a><\/li><\/ul><\/div><\/div>\n<div  style='height:50px' class='hr hr-invisible   avia-builder-el-8  el_after_av_social_share  el_before_av_comments_list '><span class='hr-inner ' ><span class='hr-inner-style'><\/span><\/span><\/div>\n<div  class='av-buildercomment  av-blog-meta-html-info-disabled av-blog-meta-tag-disabled  '><\/div>\n","protected":false},"excerpt":{"rendered":"","protected":false},"author":1,"featured_media":36123,"comment_status":"open","ping_status":"open","sticky":false,"template":"","format":"standard","meta":{"footnotes":""},"categories":[36],"tags":[],"class_list":["post-36119","post","type-post","status-publish","format-standard","has-post-thumbnail","hentry","category-policial"],"jetpack_featured_media_url":"https:\/\/radiorevelacionfm.cl\/wp-content\/uploads\/2023\/10\/evidencia-encontrada-en-domicilio-del-imputado-por-robo-con-intimidacion-en-local-comercial-de-coyhaique-1_optimized.jpg","_links":{"self":[{"href":"https:\/\/radiorevelacionfm.cl\/index.php?rest_route=\/wp\/v2\/posts\/36119","targetHints":{"allow":["GET"]}}],"collection":[{"href":"https:\/\/radiorevelacionfm.cl\/index.php?rest_route=\/wp\/v2\/posts"}],"about":[{"href":"https:\/\/radiorevelacionfm.cl\/index.php?rest_route=\/wp\/v2\/types\/post"}],"author":[{"embeddable":true,"href":"https:\/\/radiorevelacionfm.cl\/index.php?rest_route=\/wp\/v2\/users\/1"}],"replies":[{"embeddable":true,"href":"https:\/\/radiorevelacionfm.cl\/index.php?rest_route=%2Fwp%2Fv2%2Fcomments&post=36119"}],"version-history":[{"count":2,"href":"https:\/\/radiorevelacionfm.cl\/index.php?rest_route=\/wp\/v2\/posts\/36119\/revisions"}],"predecessor-version":[{"id":36124,"href":"https:\/\/radiorevelacionfm.cl\/index.php?rest_route=\/wp\/v2\/posts\/36119\/revisions\/36124"}],"wp:featuredmedia":[{"embeddable":true,"href":"https:\/\/radiorevelacionfm.cl\/index.php?rest_route=\/wp\/v2\/media\/36123"}],"wp:attachment":[{"href":"https:\/\/radiorevelacionfm.cl\/index.php?rest_route=%2Fwp%2Fv2%2Fmedia&parent=36119"}],"wp:term":[{"taxonomy":"category","embeddable":true,"href":"https:\/\/radiorevelacionfm.cl\/index.php?rest_route=%2Fwp%2Fv2%2Fcategories&post=36119"},{"taxonomy":"post_tag","embeddable":true,"href":"https:\/\/radiorevelacionfm.cl\/index.php?rest_route=%2Fwp%2Fv2%2Ftags&post=36119"}],"curies":[{"name":"wp","href":"https:\/\/api.w.org\/{rel}","templated":true}]}}