{"id":36116,"date":"2023-10-20T23:13:30","date_gmt":"2023-10-21T02:13:30","guid":{"rendered":"https:\/\/radiorevelacionfm.cl\/?p=36116"},"modified":"2023-10-20T23:13:30","modified_gmt":"2023-10-21T02:13:30","slug":"forjadores-y-forjadoras-ambientales-celebran-su-dia-con-jornada-al-aire-libre","status":"publish","type":"post","link":"https:\/\/radiorevelacionfm.cl\/?p=36116","title":{"rendered":"Forjadores y forjadoras ambientales celebran su d\u00eda con jornada al aire libre"},"content":{"rendered":"<div class=\"flex_column av_one_full  flex_column_div av-zero-column-padding first  avia-builder-el-0  el_before_av_one_full  avia-builder-el-first  \" style='border-radius:0px; '><div  class='avia-image-container  av-styling-    avia-builder-el-1  avia-builder-el-no-sibling  avia-align-center '  itemprop=\"image\" itemscope=\"itemscope\" itemtype=\"https:\/\/schema.org\/ImageObject\"  ><div class='avia-image-container-inner'><div class='avia-image-overlay-wrap'><img decoding=\"async\" class='wp-image-36117 avia-img-lazy-loading-not-36117 avia_image' src=\"https:\/\/radiorevelacionfm.cl\/wp-content\/uploads\/2023\/10\/img_8992-1_optimized-1_optimized-1.jpg\" alt='' title='img_8992-(1)_optimized-(1)_optimized (1)' height=\"600\" width=\"1067\"  itemprop=\"thumbnailUrl\" srcset=\"https:\/\/radiorevelacionfm.cl\/wp-content\/uploads\/2023\/10\/img_8992-1_optimized-1_optimized-1.jpg 1067w, https:\/\/radiorevelacionfm.cl\/wp-content\/uploads\/2023\/10\/img_8992-1_optimized-1_optimized-1-300x169.jpg 300w, https:\/\/radiorevelacionfm.cl\/wp-content\/uploads\/2023\/10\/img_8992-1_optimized-1_optimized-1-1030x579.jpg 1030w, https:\/\/radiorevelacionfm.cl\/wp-content\/uploads\/2023\/10\/img_8992-1_optimized-1_optimized-1-768x432.jpg 768w, https:\/\/radiorevelacionfm.cl\/wp-content\/uploads\/2023\/10\/img_8992-1_optimized-1_optimized-1-705x396.jpg 705w, https:\/\/radiorevelacionfm.cl\/wp-content\/uploads\/2023\/10\/img_8992-1_optimized-1_optimized-1-450x253.jpg 450w, https:\/\/radiorevelacionfm.cl\/wp-content\/uploads\/2023\/10\/img_8992-1_optimized-1_optimized-1-600x337.jpg 600w\" sizes=\"(max-width: 1067px) 100vw, 1067px\" \/><\/div><\/div><\/div><\/div><div class=\"flex_column av_one_full  flex_column_div av-zero-column-padding first  avia-builder-el-2  el_after_av_one_full  el_before_av_one_full  column-top-margin\" style='border-radius:0px; '><section class=\"av_textblock_section \"  itemscope=\"itemscope\" itemtype=\"https:\/\/schema.org\/BlogPosting\" itemprop=\"blogPost\" ><div class='avia_textblock  '   itemprop=\"text\" ><p style=\"text-align: center;\"><span style=\"font-size: 18pt;\"><strong>Forjadores y forjadoras ambientales celebran su d\u00eda con jornada al aire libre<\/strong><\/span><\/p>\n<div id=\"gtx-trans\" style=\"position: absolute; left: -50px; top: 4.31534px;\">\n<div class=\"gtx-trans-icon\"><\/div>\n<\/div>\n<\/div><\/section><\/div><div class=\"flex_column av_one_full  flex_column_div av-zero-column-padding first  avia-builder-el-4  el_after_av_one_full  el_before_av_hr  column-top-margin\" style='border-radius:0px; '><section class=\"av_textblock_section \"  itemscope=\"itemscope\" itemtype=\"https:\/\/schema.org\/BlogPosting\" itemprop=\"blogPost\" ><div class='avia_textblock  '   itemprop=\"text\" ><p style=\"text-align: justify;\">Cada 18 de octubre se conmemora el d\u00eda del Forjador y Forjadora Ambiental, oportunidad en que se relevan los valores de estos ni\u00f1os, ni\u00f1as y j\u00f3venes, que desde sus diversos grupos han trabajado por la protecci\u00f3n del Medioambiente. En la regi\u00f3n de Ays\u00e9n, la conmemoraci\u00f3n se realiz\u00f3 mediante una jornada al aire libre, donde grupos de forjadores y forjadoras de los colegios Alianza Austral, Mater Dei y Altamira, visitaron la Reserva Nacional R\u00edo Simpson, acompa\u00f1ados de sus profesores y profesoras, y los Seremis del Medio Ambiente y Agricultura.<\/p>\n<p style=\"text-align: justify;\">\u201cEstamos compartiendo con distintos establecimientos, con los funcionarios de CONAF, del Ministerio Medio Ambiente, con el Seremi Agricultura, aprovechando tambi\u00e9n de resaltar la importancia que tiene la educaci\u00f3n ambiental para poder avanzar en la preservaci\u00f3n de la biodiversidad, en el cuidado y c\u00f3mo nosotros podemos aportar con algunas acciones. El rol de la educaci\u00f3n ambiental a trav\u00e9s de lo que hacen los forjadores, nos permite avanzar como Gobierno y tambi\u00e9n todo lo que vamos implementando desde el Ministerio de Ambiente\u201d, se\u00f1al\u00f3 el Seremi de Medio Ambiente, Yoal D\u00edaz, felicitando a todos los forjadores y forjadoras en su d\u00eda.<\/p>\n<p style=\"text-align: justify;\">As\u00ed tambi\u00e9n el Seremi de Agricultura, Alan Espinoza, salud\u00f3 a las y los j\u00f3venes, resaltando su rol protag\u00f3nico en las soluciones ambientales \u201cLos ni\u00f1os y las ni\u00f1as son agentes de cambio, son tremendos actores, muy relevantes. Por eso la educaci\u00f3n ambiental que estamos haciendo en conjunto con el Ministerio de Ambiente viene a ratificar el c\u00f3mo cuidamos nuestro ecosistema, c\u00f3mo cuidamos nuestro espacios. En nuestra regi\u00f3n parte importante de su territorio son \u00e1reas silvestres protegidas y por eso es responsabilidad de todos y todas, su cuidado. Por eso queremos hacer es un llamado a que estemos atentos si vemos humo, vemos alguna condici\u00f3n informar a las autoridades correspondientes\u201d.<\/p>\n<p style=\"text-align: justify;\">La jornada cont\u00f3 con tres rutas y m\u00f3dulos de aprendizaje, considerando el reconocimiento de especies nativas en flora y fauna; la visita al centro educativo; y la experiencia \u201cBosque con Lupa\u201d que seg\u00fan profesional de CONAF a cargo del recorrido, Joaqu\u00edn Bonilla, es una experiencia maravillosa \u201cEstamos acostumbrados a entrar a las reservas y mirar hacia arriba, a los \u00e1rboles, las copas, pero el bosque con lupa nos enfoca en el sotobosque, abajo, donde est\u00e1n los l\u00edquenes, los hongos, todo eso que es un bosque completamente diferente\u201d, recalc\u00f3 el profesional de CONAF.<\/p>\n<p style=\"text-align: justify;\">De acuerdo estuvo el Forjador Ambiental del colegio Altamira, Franco Rubio quien manifest\u00f3 \u201caprendimos a ver las plantas, que hay bichitos y se ve la naturaleza bella, es bella la naturaleza\u201d, as\u00ed tambi\u00e9n la Forjadora Ambiental del colegio Alianza Austral, Ruth Leal destac\u00f3 la jornada al aire libre \u201ccomo que conectamos con la naturaleza, pudimos tocar las texturas, podemos aprender nuevos aromas, podemos hacer de todo ac\u00e1\u201d.<\/p>\n<p style=\"text-align: justify;\">Los profesores y profesoras tambi\u00e9n agradecieron la actividad que aporta al curr\u00edculo educativo, as\u00ed lo destac\u00f3 el profesor Hugo Pacheco quien acompa\u00f1\u00f3 en la actividad a un grupo de 7 forjadoras y forjadores del colegio Mater Dei \u201cla posibilidad de poder venir a este paseo cient\u00edfico y de clases en terreno es algo inolvidable y para ellos muy significativo\u201d.<\/p>\n<p style=\"text-align: justify;\">En Chile los Forjadores ambientales existen desde el a\u00f1o 1999 y nacieron bajo el alero de la campa\u00f1a \u201cChile, yo te cuido\u201d, impulsada por la Comisi\u00f3n Nacional del Medio Ambiente (CONAMA), instituci\u00f3n antecesora al Ministerio del Medio Ambiente. Funcionan como grupos autoconvocados y gestionados que buscan promover y fomentar la co-responsabilidad ciudadana en la soluci\u00f3n de los problemas ambientales. Los Forjadores se han organizado de preferencia en centros educativos pertenecientes al Sistema Nacional de Certificaci\u00f3n Ambiental de Establecimientos Educacionales (SNCAE), pero tambi\u00e9n existen organizaciones de scouts, grupos de universitarios, grupos vecinales y clubes de adultos mayores. En Ays\u00e9n, contamos con 32 grupos inscritos y desplegados por toda la regi\u00f3n.<\/p>\n<\/div><\/section><\/div><div  style='height:50px' class='hr hr-invisible   avia-builder-el-6  el_after_av_one_full  el_before_av_social_share '><span class='hr-inner ' ><span class='hr-inner-style'><\/span><\/span><\/div><\/p>\n<div  class='av-social-sharing-box  avia-builder-el-7  el_after_av_hr  el_before_av_hr  '><div class='av-share-box'><h5 class='av-share-link-description av-no-toc '>Compartir esta noticia<\/h5><ul class='av-share-box-list noLightbox'><li class='av-share-link av-social-link-facebook' ><a target=\"_blank\" aria-label=\"Compartir en Facebook\" href='https:\/\/www.facebook.com\/sharer.php?u=https:\/\/radiorevelacionfm.cl\/?p=36116&#038;t=Forjadores%20y%20forjadoras%20ambientales%20celebran%20su%20d%C3%ADa%20con%20jornada%20al%20aire%20libre' aria-hidden='false' data-av_icon='\ue8f3' data-av_iconfont='entypo-fontello' title='' data-avia-related-tooltip='Compartir en Facebook' rel=\"noopener\"><span class='avia_hidden_link_text'>Compartir en Facebook<\/span><\/a><\/li><li class='av-share-link av-social-link-twitter' ><a target=\"_blank\" aria-label=\"Compartir en Twitter\" href='https:\/\/twitter.com\/share?text=Forjadores%20y%20forjadoras%20ambientales%20celebran%20su%20d%C3%ADa%20con%20jornada%20al%20aire%20libre&#038;url=https:\/\/radiorevelacionfm.cl\/?p=36116' aria-hidden='false' data-av_icon='\ue8f1' data-av_iconfont='entypo-fontello' title='' data-avia-related-tooltip='Compartir en Twitter' rel=\"noopener\"><span class='avia_hidden_link_text'>Compartir en Twitter<\/span><\/a><\/li><li class='av-share-link av-social-link-whatsapp' ><a target=\"_blank\" aria-label=\"Compartir en Whatsapp\" href='https:\/\/api.whatsapp.com\/send?text=https:\/\/radiorevelacionfm.cl\/?p=36116' aria-hidden='false' data-av_icon='\uf232' data-av_iconfont='entypo-fontello' title='' data-avia-related-tooltip='Compartir en Whatsapp' rel=\"noopener\"><span class='avia_hidden_link_text'>Compartir en Whatsapp<\/span><\/a><\/li><li class='av-share-link av-social-link-linkedin' ><a target=\"_blank\" aria-label=\"Compartir en LinkedIn\" href='https:\/\/linkedin.com\/shareArticle?mini=true&#038;title=Forjadores%20y%20forjadoras%20ambientales%20celebran%20su%20d%C3%ADa%20con%20jornada%20al%20aire%20libre&#038;url=https:\/\/radiorevelacionfm.cl\/?p=36116' aria-hidden='false' data-av_icon='\ue8fc' data-av_iconfont='entypo-fontello' title='' data-avia-related-tooltip='Compartir en LinkedIn' rel=\"noopener\"><span class='avia_hidden_link_text'>Compartir en LinkedIn<\/span><\/a><\/li><li class='av-share-link av-social-link-mail' ><a  aria-label=\"Compartir por correo\" href='mailto:?subject=Forjadores%20y%20forjadoras%20ambientales%20celebran%20su%20d%C3%ADa%20con%20jornada%20al%20aire%20libre&#038;body=https:\/\/radiorevelacionfm.cl\/?p=36116' aria-hidden='false' data-av_icon='\ue805' data-av_iconfont='entypo-fontello' title='' data-avia-related-tooltip='Compartir por correo'><span class='avia_hidden_link_text'>Compartir por correo<\/span><\/a><\/li><\/ul><\/div><\/div>\n<div  style='height:50px' class='hr hr-invisible   avia-builder-el-8  el_after_av_social_share  el_before_av_comments_list '><span class='hr-inner ' ><span class='hr-inner-style'><\/span><\/span><\/div>\n<div  class='av-buildercomment  av-blog-meta-html-info-disabled av-blog-meta-tag-disabled  '><\/div>\n","protected":false},"excerpt":{"rendered":"","protected":false},"author":1,"featured_media":36117,"comment_status":"open","ping_status":"open","sticky":false,"template":"","format":"standard","meta":{"footnotes":""},"categories":[39],"tags":[],"class_list":["post-36116","post","type-post","status-publish","format-standard","has-post-thumbnail","hentry","category-medio-ambiente"],"jetpack_featured_media_url":"https:\/\/radiorevelacionfm.cl\/wp-content\/uploads\/2023\/10\/img_8992-1_optimized-1_optimized-1.jpg","_links":{"self":[{"href":"https:\/\/radiorevelacionfm.cl\/index.php?rest_route=\/wp\/v2\/posts\/36116","targetHints":{"allow":["GET"]}}],"collection":[{"href":"https:\/\/radiorevelacionfm.cl\/index.php?rest_route=\/wp\/v2\/posts"}],"about":[{"href":"https:\/\/radiorevelacionfm.cl\/index.php?rest_route=\/wp\/v2\/types\/post"}],"author":[{"embeddable":true,"href":"https:\/\/radiorevelacionfm.cl\/index.php?rest_route=\/wp\/v2\/users\/1"}],"replies":[{"embeddable":true,"href":"https:\/\/radiorevelacionfm.cl\/index.php?rest_route=%2Fwp%2Fv2%2Fcomments&post=36116"}],"version-history":[{"count":1,"href":"https:\/\/radiorevelacionfm.cl\/index.php?rest_route=\/wp\/v2\/posts\/36116\/revisions"}],"predecessor-version":[{"id":36118,"href":"https:\/\/radiorevelacionfm.cl\/index.php?rest_route=\/wp\/v2\/posts\/36116\/revisions\/36118"}],"wp:featuredmedia":[{"embeddable":true,"href":"https:\/\/radiorevelacionfm.cl\/index.php?rest_route=\/wp\/v2\/media\/36117"}],"wp:attachment":[{"href":"https:\/\/radiorevelacionfm.cl\/index.php?rest_route=%2Fwp%2Fv2%2Fmedia&parent=36116"}],"wp:term":[{"taxonomy":"category","embeddable":true,"href":"https:\/\/radiorevelacionfm.cl\/index.php?rest_route=%2Fwp%2Fv2%2Fcategories&post=36116"},{"taxonomy":"post_tag","embeddable":true,"href":"https:\/\/radiorevelacionfm.cl\/index.php?rest_route=%2Fwp%2Fv2%2Ftags&post=36116"}],"curies":[{"name":"wp","href":"https:\/\/api.w.org\/{rel}","templated":true}]}}