{"id":36109,"date":"2023-10-20T22:03:09","date_gmt":"2023-10-21T01:03:09","guid":{"rendered":"https:\/\/radiorevelacionfm.cl\/?p=36109"},"modified":"2023-10-20T22:10:04","modified_gmt":"2023-10-21T01:10:04","slug":"iniciativa-solidaria-de-odontomed-permitio-generar-apoyo-economico-para-vecina-con-constantes-anegamientos-en-su-vivienda","status":"publish","type":"post","link":"https:\/\/radiorevelacionfm.cl\/?p=36109","title":{"rendered":"Iniciativa solidaria de OdontoMed permiti\u00f3 generar apoyo econ\u00f3mico para vecina con constantes anegamientos en su vivienda"},"content":{"rendered":"<div class=\"flex_column av_one_full  flex_column_div av-zero-column-padding first  avia-builder-el-0  el_before_av_one_full  avia-builder-el-first  \" style='border-radius:0px; '><div  class='avia-image-container  av-styling-    avia-builder-el-1  avia-builder-el-no-sibling  avia-align-center '  itemprop=\"image\" itemscope=\"itemscope\" itemtype=\"https:\/\/schema.org\/ImageObject\"  ><div class='avia-image-container-inner'><div class='avia-image-overlay-wrap'><img decoding=\"async\" class='wp-image-36110 avia-img-lazy-loading-not-36110 avia_image' src=\"https:\/\/radiorevelacionfm.cl\/wp-content\/uploads\/2023\/10\/Img-cajaabiertaodontomed-1-1.jpeg\" alt='' title='Img-cajaabiertaodontomed (1) (1)' height=\"600\" width=\"800\"  itemprop=\"thumbnailUrl\" srcset=\"https:\/\/radiorevelacionfm.cl\/wp-content\/uploads\/2023\/10\/Img-cajaabiertaodontomed-1-1.jpeg 800w, https:\/\/radiorevelacionfm.cl\/wp-content\/uploads\/2023\/10\/Img-cajaabiertaodontomed-1-1-300x225.jpeg 300w, https:\/\/radiorevelacionfm.cl\/wp-content\/uploads\/2023\/10\/Img-cajaabiertaodontomed-1-1-768x576.jpeg 768w, https:\/\/radiorevelacionfm.cl\/wp-content\/uploads\/2023\/10\/Img-cajaabiertaodontomed-1-1-705x529.jpeg 705w, https:\/\/radiorevelacionfm.cl\/wp-content\/uploads\/2023\/10\/Img-cajaabiertaodontomed-1-1-450x338.jpeg 450w, https:\/\/radiorevelacionfm.cl\/wp-content\/uploads\/2023\/10\/Img-cajaabiertaodontomed-1-1-600x450.jpeg 600w\" sizes=\"(max-width: 800px) 100vw, 800px\" \/><\/div><\/div><\/div><\/div>\n<div class=\"flex_column av_one_full  flex_column_div av-zero-column-padding first  avia-builder-el-2  el_after_av_one_full  el_before_av_one_full  column-top-margin\" style='border-radius:0px; '><section class=\"av_textblock_section \"  itemscope=\"itemscope\" itemtype=\"https:\/\/schema.org\/BlogPosting\" itemprop=\"blogPost\" ><div class='avia_textblock  '   itemprop=\"text\" ><p style=\"text-align: center;\"><strong><span style=\"font-size: 18pt;\">Iniciativa solidaria de OdontoMed permiti\u00f3 generar apoyo econ\u00f3mico para vecina con constantes anegamientos en su vivienda<\/span><\/strong><\/p>\n<div id=\"gtx-trans\" style=\"position: absolute; left: -50px; top: 4.31534px;\">\n<div class=\"gtx-trans-icon\"><\/div>\n<\/div>\n<\/div><\/section><\/div>\n<div class=\"flex_column av_one_full  flex_column_div av-zero-column-padding first  avia-builder-el-4  el_after_av_one_full  el_before_av_hr  column-top-margin\" style='border-radius:0px; '><section class=\"av_textblock_section \"  itemscope=\"itemscope\" itemtype=\"https:\/\/schema.org\/BlogPosting\" itemprop=\"blogPost\" ><div class='avia_textblock  '   itemprop=\"text\" ><p style=\"text-align: justify;\"><em>La beneficiaria agradeci\u00f3 la colaboraci\u00f3n de los habitantes de la comuna porte\u00f1a en la cruzada solidaria.<\/em><\/p>\n<p style=\"text-align: justify;\">Ciento treinta y cinco mil pesos fueron recaudados tras la iniciativa \u201cCaja abierta\u201d del Centro M\u00e9dico y Odontol\u00f3gico, OdontoMed. Una acci\u00f3n solidaria que, en su cuarta edici\u00f3n, a trav\u00e9s de limpiezas dentales a bajo costo permiti\u00f3 entregar un aporte monetario a una vecina de Coyhaique. Las atenciones se efectuaron en el reconocido establecimiento aysenino con una alta adhesi\u00f3n de vecinos y vecinas. Si bien el monto recaudado constituye un aporte, la cofundadora del espacio cl\u00ednico, Dra. Milenka Adofacci Zamora, realiz\u00f3 un llamado para unir distintas voluntades p\u00fablica y privada que permitan a la familia recuperar los enseres perdidos por los anegamientos de su anterior vivienda.<\/p>\n<p style=\"text-align: justify;\">Sobre el desarrollo de la actividad, el administrador y cofundador, Cole David, agradeci\u00f3 a los habitantes de Puerto Ays\u00e9n que acudieron a la jornada solidaria efectuada desde las 09:00 hasta las 14:00 horas y con ello, expres\u00f3 su gratitud al poder efectuar instancia de este tipo en la comuna porte\u00f1a.<\/p>\n<p style=\"text-align: justify;\">Mientras que, la Dra. Milenka Adofacci Zamora, quien tambi\u00e9n comparte la fundaci\u00f3n de este Centro m\u00e9dico explic\u00f3 que \u201clogramos recaudar con dos dentistas trabajando la cantidad de 135.000 pesos. Redujimos en un n\u00famero importante tambi\u00e9n las limpiezas, que normalmente est\u00e1n alrededor de los $40.000 pesos. Por esta oportunidad, estuvieron a $10.000 pesos, porque el objetivo ac\u00e1 era tratar de tener un alto flujo y poder llegar a una cifra que pudiera aportar de alguna manera, porque nunca es suficiente, a la situaci\u00f3n que est\u00e1 pasando en este pa\u00eds.\u201d.<\/p>\n<p style=\"text-align: justify;\">A rengl\u00f3n seguido, la cirujana dentista, formul\u00f3 un llamado a las autoridades para complementar los aportes en favor de Estefani Ojeda, a quien se destin\u00f3 la acci\u00f3n solidaria \u201cun llamado al Ministerio de Desarrollo Social, al Ministerio de la Mujer, a la Municipalidad de Coyhaique y tambi\u00e9n a los emprendedores, porque no, que puedan ayudar en aportar a que esta familia pueda seguir adelante\u2026 y cualquier vecino de Coyhaique tambi\u00e9n, que quiera acercarse y hacer su aporte, ser\u00e1 muy valorado por Estefani y su familia\u201d.<\/p>\n<p style=\"text-align: justify;\">En tanto, la beneficiaria de la iniciativa, Estefani Ojeda, abord\u00f3 lo acontecido recientemente donde la mayor\u00eda de sus muebles y art\u00edculos del hogar quedaron inservibles tras las inundaciones de su vivienda. \u201cHoy d\u00eda la se\u00f1ora doctora Milenka me entreg\u00f3 la ayuda recaudada con la colaboraci\u00f3n de los vecinos de Ays\u00e9n que igual se agradece\u201d. Ojeda, adem\u00e1s explic\u00f3 que esto se juntar\u00e1 para poder comprar los enseres necesarios y coment\u00f3 que gracias a un subsidio cuenta con una nueva vivienda temporal.<\/p>\n<p style=\"text-align: justify;\">Una de las participantes de esta cruzada solidaria fue Mar\u00eda Jos\u00e9 Gonz\u00e1lez, quien destac\u00f3 el car\u00e1cter solidario que posee OdontoMed para ir en ayuda de una vecina de Coyhaique, \u201cy aparte que tambi\u00e9n es una ayuda para nosotros como pacientes, de poder acceder, en este caso, a la limpieza, que es s\u00faper necesaria y aparte s\u00faper econ\u00f3mica. As\u00ed es que creo que es una ayuda para ambas partes. Se agradece al Centro que puedan prestar estas acciones sociales y en beneficio para nosotros como pacientes igual\u201d.<\/p>\n<p style=\"text-align: justify;\">Finalmente, Romanet Rojas, quien tambi\u00e9n accedi\u00f3 a las limpiezas dentales ofertadas para ir en ayuda de la familia coyhaiquina coment\u00f3 que tras enterarse en los medios de la situaci\u00f3n agend\u00f3 r\u00e1pidamente una hora de atenci\u00f3n pues, posee distintas intervenciones maxilofaciales por lo que, la limpieza a bajo costo era una muy buena alternativa. \u201cAs\u00ed mat\u00f3 dos p\u00e1jaros de un tiro, cumplo con mi control anual y adem\u00e1s colaboramos con una causa. As\u00ed es que por eso vine. No conoc\u00eda la cl\u00ednica en realidad, as\u00ed que sirvi\u00f3 para eso tambi\u00e9n, bastante buena la atenci\u00f3n cercana, me fui con un diagn\u00f3stico adem\u00e1s de c\u00f3mo est\u00e1 el estado de mi dentadura y de mi salud bucal, as\u00ed que fue 10 de 10\u201d, sentenci\u00f3 Rojas.<\/p>\n<\/div><\/section><\/div><div  style='height:50px' class='hr hr-invisible   avia-builder-el-6  el_after_av_one_full  el_before_av_social_share '><span class='hr-inner ' ><span class='hr-inner-style'><\/span><\/span><\/div><\/p>\n<div  class='av-social-sharing-box  avia-builder-el-7  el_after_av_hr  el_before_av_hr  '><div class='av-share-box'><h5 class='av-share-link-description av-no-toc '>Compartir esta noticia<\/h5><ul class='av-share-box-list noLightbox'><li class='av-share-link av-social-link-facebook' ><a target=\"_blank\" aria-label=\"Compartir en Facebook\" href='https:\/\/www.facebook.com\/sharer.php?u=https:\/\/radiorevelacionfm.cl\/?p=36109&#038;t=Iniciativa%20solidaria%20de%20OdontoMed%20permiti%C3%B3%20generar%20apoyo%20econ%C3%B3mico%20para%20vecina%20con%20constantes%20anegamientos%20en%20su%20vivienda' aria-hidden='false' data-av_icon='\ue8f3' data-av_iconfont='entypo-fontello' title='' data-avia-related-tooltip='Compartir en Facebook' rel=\"noopener\"><span class='avia_hidden_link_text'>Compartir en Facebook<\/span><\/a><\/li><li class='av-share-link av-social-link-twitter' ><a target=\"_blank\" aria-label=\"Compartir en Twitter\" href='https:\/\/twitter.com\/share?text=Iniciativa%20solidaria%20de%20OdontoMed%20permiti%C3%B3%20generar%20apoyo%20econ%C3%B3mico%20para%20vecina%20con%20constantes%20anegamientos%20en%20su%20vivienda&#038;url=https:\/\/radiorevelacionfm.cl\/?p=36109' aria-hidden='false' data-av_icon='\ue8f1' data-av_iconfont='entypo-fontello' title='' data-avia-related-tooltip='Compartir en Twitter' rel=\"noopener\"><span class='avia_hidden_link_text'>Compartir en Twitter<\/span><\/a><\/li><li class='av-share-link av-social-link-whatsapp' ><a target=\"_blank\" aria-label=\"Compartir en Whatsapp\" href='https:\/\/api.whatsapp.com\/send?text=https:\/\/radiorevelacionfm.cl\/?p=36109' aria-hidden='false' data-av_icon='\uf232' data-av_iconfont='entypo-fontello' title='' data-avia-related-tooltip='Compartir en Whatsapp' rel=\"noopener\"><span class='avia_hidden_link_text'>Compartir en Whatsapp<\/span><\/a><\/li><li class='av-share-link av-social-link-linkedin' ><a target=\"_blank\" aria-label=\"Compartir en LinkedIn\" href='https:\/\/linkedin.com\/shareArticle?mini=true&#038;title=Iniciativa%20solidaria%20de%20OdontoMed%20permiti%C3%B3%20generar%20apoyo%20econ%C3%B3mico%20para%20vecina%20con%20constantes%20anegamientos%20en%20su%20vivienda&#038;url=https:\/\/radiorevelacionfm.cl\/?p=36109' aria-hidden='false' data-av_icon='\ue8fc' data-av_iconfont='entypo-fontello' title='' data-avia-related-tooltip='Compartir en LinkedIn' rel=\"noopener\"><span class='avia_hidden_link_text'>Compartir en LinkedIn<\/span><\/a><\/li><li class='av-share-link av-social-link-mail' ><a  aria-label=\"Compartir por correo\" href='mailto:?subject=Iniciativa%20solidaria%20de%20OdontoMed%20permiti%C3%B3%20generar%20apoyo%20econ%C3%B3mico%20para%20vecina%20con%20constantes%20anegamientos%20en%20su%20vivienda&#038;body=https:\/\/radiorevelacionfm.cl\/?p=36109' aria-hidden='false' data-av_icon='\ue805' data-av_iconfont='entypo-fontello' title='' data-avia-related-tooltip='Compartir por correo'><span class='avia_hidden_link_text'>Compartir por correo<\/span><\/a><\/li><\/ul><\/div><\/div>\n<div  style='height:50px' class='hr hr-invisible   avia-builder-el-8  el_after_av_social_share  el_before_av_comments_list '><span class='hr-inner ' ><span class='hr-inner-style'><\/span><\/span><\/div>\n<div  class='av-buildercomment  av-blog-meta-html-info-disabled av-blog-meta-tag-disabled  '><\/div>\n","protected":false},"excerpt":{"rendered":"","protected":false},"author":1,"featured_media":36110,"comment_status":"open","ping_status":"open","sticky":false,"template":"","format":"standard","meta":{"footnotes":""},"categories":[38],"tags":[],"class_list":["post-36109","post","type-post","status-publish","format-standard","has-post-thumbnail","hentry","category-regional"],"jetpack_featured_media_url":"https:\/\/radiorevelacionfm.cl\/wp-content\/uploads\/2023\/10\/Img-cajaabiertaodontomed-1-1.jpeg","_links":{"self":[{"href":"https:\/\/radiorevelacionfm.cl\/index.php?rest_route=\/wp\/v2\/posts\/36109","targetHints":{"allow":["GET"]}}],"collection":[{"href":"https:\/\/radiorevelacionfm.cl\/index.php?rest_route=\/wp\/v2\/posts"}],"about":[{"href":"https:\/\/radiorevelacionfm.cl\/index.php?rest_route=\/wp\/v2\/types\/post"}],"author":[{"embeddable":true,"href":"https:\/\/radiorevelacionfm.cl\/index.php?rest_route=\/wp\/v2\/users\/1"}],"replies":[{"embeddable":true,"href":"https:\/\/radiorevelacionfm.cl\/index.php?rest_route=%2Fwp%2Fv2%2Fcomments&post=36109"}],"version-history":[{"count":2,"href":"https:\/\/radiorevelacionfm.cl\/index.php?rest_route=\/wp\/v2\/posts\/36109\/revisions"}],"predecessor-version":[{"id":36112,"href":"https:\/\/radiorevelacionfm.cl\/index.php?rest_route=\/wp\/v2\/posts\/36109\/revisions\/36112"}],"wp:featuredmedia":[{"embeddable":true,"href":"https:\/\/radiorevelacionfm.cl\/index.php?rest_route=\/wp\/v2\/media\/36110"}],"wp:attachment":[{"href":"https:\/\/radiorevelacionfm.cl\/index.php?rest_route=%2Fwp%2Fv2%2Fmedia&parent=36109"}],"wp:term":[{"taxonomy":"category","embeddable":true,"href":"https:\/\/radiorevelacionfm.cl\/index.php?rest_route=%2Fwp%2Fv2%2Fcategories&post=36109"},{"taxonomy":"post_tag","embeddable":true,"href":"https:\/\/radiorevelacionfm.cl\/index.php?rest_route=%2Fwp%2Fv2%2Ftags&post=36109"}],"curies":[{"name":"wp","href":"https:\/\/api.w.org\/{rel}","templated":true}]}}