{"id":36105,"date":"2023-10-20T21:30:37","date_gmt":"2023-10-21T00:30:37","guid":{"rendered":"https:\/\/radiorevelacionfm.cl\/?p=36105"},"modified":"2023-10-20T21:30:37","modified_gmt":"2023-10-21T00:30:37","slug":"cuerpo-militar-del-trabajo-instalo-puente-modular-sobre-el-rio-caceres","status":"publish","type":"post","link":"https:\/\/radiorevelacionfm.cl\/?p=36105","title":{"rendered":"Cuerpo Militar del Trabajo instal\u00f3 puente modular sobre el R\u00edo C\u00e1ceres"},"content":{"rendered":"<div class=\"flex_column av_one_full  flex_column_div av-zero-column-padding first  avia-builder-el-0  el_before_av_one_full  avia-builder-el-first  \" style='border-radius:0px; '><div  class='avia-image-container  av-styling-    avia-builder-el-1  avia-builder-el-no-sibling  avia-align-center '  itemprop=\"image\" itemscope=\"itemscope\" itemtype=\"https:\/\/schema.org\/ImageObject\"  ><div class='avia-image-container-inner'><div class='avia-image-overlay-wrap'><img decoding=\"async\" class='wp-image-36107 avia-img-lazy-loading-not-36107 avia_image' src=\"https:\/\/radiorevelacionfm.cl\/wp-content\/uploads\/2023\/10\/WhatsApp-Image-2023-10-20-at-11.01.08-1.jpeg\" alt='' title='WhatsApp Image 2023-10-20 at 11.01.08 (1)' height=\"600\" width=\"900\"  itemprop=\"thumbnailUrl\" srcset=\"https:\/\/radiorevelacionfm.cl\/wp-content\/uploads\/2023\/10\/WhatsApp-Image-2023-10-20-at-11.01.08-1.jpeg 900w, https:\/\/radiorevelacionfm.cl\/wp-content\/uploads\/2023\/10\/WhatsApp-Image-2023-10-20-at-11.01.08-1-300x200.jpeg 300w, https:\/\/radiorevelacionfm.cl\/wp-content\/uploads\/2023\/10\/WhatsApp-Image-2023-10-20-at-11.01.08-1-768x512.jpeg 768w, https:\/\/radiorevelacionfm.cl\/wp-content\/uploads\/2023\/10\/WhatsApp-Image-2023-10-20-at-11.01.08-1-705x470.jpeg 705w, https:\/\/radiorevelacionfm.cl\/wp-content\/uploads\/2023\/10\/WhatsApp-Image-2023-10-20-at-11.01.08-1-450x300.jpeg 450w, https:\/\/radiorevelacionfm.cl\/wp-content\/uploads\/2023\/10\/WhatsApp-Image-2023-10-20-at-11.01.08-1-600x400.jpeg 600w\" sizes=\"(max-width: 900px) 100vw, 900px\" \/><\/div><\/div><\/div><\/div><div class=\"flex_column av_one_full  flex_column_div av-zero-column-padding first  avia-builder-el-2  el_after_av_one_full  el_before_av_one_full  column-top-margin\" style='border-radius:0px; '><section class=\"av_textblock_section \"  itemscope=\"itemscope\" itemtype=\"https:\/\/schema.org\/BlogPosting\" itemprop=\"blogPost\" ><div class='avia_textblock  '   itemprop=\"text\" ><p style=\"text-align: center;\"><span style=\"font-size: 18pt;\"><strong>Cuerpo Militar del Trabajo instal\u00f3 puente modular sobre el R\u00edo C\u00e1ceres<\/strong><\/span><\/p>\n<div id=\"gtx-trans\" style=\"position: absolute; left: -50px; top: 4.31534px;\">\n<div class=\"gtx-trans-icon\"><\/div>\n<\/div>\n<\/div><\/section><\/div><div class=\"flex_column av_one_full  flex_column_div av-zero-column-padding first  avia-builder-el-4  el_after_av_one_full  el_before_av_hr  column-top-margin\" style='border-radius:0px; '><section class=\"av_textblock_section \"  itemscope=\"itemscope\" itemtype=\"https:\/\/schema.org\/BlogPosting\" itemprop=\"blogPost\" ><div class='avia_textblock  '   itemprop=\"text\" ><p style=\"text-align: justify;\">Actualmente los habitantes para trasladarse entre lago Verde y La Tapera, deben recorrer alrededor de 327 km entre ambas localidades, teniendo que trasladarse a trav\u00e9s de la ruta 7. El nuevo proyecto de la Subjefatura Zonal del Cuerpo Militar del Trabajo (CMT) \u201cCoyhaique\u201d y el Ministerio de Obras P\u00fablicas (MOP) considera la construcci\u00f3n de 79,162 km, ahorr\u00e1ndose un tiempo de alrededor de 2 horas, para beneficio de los lugare\u00f1os de la zona en la Regi\u00f3n de Ays\u00e9n y a trav\u00e9s de una v\u00eda segura, incorporando nuevos sectores al \u00e1mbito tur\u00edstico de la regi\u00f3n, generando un nuevo circuito vial, como alternativa a la ruta 7.<\/p>\n<p style=\"text-align: justify;\">Es as\u00ed como, la Subjefatura Zonal del Cuerpo Militar del Trabajo (CMT) \u201cCoyhaique\u201d instal\u00f3 un Puente Modular sobre el R\u00edo C\u00e1ceres, que mejorar\u00e1 la conectividad y calidad de vida de los habitantes de \u00a0las localidades de Lago Verde y Villa La Tapera, en la Regi\u00f3n de Ays\u00e9n. La estructura met\u00e1lica tiene 60 metros de largo y de acuerdo a los programas de trabajo aprobados por el MOP, corresponde a un convenio construcci\u00f3n conexi\u00f3n vial Lago Verde\u2013 La Tapera, I etapa, tramo km 67,162 \u2013 79,162.<\/p>\n<p style=\"text-align: justify;\">Esta obra forma parte de la construcci\u00f3n de un camino transversal a la ruta 7 (Carretera Longitudinal Austral) considerado su inicio desde la localidad de La Tapera hacia el poblado Lago Verde, esta \u00faltima localidad alberga a la Municipalidad Comunal.<\/p>\n<p style=\"text-align: justify;\">Cabe destacar finalmente, que el Cuerpo Militar del Trabajo, durante su historia en la regi\u00f3n, ha construido desde 1982 a la fecha, un total de 1.370 Km de caminos, siendo el trabajo de mayor importancia y lo m\u00e1s destacable, los trabajos de la ruta 7, integrando pueblos y localidades como Cerro Castillo, Murta, Puerto Tranquilo, Cochrane, Villa O\u00b4Higgins, Caleta Tortel y otros asentamientos en la actualidad como Lago Verde y La Tapera, permitiendo con ello el crecimiento de la regi\u00f3n y aportar a la soberan\u00eda efectiva.<\/p>\n<\/div><\/section><\/div><div  style='height:50px' class='hr hr-invisible   avia-builder-el-6  el_after_av_one_full  el_before_av_social_share '><span class='hr-inner ' ><span class='hr-inner-style'><\/span><\/span><\/div><\/p>\n<div  class='av-social-sharing-box  avia-builder-el-7  el_after_av_hr  el_before_av_hr  '><div class='av-share-box'><h5 class='av-share-link-description av-no-toc '>Compartir esta noticia<\/h5><ul class='av-share-box-list noLightbox'><li class='av-share-link av-social-link-facebook' ><a target=\"_blank\" aria-label=\"Compartir en Facebook\" href='https:\/\/www.facebook.com\/sharer.php?u=https:\/\/radiorevelacionfm.cl\/?p=36105&#038;t=Cuerpo%20Militar%20del%20Trabajo%20instal%C3%B3%20puente%20modular%20sobre%20el%20R%C3%ADo%20C%C3%A1ceres' aria-hidden='false' data-av_icon='\ue8f3' data-av_iconfont='entypo-fontello' title='' data-avia-related-tooltip='Compartir en Facebook' rel=\"noopener\"><span class='avia_hidden_link_text'>Compartir en Facebook<\/span><\/a><\/li><li class='av-share-link av-social-link-twitter' ><a target=\"_blank\" aria-label=\"Compartir en Twitter\" href='https:\/\/twitter.com\/share?text=Cuerpo%20Militar%20del%20Trabajo%20instal%C3%B3%20puente%20modular%20sobre%20el%20R%C3%ADo%20C%C3%A1ceres&#038;url=https:\/\/radiorevelacionfm.cl\/?p=36105' aria-hidden='false' data-av_icon='\ue8f1' data-av_iconfont='entypo-fontello' title='' data-avia-related-tooltip='Compartir en Twitter' rel=\"noopener\"><span class='avia_hidden_link_text'>Compartir en Twitter<\/span><\/a><\/li><li class='av-share-link av-social-link-whatsapp' ><a target=\"_blank\" aria-label=\"Compartir en Whatsapp\" href='https:\/\/api.whatsapp.com\/send?text=https:\/\/radiorevelacionfm.cl\/?p=36105' aria-hidden='false' data-av_icon='\uf232' data-av_iconfont='entypo-fontello' title='' data-avia-related-tooltip='Compartir en Whatsapp' rel=\"noopener\"><span class='avia_hidden_link_text'>Compartir en Whatsapp<\/span><\/a><\/li><li class='av-share-link av-social-link-linkedin' ><a target=\"_blank\" aria-label=\"Compartir en LinkedIn\" href='https:\/\/linkedin.com\/shareArticle?mini=true&#038;title=Cuerpo%20Militar%20del%20Trabajo%20instal%C3%B3%20puente%20modular%20sobre%20el%20R%C3%ADo%20C%C3%A1ceres&#038;url=https:\/\/radiorevelacionfm.cl\/?p=36105' aria-hidden='false' data-av_icon='\ue8fc' data-av_iconfont='entypo-fontello' title='' data-avia-related-tooltip='Compartir en LinkedIn' rel=\"noopener\"><span class='avia_hidden_link_text'>Compartir en LinkedIn<\/span><\/a><\/li><li class='av-share-link av-social-link-mail' ><a  aria-label=\"Compartir por correo\" href='mailto:?subject=Cuerpo%20Militar%20del%20Trabajo%20instal%C3%B3%20puente%20modular%20sobre%20el%20R%C3%ADo%20C%C3%A1ceres&#038;body=https:\/\/radiorevelacionfm.cl\/?p=36105' aria-hidden='false' data-av_icon='\ue805' data-av_iconfont='entypo-fontello' title='' data-avia-related-tooltip='Compartir por correo'><span class='avia_hidden_link_text'>Compartir por correo<\/span><\/a><\/li><\/ul><\/div><\/div>\n<div  style='height:50px' class='hr hr-invisible   avia-builder-el-8  el_after_av_social_share  el_before_av_comments_list '><span class='hr-inner ' ><span class='hr-inner-style'><\/span><\/span><\/div>\n<div  class='av-buildercomment  av-blog-meta-html-info-disabled av-blog-meta-tag-disabled  '><\/div>\n","protected":false},"excerpt":{"rendered":"","protected":false},"author":1,"featured_media":36107,"comment_status":"open","ping_status":"open","sticky":false,"template":"","format":"standard","meta":{"footnotes":""},"categories":[38],"tags":[],"class_list":["post-36105","post","type-post","status-publish","format-standard","has-post-thumbnail","hentry","category-regional"],"jetpack_featured_media_url":"https:\/\/radiorevelacionfm.cl\/wp-content\/uploads\/2023\/10\/WhatsApp-Image-2023-10-20-at-11.01.08-1.jpeg","_links":{"self":[{"href":"https:\/\/radiorevelacionfm.cl\/index.php?rest_route=\/wp\/v2\/posts\/36105","targetHints":{"allow":["GET"]}}],"collection":[{"href":"https:\/\/radiorevelacionfm.cl\/index.php?rest_route=\/wp\/v2\/posts"}],"about":[{"href":"https:\/\/radiorevelacionfm.cl\/index.php?rest_route=\/wp\/v2\/types\/post"}],"author":[{"embeddable":true,"href":"https:\/\/radiorevelacionfm.cl\/index.php?rest_route=\/wp\/v2\/users\/1"}],"replies":[{"embeddable":true,"href":"https:\/\/radiorevelacionfm.cl\/index.php?rest_route=%2Fwp%2Fv2%2Fcomments&post=36105"}],"version-history":[{"count":1,"href":"https:\/\/radiorevelacionfm.cl\/index.php?rest_route=\/wp\/v2\/posts\/36105\/revisions"}],"predecessor-version":[{"id":36108,"href":"https:\/\/radiorevelacionfm.cl\/index.php?rest_route=\/wp\/v2\/posts\/36105\/revisions\/36108"}],"wp:featuredmedia":[{"embeddable":true,"href":"https:\/\/radiorevelacionfm.cl\/index.php?rest_route=\/wp\/v2\/media\/36107"}],"wp:attachment":[{"href":"https:\/\/radiorevelacionfm.cl\/index.php?rest_route=%2Fwp%2Fv2%2Fmedia&parent=36105"}],"wp:term":[{"taxonomy":"category","embeddable":true,"href":"https:\/\/radiorevelacionfm.cl\/index.php?rest_route=%2Fwp%2Fv2%2Fcategories&post=36105"},{"taxonomy":"post_tag","embeddable":true,"href":"https:\/\/radiorevelacionfm.cl\/index.php?rest_route=%2Fwp%2Fv2%2Ftags&post=36105"}],"curies":[{"name":"wp","href":"https:\/\/api.w.org\/{rel}","templated":true}]}}