{"id":36102,"date":"2023-10-20T09:40:39","date_gmt":"2023-10-20T12:40:39","guid":{"rendered":"https:\/\/radiorevelacionfm.cl\/?p=36102"},"modified":"2023-10-20T09:40:39","modified_gmt":"2023-10-20T12:40:39","slug":"ponen-en-marcha-construccion-del-primer-centro-comunitario-de-cuidados-de-la-region-en-puerto-aysen","status":"publish","type":"post","link":"https:\/\/radiorevelacionfm.cl\/?p=36102","title":{"rendered":"Ponen en marcha construcci\u00f3n del primer Centro Comunitario de Cuidados de la regi\u00f3n, en Puerto Ays\u00e9n"},"content":{"rendered":"<div class=\"flex_column av_one_full  flex_column_div av-zero-column-padding first  avia-builder-el-0  el_before_av_one_full  avia-builder-el-first  \" style='border-radius:0px; '><div  class='avia-image-container  av-styling-    avia-builder-el-1  avia-builder-el-no-sibling  avia-align-center '  itemprop=\"image\" itemscope=\"itemscope\" itemtype=\"https:\/\/schema.org\/ImageObject\"  ><div class='avia-image-container-inner'><div class='avia-image-overlay-wrap'><img decoding=\"async\" class='wp-image-36103 avia-img-lazy-loading-not-36103 avia_image' src=\"https:\/\/radiorevelacionfm.cl\/wp-content\/uploads\/2023\/10\/vecina-de-barrio-la-balsa-en-colocacion-de-primera-piedra-del-centro-de-cuidados-de-pueto-aysen-1_optimized-1.jpg\" alt='' title='vecina-de-barrio-la-balsa-en-colocaci\u00f3n-de-primera-piedra-del-centro-de-cuidados-de-pueto-ays\u00e9n-(1)_optimized (1)' height=\"600\" width=\"900\"  itemprop=\"thumbnailUrl\" srcset=\"https:\/\/radiorevelacionfm.cl\/wp-content\/uploads\/2023\/10\/vecina-de-barrio-la-balsa-en-colocacion-de-primera-piedra-del-centro-de-cuidados-de-pueto-aysen-1_optimized-1.jpg 900w, https:\/\/radiorevelacionfm.cl\/wp-content\/uploads\/2023\/10\/vecina-de-barrio-la-balsa-en-colocacion-de-primera-piedra-del-centro-de-cuidados-de-pueto-aysen-1_optimized-1-300x200.jpg 300w, https:\/\/radiorevelacionfm.cl\/wp-content\/uploads\/2023\/10\/vecina-de-barrio-la-balsa-en-colocacion-de-primera-piedra-del-centro-de-cuidados-de-pueto-aysen-1_optimized-1-768x512.jpg 768w, https:\/\/radiorevelacionfm.cl\/wp-content\/uploads\/2023\/10\/vecina-de-barrio-la-balsa-en-colocacion-de-primera-piedra-del-centro-de-cuidados-de-pueto-aysen-1_optimized-1-705x470.jpg 705w, https:\/\/radiorevelacionfm.cl\/wp-content\/uploads\/2023\/10\/vecina-de-barrio-la-balsa-en-colocacion-de-primera-piedra-del-centro-de-cuidados-de-pueto-aysen-1_optimized-1-450x300.jpg 450w, https:\/\/radiorevelacionfm.cl\/wp-content\/uploads\/2023\/10\/vecina-de-barrio-la-balsa-en-colocacion-de-primera-piedra-del-centro-de-cuidados-de-pueto-aysen-1_optimized-1-600x400.jpg 600w\" sizes=\"(max-width: 900px) 100vw, 900px\" \/><\/div><\/div><\/div><\/div><div class=\"flex_column av_one_full  flex_column_div av-zero-column-padding first  avia-builder-el-2  el_after_av_one_full  el_before_av_one_full  column-top-margin\" style='border-radius:0px; '><section class=\"av_textblock_section \"  itemscope=\"itemscope\" itemtype=\"https:\/\/schema.org\/BlogPosting\" itemprop=\"blogPost\" ><div class='avia_textblock  '   itemprop=\"text\" ><p style=\"text-align: center;\"><strong><span style=\"font-size: 18pt;\">Ponen en marcha construcci\u00f3n del primer Centro Comunitario de Cuidados de la regi\u00f3n, en Puerto Ays\u00e9n<\/span><\/strong><\/p>\n<div id=\"gtx-trans\" style=\"position: absolute; left: -50px; top: 4.31534px;\">\n<div class=\"gtx-trans-icon\"><\/div>\n<\/div>\n<\/div><\/section><\/div><div class=\"flex_column av_one_full  flex_column_div av-zero-column-padding first  avia-builder-el-4  el_after_av_one_full  el_before_av_hr  column-top-margin\" style='border-radius:0px; '><section class=\"av_textblock_section \"  itemscope=\"itemscope\" itemtype=\"https:\/\/schema.org\/BlogPosting\" itemprop=\"blogPost\" ><div class='avia_textblock  '   itemprop=\"text\" ><p style=\"text-align: justify;\">Con una entusiasta participaci\u00f3n de los vecinos del barrio hist\u00f3rico La Balsa de Puerto Ays\u00e9n, la tarde del mi\u00e9rcoles se dio la partida oficial a la construcci\u00f3n de lo que ser\u00e1 el edificio que albergar\u00e1 el primer Centro de Cuidado y Protecci\u00f3n de la regi\u00f3n de Ays\u00e9n.<\/p>\n<p style=\"text-align: justify;\">La ceremonia de colocaci\u00f3n de la primera piedra del emblem\u00e1tico edificio estuvo encabezada por la Subsecretaria de Vivienda y Urbanismo, Gabriela Elgueta Poblete, quien cumpli\u00f3 una visita de dos d\u00edas a la regi\u00f3n, adem\u00e1s de autoridades regionales, locales, dirigentes y vecinos.<\/p>\n<p style=\"text-align: justify;\">Los centros comunitarios de cuidados y protecci\u00f3n son espacios multiprop\u00f3sito que permiten promover el fortalecimiento y apoyo comunitario.\u00a0 A trav\u00e9s de ellos se dar\u00e1 respuesta a los intereses y necesidades de cada territorio para brindar a las personas, a las familias, y a las comunidades locales espacios de encuentro y de cuidado colectivo.<\/p>\n<p style=\"text-align: justify;\">Tal como detall\u00f3 la Subsecretaria de Vivienda, Gabriela Elgueta, esta obra de gran impacto social marca un hito relevante en los avances concretos por mejorar la convivencia y la vida dentro de nuestras ciudades. \u201cEste proyecto responde a una pol\u00edtica que se est\u00e1 impulsando desde el Gobierno del Presidente Gabriel Boric, que es un Sistema Nacional de Cuidados y lo que busca justamente es distribuir esta corresponsabilidad entre los hogares, el Estado y tambi\u00e9n las comunidades y en este contexto el Minvu est\u00e1 colaborando en la construcci\u00f3n de estos equipamientos en zonas bien localizadas, que permitan tambi\u00e9n que las personas que cuidan y las personas dependientes, como ni\u00f1os, ni\u00f1as, adultos mayores, personas con discapacidad, puedan tener un lugar donde encontrarse, donde capacitarse, donde tener redes de apoyo y sobre todo encontrar la oferta p\u00fablica tanto de los niveles nacionales como locales\u201d, precis\u00f3.<\/p>\n<p style=\"text-align: justify;\">El futuro edificio se construye en la calle Arturo Prat, cerca del centro de la ciudad, e implica una inversi\u00f3n que supera los 300 millones de pesos, cerca de 280 provenientes del programa Hogar Mejor del Minvu y el resto de fondos de la Municipalidad, que adem\u00e1s contrat\u00f3 a la empresa y cedi\u00f3 el terreno para la construcci\u00f3n del inmueble.<\/p>\n<p style=\"text-align: justify;\">En ese contexto el Alcalde de Ays\u00e9n, Julio Uribe, valor\u00f3 este gran adelanto para la comunidad local y regional. \u201cCreo que es algo muy especial, es el primer centro en la regi\u00f3n y que ha estado esperando este barrio La Balsa por bastante tiempo. Este terreno lo adquiri\u00f3 el Municipio a trav\u00e9s de Bienes Nacionales, apoyo que agradecemos y hoy empezar estas obras para que en los pr\u00f3ximos meses ya podamos dar trabajo a nuestras familias, ya que eso tambi\u00e9n es algo muy virtuoso que traen en estos proyectos, ya que se dinamiza la econom\u00eda de una ciudad. As\u00ed que por todos lados es muy bueno que esto exista, siempre con el apoyo de nuestra Seremi de Vivienda, ya que la cantidad de recursos que ha entregado el ministerio a nuestra comuna es muy importante\u201d, afirm\u00f3.<\/p>\n<p style=\"text-align: justify;\">De igual forma el Delegado Presidencial Regional, Rodrigo Araya, calific\u00f3 como un orgullo para la regi\u00f3n contar con un espacio de este tipo, sobre todo cuando se unen voluntades y trabajo para cumplir sue\u00f1os que van en directo beneficio de la comunidad no solo local sino regional. \u00a0En ese contexto indic\u00f3 que deben sentirse orgullosos porque muy pronto contar\u00e1n con un centro que es un hermoso ejemplo para el resto de la regi\u00f3n, por lo tanto, es un adelanto que deber\u00e1n cuidar y aprovechar de la mejor manera posible. Para ello, dijo, estar\u00e1n como siempre entregando su apoyo en este y los desaf\u00edos que vengan a futuro, pensando siempre en una mejor calidad de vida para toda la comunidad.<\/p>\n<p style=\"text-align: justify;\">Por otra parte, la Seremi de Vivienda, Paulina Ruz, record\u00f3 que adem\u00e1s del \u201cPlan de Emergencia Habitacional\u201d desde el Minvu se impulsa la estrategia denominada \u201cPlan Ciudades Justas\u201d, donde una de sus principales l\u00edneas de acci\u00f3n es justamente la Agenda de g\u00e9nero y territorio de los cuidados. \u201cProyectar como plan piloto el primer Centro de cuidados y protecci\u00f3n de la regi\u00f3n de Ays\u00e9n y que este se encuentre emplazado en un barrio hist\u00f3rico como La Balsa es tremendamente significativo para nuestro Ministerio en la regi\u00f3n. Dentro de lo que conlleva el Plan de Emergencia Habitacional y lo que es la pol\u00edtica del Plan Ciudades Justas tambi\u00e9n se encuentra el territorio de los cuidados y es ah\u00ed donde como Ministerio queremos estar presente ejerciendo un rol activo en mejoras de la calidad de vida de la gente, pensando en este caso en cuidadores y personas que se encuentran al cuidado de otras para que tengan un espacio no solo de acompa\u00f1amiento sino que tambi\u00e9n recreacional, educacional y tambi\u00e9n para poder y fomentar m\u00e1s el desarrollo del tejido social\u201d, manifest\u00f3.<\/p>\n<p style=\"text-align: justify;\">El Presidente del Consejo Vecinal de Desarrollo del Barrio La Balsa de Puerto Ays\u00e9n, Camilo Fontanilla, valor\u00f3 el trabajo conjunto de varios sectores para cumplir este antiguo sue\u00f1o de la comunidad. \u201cLa verdad es hoy vemos materializados los anhelos y sue\u00f1os de los vecinos gracias al respaldo del Gobierno. Es importante recordar que esto viene del 2020 y hoy se materializa para responder a las necesidades que presenta Ays\u00e9n. Lo que queremos como vecinos es contar con espacios, agradecemos mucho el respaldo que el Gobierno ha presentado en esta materia y este espacio puntual de gesti\u00f3n del cuidado permitir\u00e1 tambi\u00e9n hacer una intervenci\u00f3n potente en un barrio que es fundacional para la comuna de Ays\u00e9n, pero tambi\u00e9n incluye una gran cantidad de adultos mayores y personas con movilidad reducida, as\u00ed que ser\u00e1 de una contribuci\u00f3n enorme\u201d, se\u00f1al\u00f3.<\/p>\n<p style=\"text-align: justify;\">El primer centro de cuidado y protecci\u00f3n regional tendr\u00e1 una superficie de 183 metros cuadrados y su construcci\u00f3n estar\u00e1 a cargo de la empresa de Cesar Bahamonde, con un plazo de ejecuci\u00f3n de 10 meses que se extender\u00e1 hasta agosto del pr\u00f3ximo a\u00f1o.<\/p>\n<\/div><\/section><\/div><div  style='height:50px' class='hr hr-invisible   avia-builder-el-6  el_after_av_one_full  el_before_av_social_share '><span class='hr-inner ' ><span class='hr-inner-style'><\/span><\/span><\/div><\/p>\n<div  class='av-social-sharing-box  avia-builder-el-7  el_after_av_hr  el_before_av_hr  '><div class='av-share-box'><h5 class='av-share-link-description av-no-toc '>Compartir esta noticia<\/h5><ul class='av-share-box-list noLightbox'><li class='av-share-link av-social-link-facebook' ><a target=\"_blank\" aria-label=\"Compartir en Facebook\" href='https:\/\/www.facebook.com\/sharer.php?u=https:\/\/radiorevelacionfm.cl\/?p=36102&#038;t=Ponen%20en%20marcha%20construcci%C3%B3n%20del%20primer%20Centro%20Comunitario%20de%20Cuidados%20de%20la%20regi%C3%B3n%2C%20en%20Puerto%20Ays%C3%A9n' aria-hidden='false' data-av_icon='\ue8f3' data-av_iconfont='entypo-fontello' title='' data-avia-related-tooltip='Compartir en Facebook' rel=\"noopener\"><span class='avia_hidden_link_text'>Compartir en Facebook<\/span><\/a><\/li><li class='av-share-link av-social-link-twitter' ><a target=\"_blank\" aria-label=\"Compartir en Twitter\" href='https:\/\/twitter.com\/share?text=Ponen%20en%20marcha%20construcci%C3%B3n%20del%20primer%20Centro%20Comunitario%20de%20Cuidados%20de%20la%20regi%C3%B3n%2C%20en%20Puerto%20Ays%C3%A9n&#038;url=https:\/\/radiorevelacionfm.cl\/?p=36102' aria-hidden='false' data-av_icon='\ue8f1' data-av_iconfont='entypo-fontello' title='' data-avia-related-tooltip='Compartir en Twitter' rel=\"noopener\"><span class='avia_hidden_link_text'>Compartir en Twitter<\/span><\/a><\/li><li class='av-share-link av-social-link-whatsapp' ><a target=\"_blank\" aria-label=\"Compartir en Whatsapp\" href='https:\/\/api.whatsapp.com\/send?text=https:\/\/radiorevelacionfm.cl\/?p=36102' aria-hidden='false' data-av_icon='\uf232' data-av_iconfont='entypo-fontello' title='' data-avia-related-tooltip='Compartir en Whatsapp' rel=\"noopener\"><span class='avia_hidden_link_text'>Compartir en Whatsapp<\/span><\/a><\/li><li class='av-share-link av-social-link-linkedin' ><a target=\"_blank\" aria-label=\"Compartir en LinkedIn\" href='https:\/\/linkedin.com\/shareArticle?mini=true&#038;title=Ponen%20en%20marcha%20construcci%C3%B3n%20del%20primer%20Centro%20Comunitario%20de%20Cuidados%20de%20la%20regi%C3%B3n%2C%20en%20Puerto%20Ays%C3%A9n&#038;url=https:\/\/radiorevelacionfm.cl\/?p=36102' aria-hidden='false' data-av_icon='\ue8fc' data-av_iconfont='entypo-fontello' title='' data-avia-related-tooltip='Compartir en LinkedIn' rel=\"noopener\"><span class='avia_hidden_link_text'>Compartir en LinkedIn<\/span><\/a><\/li><li class='av-share-link av-social-link-mail' ><a  aria-label=\"Compartir por correo\" href='mailto:?subject=Ponen%20en%20marcha%20construcci%C3%B3n%20del%20primer%20Centro%20Comunitario%20de%20Cuidados%20de%20la%20regi%C3%B3n%2C%20en%20Puerto%20Ays%C3%A9n&#038;body=https:\/\/radiorevelacionfm.cl\/?p=36102' aria-hidden='false' data-av_icon='\ue805' data-av_iconfont='entypo-fontello' title='' data-avia-related-tooltip='Compartir por correo'><span class='avia_hidden_link_text'>Compartir por correo<\/span><\/a><\/li><\/ul><\/div><\/div>\n<div  style='height:50px' class='hr hr-invisible   avia-builder-el-8  el_after_av_social_share  el_before_av_comments_list '><span class='hr-inner ' ><span class='hr-inner-style'><\/span><\/span><\/div>\n<div  class='av-buildercomment  av-blog-meta-html-info-disabled av-blog-meta-tag-disabled  '><\/div>\n","protected":false},"excerpt":{"rendered":"","protected":false},"author":1,"featured_media":36103,"comment_status":"open","ping_status":"open","sticky":false,"template":"","format":"standard","meta":{"footnotes":""},"categories":[38],"tags":[],"class_list":["post-36102","post","type-post","status-publish","format-standard","has-post-thumbnail","hentry","category-regional"],"jetpack_featured_media_url":"https:\/\/radiorevelacionfm.cl\/wp-content\/uploads\/2023\/10\/vecina-de-barrio-la-balsa-en-colocacion-de-primera-piedra-del-centro-de-cuidados-de-pueto-aysen-1_optimized-1.jpg","_links":{"self":[{"href":"https:\/\/radiorevelacionfm.cl\/index.php?rest_route=\/wp\/v2\/posts\/36102","targetHints":{"allow":["GET"]}}],"collection":[{"href":"https:\/\/radiorevelacionfm.cl\/index.php?rest_route=\/wp\/v2\/posts"}],"about":[{"href":"https:\/\/radiorevelacionfm.cl\/index.php?rest_route=\/wp\/v2\/types\/post"}],"author":[{"embeddable":true,"href":"https:\/\/radiorevelacionfm.cl\/index.php?rest_route=\/wp\/v2\/users\/1"}],"replies":[{"embeddable":true,"href":"https:\/\/radiorevelacionfm.cl\/index.php?rest_route=%2Fwp%2Fv2%2Fcomments&post=36102"}],"version-history":[{"count":1,"href":"https:\/\/radiorevelacionfm.cl\/index.php?rest_route=\/wp\/v2\/posts\/36102\/revisions"}],"predecessor-version":[{"id":36104,"href":"https:\/\/radiorevelacionfm.cl\/index.php?rest_route=\/wp\/v2\/posts\/36102\/revisions\/36104"}],"wp:featuredmedia":[{"embeddable":true,"href":"https:\/\/radiorevelacionfm.cl\/index.php?rest_route=\/wp\/v2\/media\/36103"}],"wp:attachment":[{"href":"https:\/\/radiorevelacionfm.cl\/index.php?rest_route=%2Fwp%2Fv2%2Fmedia&parent=36102"}],"wp:term":[{"taxonomy":"category","embeddable":true,"href":"https:\/\/radiorevelacionfm.cl\/index.php?rest_route=%2Fwp%2Fv2%2Fcategories&post=36102"},{"taxonomy":"post_tag","embeddable":true,"href":"https:\/\/radiorevelacionfm.cl\/index.php?rest_route=%2Fwp%2Fv2%2Ftags&post=36102"}],"curies":[{"name":"wp","href":"https:\/\/api.w.org\/{rel}","templated":true}]}}