{"id":36098,"date":"2023-10-23T10:27:42","date_gmt":"2023-10-23T13:27:42","guid":{"rendered":"https:\/\/radiorevelacionfm.cl\/?p=36098"},"modified":"2023-10-23T10:27:42","modified_gmt":"2023-10-23T13:27:42","slug":"invitan-a-colaborar-en-campana-patagonia-ponte-las-pilas-hasta-el-30-de-noviembre","status":"publish","type":"post","link":"https:\/\/radiorevelacionfm.cl\/?p=36098","title":{"rendered":"Invitan a colaborar en Campa\u00f1a \u201cPatagonia Ponte las Pilas\u201d hasta el 30 de noviembre"},"content":{"rendered":"<div class=\"flex_column av_one_full  flex_column_div av-zero-column-padding first  avia-builder-el-0  el_before_av_one_full  avia-builder-el-first  \" style='border-radius:0px; '><div  class='avia-image-container  av-styling-    avia-builder-el-1  avia-builder-el-no-sibling  avia-align-center '  itemprop=\"image\" itemscope=\"itemscope\" itemtype=\"https:\/\/schema.org\/ImageObject\"  ><div class='avia-image-container-inner'><div class='avia-image-overlay-wrap'><img decoding=\"async\" class='wp-image-36099 avia-img-lazy-loading-not-36099 avia_image' src=\"https:\/\/radiorevelacionfm.cl\/wp-content\/uploads\/2023\/10\/patagonia-pilas0-1_optimized.jpeg\" alt='' title='patagonia-pilas0-(1)_optimized' height=\"600\" width=\"800\"  itemprop=\"thumbnailUrl\" srcset=\"https:\/\/radiorevelacionfm.cl\/wp-content\/uploads\/2023\/10\/patagonia-pilas0-1_optimized.jpeg 800w, https:\/\/radiorevelacionfm.cl\/wp-content\/uploads\/2023\/10\/patagonia-pilas0-1_optimized-300x225.jpeg 300w, https:\/\/radiorevelacionfm.cl\/wp-content\/uploads\/2023\/10\/patagonia-pilas0-1_optimized-768x576.jpeg 768w, https:\/\/radiorevelacionfm.cl\/wp-content\/uploads\/2023\/10\/patagonia-pilas0-1_optimized-705x529.jpeg 705w, https:\/\/radiorevelacionfm.cl\/wp-content\/uploads\/2023\/10\/patagonia-pilas0-1_optimized-450x338.jpeg 450w, https:\/\/radiorevelacionfm.cl\/wp-content\/uploads\/2023\/10\/patagonia-pilas0-1_optimized-600x450.jpeg 600w\" sizes=\"(max-width: 800px) 100vw, 800px\" \/><\/div><\/div><\/div><\/div><div class=\"flex_column av_one_full  flex_column_div av-zero-column-padding first  avia-builder-el-2  el_after_av_one_full  el_before_av_one_full  column-top-margin\" style='border-radius:0px; '><section class=\"av_textblock_section \"  itemscope=\"itemscope\" itemtype=\"https:\/\/schema.org\/BlogPosting\" itemprop=\"blogPost\" ><div class='avia_textblock  '   itemprop=\"text\" ><p style=\"text-align: center;\"><strong><span style=\"font-size: 18pt;\">Invitan a colaborar en Campa\u00f1a \u201cPatagonia Ponte las Pilas\u201d hasta el 30 de noviembre<\/span><\/strong><\/p>\n<div id=\"gtx-trans\" style=\"position: absolute; left: -50px; top: 4.31534px;\">\n<div class=\"gtx-trans-icon\"><\/div>\n<\/div>\n<\/div><\/section><\/div><div class=\"flex_column av_one_full  flex_column_div av-zero-column-padding first  avia-builder-el-4  el_after_av_one_full  el_before_av_hr  column-top-margin\" style='border-radius:0px; '><section class=\"av_textblock_section \"  itemscope=\"itemscope\" itemtype=\"https:\/\/schema.org\/BlogPosting\" itemprop=\"blogPost\" ><div class='avia_textblock  '   itemprop=\"text\" ><p style=\"text-align: justify;\"><em>La campa\u00f1a impulsada por la empresa el\u00e9ctrica, ha ganado el apoyo de numerosas instituciones y establecimientos educacionales en su zona de concesi\u00f3n, promoviendo un impacto positivo en el medio ambiente.<\/em><\/p>\n<p style=\"text-align: justify;\">Tras algunos meses desde el lanzamiento de la campa\u00f1a de reciclaje de pilas, Edelaysen ha recibido numerosos apoyos desde lo m\u00e1s austral de la Patagonia en Villa O\u2019Higgins, hasta Chait\u00e9n. La iniciativa que promueve la recolecci\u00f3n y reciclaje responsable de pilas en desuso, ha logrado involucrar a un creciente n\u00famero de instituciones y establecimientos educacionales comprometidos con la causa sustentable y la preservaci\u00f3n del medio ambiente.<\/p>\n<p style=\"text-align: justify;\">Desde su lanzamiento, \u201cPatagonia Ponte las Pilas\u201d ha promovido la conciencia ambiental y fomentando pr\u00e1cticas responsables de reciclaje de pilas en la comunidad de la regi\u00f3n. De este modo, la respuesta ha sido positiva, con un aumento constante en la participaci\u00f3n y apoyo a esta campa\u00f1a.<\/p>\n<p style=\"text-align: justify;\">\u201cComo Edelaysen estamos satisfechos por los resultados que ha tenido esta iniciativa, que impulsa la conciencia y sostenibilidad a trav\u00e9s del almacenaje de pilas. En ese sentido, la participaci\u00f3n activa de la comunidad ha sido crucial para el \u00e9xito continuo de esta campa\u00f1a. Agradecemos sinceramente a todos los establecimientos que se han sumado y tambi\u00e9n a las instituciones p\u00fablicas que habilitan espacios para el acopio de pilas\u201d. Coment\u00f3 Patricio Raimilla, jefe de Servicio al Cliente.<\/p>\n<p style=\"text-align: justify;\">De esta manera, a la iniciativa, apoyada por Seremi Medio Ambiente Ays\u00e9n, se han sumado Escuela Nieves del Sur de Coyhaique, Colegio Diego Portales de Coyhaique, Jard\u00edn Infantil Futuro Austral, Liceo Futaleuf\u00fa, Escuela Hamburgo de Puyuhuapi, Supermercado Puyuhuapi, Escuela B\u00e1sica Juan Jos\u00e9 Latorre de Chait\u00e9n, Radio Corcovado, los municipios de Coyhaique, Chait\u00e9n, Futaleuf\u00fa, Chile Chico, oficina municipal de Puyuhuapi, entre otros.<\/p>\n<p style=\"text-align: justify;\">La campa\u00f1a \u201cPatagonia Ponte las Pilas\u201d, que estar\u00e1 vigente hasta el 30 de noviembre, ha establecido puntos de recolecci\u00f3n en toda la zona de concesi\u00f3n de Edelaysen, proporcionando a la comunidad una forma segura y respetuosa con el medio ambiente de desechar pilas en desuso. Asimismo, Edelaysen colabora estrechamente con las instituciones participantes para educar a los estudiantes sobre la importancia del reciclaje de pilas y la preservaci\u00f3n del medio ambiente.<\/p>\n<\/div><\/section><\/div><div  style='height:50px' class='hr hr-invisible   avia-builder-el-6  el_after_av_one_full  el_before_av_social_share '><span class='hr-inner ' ><span class='hr-inner-style'><\/span><\/span><\/div><\/p>\n<div  class='av-social-sharing-box  avia-builder-el-7  el_after_av_hr  el_before_av_hr  '><div class='av-share-box'><h5 class='av-share-link-description av-no-toc '>Compartir esta noticia<\/h5><ul class='av-share-box-list noLightbox'><li class='av-share-link av-social-link-facebook' ><a target=\"_blank\" aria-label=\"Compartir en Facebook\" href='https:\/\/www.facebook.com\/sharer.php?u=https:\/\/radiorevelacionfm.cl\/?p=36098&#038;t=Invitan%20a%20colaborar%20en%20Campa%C3%B1a%20%E2%80%9CPatagonia%20Ponte%20las%20Pilas%E2%80%9D%20hasta%20el%2030%20de%20noviembre' aria-hidden='false' data-av_icon='\ue8f3' data-av_iconfont='entypo-fontello' title='' data-avia-related-tooltip='Compartir en Facebook' rel=\"noopener\"><span class='avia_hidden_link_text'>Compartir en Facebook<\/span><\/a><\/li><li class='av-share-link av-social-link-twitter' ><a target=\"_blank\" aria-label=\"Compartir en Twitter\" href='https:\/\/twitter.com\/share?text=Invitan%20a%20colaborar%20en%20Campa%C3%B1a%20%E2%80%9CPatagonia%20Ponte%20las%20Pilas%E2%80%9D%20hasta%20el%2030%20de%20noviembre&#038;url=https:\/\/radiorevelacionfm.cl\/?p=36098' aria-hidden='false' data-av_icon='\ue8f1' data-av_iconfont='entypo-fontello' title='' data-avia-related-tooltip='Compartir en Twitter' rel=\"noopener\"><span class='avia_hidden_link_text'>Compartir en Twitter<\/span><\/a><\/li><li class='av-share-link av-social-link-whatsapp' ><a target=\"_blank\" aria-label=\"Compartir en Whatsapp\" href='https:\/\/api.whatsapp.com\/send?text=https:\/\/radiorevelacionfm.cl\/?p=36098' aria-hidden='false' data-av_icon='\uf232' data-av_iconfont='entypo-fontello' title='' data-avia-related-tooltip='Compartir en Whatsapp' rel=\"noopener\"><span class='avia_hidden_link_text'>Compartir en Whatsapp<\/span><\/a><\/li><li class='av-share-link av-social-link-linkedin' ><a target=\"_blank\" aria-label=\"Compartir en LinkedIn\" href='https:\/\/linkedin.com\/shareArticle?mini=true&#038;title=Invitan%20a%20colaborar%20en%20Campa%C3%B1a%20%E2%80%9CPatagonia%20Ponte%20las%20Pilas%E2%80%9D%20hasta%20el%2030%20de%20noviembre&#038;url=https:\/\/radiorevelacionfm.cl\/?p=36098' aria-hidden='false' data-av_icon='\ue8fc' data-av_iconfont='entypo-fontello' title='' data-avia-related-tooltip='Compartir en LinkedIn' rel=\"noopener\"><span class='avia_hidden_link_text'>Compartir en LinkedIn<\/span><\/a><\/li><li class='av-share-link av-social-link-mail' ><a  aria-label=\"Compartir por correo\" href='mailto:?subject=Invitan%20a%20colaborar%20en%20Campa%C3%B1a%20%E2%80%9CPatagonia%20Ponte%20las%20Pilas%E2%80%9D%20hasta%20el%2030%20de%20noviembre&#038;body=https:\/\/radiorevelacionfm.cl\/?p=36098' aria-hidden='false' data-av_icon='\ue805' data-av_iconfont='entypo-fontello' title='' data-avia-related-tooltip='Compartir por correo'><span class='avia_hidden_link_text'>Compartir por correo<\/span><\/a><\/li><\/ul><\/div><\/div>\n<div  style='height:50px' class='hr hr-invisible   avia-builder-el-8  el_after_av_social_share  el_before_av_comments_list '><span class='hr-inner ' ><span class='hr-inner-style'><\/span><\/span><\/div>\n<div  class='av-buildercomment  av-blog-meta-html-info-disabled av-blog-meta-tag-disabled  '><\/div>\n","protected":false},"excerpt":{"rendered":"","protected":false},"author":1,"featured_media":36099,"comment_status":"open","ping_status":"open","sticky":false,"template":"","format":"standard","meta":{"footnotes":""},"categories":[38],"tags":[],"class_list":["post-36098","post","type-post","status-publish","format-standard","has-post-thumbnail","hentry","category-regional"],"jetpack_featured_media_url":"https:\/\/radiorevelacionfm.cl\/wp-content\/uploads\/2023\/10\/patagonia-pilas0-1_optimized.jpeg","_links":{"self":[{"href":"https:\/\/radiorevelacionfm.cl\/index.php?rest_route=\/wp\/v2\/posts\/36098","targetHints":{"allow":["GET"]}}],"collection":[{"href":"https:\/\/radiorevelacionfm.cl\/index.php?rest_route=\/wp\/v2\/posts"}],"about":[{"href":"https:\/\/radiorevelacionfm.cl\/index.php?rest_route=\/wp\/v2\/types\/post"}],"author":[{"embeddable":true,"href":"https:\/\/radiorevelacionfm.cl\/index.php?rest_route=\/wp\/v2\/users\/1"}],"replies":[{"embeddable":true,"href":"https:\/\/radiorevelacionfm.cl\/index.php?rest_route=%2Fwp%2Fv2%2Fcomments&post=36098"}],"version-history":[{"count":1,"href":"https:\/\/radiorevelacionfm.cl\/index.php?rest_route=\/wp\/v2\/posts\/36098\/revisions"}],"predecessor-version":[{"id":36100,"href":"https:\/\/radiorevelacionfm.cl\/index.php?rest_route=\/wp\/v2\/posts\/36098\/revisions\/36100"}],"wp:featuredmedia":[{"embeddable":true,"href":"https:\/\/radiorevelacionfm.cl\/index.php?rest_route=\/wp\/v2\/media\/36099"}],"wp:attachment":[{"href":"https:\/\/radiorevelacionfm.cl\/index.php?rest_route=%2Fwp%2Fv2%2Fmedia&parent=36098"}],"wp:term":[{"taxonomy":"category","embeddable":true,"href":"https:\/\/radiorevelacionfm.cl\/index.php?rest_route=%2Fwp%2Fv2%2Fcategories&post=36098"},{"taxonomy":"post_tag","embeddable":true,"href":"https:\/\/radiorevelacionfm.cl\/index.php?rest_route=%2Fwp%2Fv2%2Ftags&post=36098"}],"curies":[{"name":"wp","href":"https:\/\/api.w.org\/{rel}","templated":true}]}}