{"id":3609,"date":"2021-04-29T10:58:07","date_gmt":"2021-04-29T13:58:07","guid":{"rendered":"https:\/\/radiorevelacionfm.cl\/?p=3609"},"modified":"2021-04-29T10:58:07","modified_gmt":"2021-04-29T13:58:07","slug":"entregan-avances-de-encuesta-nacional-de-demanda-laboral-en-primera-sesion-2021-del-consejo-de-asesor-sence-aysen","status":"publish","type":"post","link":"https:\/\/radiorevelacionfm.cl\/?p=3609","title":{"rendered":"Entregan avances de Encuesta Nacional de Demanda Laboral en primera sesi\u00f3n 2021 del Consejo de Asesor Sence Ays\u00e9n"},"content":{"rendered":"<div class=\"flex_column av_one_full  flex_column_div av-zero-column-padding first  avia-builder-el-0  el_before_av_one_full  avia-builder-el-first  \" style='border-radius:0px; '><div  class='avia-image-container  av-styling-    avia-builder-el-1  avia-builder-el-no-sibling  avia-align-center '  itemprop=\"image\" itemscope=\"itemscope\" itemtype=\"https:\/\/schema.org\/ImageObject\"  ><div class='avia-image-container-inner'><div class='avia-image-overlay-wrap'><img decoding=\"async\" class='wp-image-0 avia-img-lazy-loading-not-0 avia_image' src=\"https:\/\/radiorevelacionfm.cl\/wp-content\/uploads\/2021\/04\/sesion-consejo-asesor.jpeg\" alt='' title=''   itemprop=\"thumbnailUrl\"  \/><\/div><\/div><\/div><\/div><div class=\"flex_column av_one_full  flex_column_div av-zero-column-padding first  avia-builder-el-2  el_after_av_one_full  el_before_av_one_full  column-top-margin\" style='border-radius:0px; '><section class=\"av_textblock_section \"  itemscope=\"itemscope\" itemtype=\"https:\/\/schema.org\/BlogPosting\" itemprop=\"blogPost\" ><div class='avia_textblock  '   itemprop=\"text\" ><p style=\"text-align: center;\"><strong><span style=\"font-size: 18pt;\">Entregan avances de Encuesta Nacional de Demanda Laboral en primera sesi\u00f3n 2021 del Consejo de Asesor Sence Ays\u00e9n<\/span><\/strong><\/p>\n<div id=\"gtx-trans\" style=\"position: absolute; left: -50px; top: 4.31534px;\">\n<div class=\"gtx-trans-icon\"><\/div>\n<\/div>\n<\/div><\/section><\/div><div class=\"flex_column av_one_full  flex_column_div av-zero-column-padding first  avia-builder-el-4  el_after_av_one_full  el_before_av_hr  column-top-margin\" style='border-radius:0px; '><section class=\"av_textblock_section \"  itemscope=\"itemscope\" itemtype=\"https:\/\/schema.org\/BlogPosting\" itemprop=\"blogPost\" ><div class='avia_textblock  '   itemprop=\"text\" ><p class=\"v1MsoNormal\" style=\"text-align: justify;\">V\u00eda Zoom se realiz\u00f3 el primer Consejo Asesor del Observatorio Laboral Regional de Ays\u00e9n, proyecto de SENCE ejecutado por la Universidad de Ays\u00e9n, presentando los avances de la Encuesta Nacional de Demandas Laborales, ENADEL, 2020.<\/p>\n<p class=\"v1MsoNormal\" style=\"text-align: justify;\">Esta semana se reuni\u00f3 por primera vez en este a\u00f1o el Consejo Asesor de Capacitaci\u00f3n del Servicio Nacional de Capacitaci\u00f3n y Empleo, Sence Ays\u00e9n. En la oportunidad el equipo del Observatorio Laboral de Ays\u00e9n present\u00f3 los avances de la ENADEL 2020 (Encuesta Nacional de Demanda Laboral), la que tiene por objetivo identificar la demanda de ocupaciones y competencias laborales de las empresas y que busca generar datos representativos a nivel regional, instancia que cont\u00f3 con la participaci\u00f3n de representantes de sindicatos de trabajadores, del sector de comercio, pesca y acu\u00edcola, Salmon Chile, sector de la construcci\u00f3n y autoridades del sector p\u00fablico.<\/p>\n<p class=\"v1MsoNormal\" style=\"text-align: justify;\">El Consejo Asesor de este organismo es presidido por el Servicio Nacional de Capacitaci\u00f3n y Empleo SENCE, liderado por su Directora Regional, Katherine Kingma, qui\u00e9n se\u00f1al\u00f3 la relevancia de la participaci\u00f3n activa de los distintos actores p\u00fablicos y privados en este Consejo asesor \u00abEn esta instancia se dilucida que existe manejo de informaci\u00f3n que est\u00e1 entregando el observatorio, hay discusiones sobre la mesa, creo que es muy positivo, porque as\u00ed podemos construir una regi\u00f3n con mayores oportunidades para nuestra gente, con programas de capacitaci\u00f3n que apunten a mejorar las brechas detectadas y a las oportunidades que ofrece el mercado laboral regional, confiando en que, la contribuci\u00f3n del observatorio permita a las personas, a las empresas y a los servicios p\u00fablicos tomar mejores decisiones en sus pol\u00edticas p\u00fablicas en el futuro, sobre todo ahora que nos vemos enfrentados a la pandemia del COVID-19\u00bb se\u00f1al\u00f3.<\/p>\n<p class=\"v1MsoNormal\" style=\"text-align: justify;\">Por su parte la titular de la cartera del Trabajo y Previsi\u00f3n Social de Ays\u00e9n, Andrea Ponce, mencion\u00f3 \u00abNos reunimos con el Consejo Asesor de Sence para conocer los resultados de la Encuesta Nacional de Demandas Laborales, ENADEL, realizado por el Observatorio Laboral de la Regi\u00f3n de Ays\u00e9n. En esta oportunidad recibimos datos representativos de nuestra regi\u00f3n con respecto a las competencias y ocupaciones laborales que tienen las empresas. Sin duda, este tipo de herramientas nos permiten poder aplicar mejores pol\u00edticas p\u00fablicas y apoyar, en materia laboral, con lo que realmente se necesita en cada una de las localidades\u00bb, concluy\u00f3.<\/p>\n<p class=\"v1MsoNormal\" style=\"text-align: justify;\">Entre los principales resultados en el sector silvoagropecuario, podemos verificar en \u00a0cuanto a la contrataci\u00f3n de personal, del total de empresas encuestadas, declararon contar con un total de 1.237 trabajadores contratados en los \u00faltimos 12 meses, y se estima una proyecci\u00f3n de un total de 715 vacantes para el a\u00f1o 2021. Por su parte, en el sector comercio, las empresas encuestadas declararon contar con un total de 616<b>\u00a0<\/b>trabajadores contratados en los \u00faltimos 12 meses, y se estima una proyecci\u00f3n de un total de 250 vacantes para el a\u00f1o 2021.<\/p>\n<p class=\"v1MsoNormal\" style=\"text-align: justify;\">Por su parte, ENADEL 2020 aplic\u00f3 la encuesta a 70 empresas, lo que permiti\u00f3 constatar la situaci\u00f3n de los sectores Silvoagropecuario y pesca, las que con motivo de la crisis sanitaria se\u00f1alaron que el\u00a0<b>41,5%<\/b>\u00a0de las empresas est\u00e1n operando sin problemas, el\u00a0<b>46,2%<\/b>\u00a0operando con menores dificultades,\u00a0<b>10,8%<\/b>\u00a0operando con dificultades significativas;\u00a0<b>1,5%<\/b>\u00a0est\u00e1n con operaciones paralizadas o suspendidas. Por su parte, en el sector Comercio, la crisis sanitaria ha generado que s\u00f3lo un\u00a0<b>37,7%\u00a0<\/b>de las empresas se encuentran operando sin problemas,<b>\u00a044,3%\u00a0<\/b>est\u00e1n operando con dificultades menores,\u00a0<b>15,6%\u00a0<\/b>operando con dificultades significativas y<b>\u00a0<\/b>el<b>\u00a02,5%\u00a0<\/b>se encuentran con las operaciones paralizadas o suspendidas.<b><\/b><\/p>\n<p class=\"v1MsoNormal\" style=\"text-align: justify;\">Finalmente, cabe mencionar que este estudio busca ser un aporte concreto para la toma de decisiones\u00a0en materia de empleabilidad. Siendo el objetivo de la encuesta identificar y caracterizar los puestos de trabajos con dificultades de contrataci\u00f3n durante el a\u00f1o 2021 y las competencias laborales requeridas en ellos.<\/p>\n<\/div><\/section><\/div><div  style='height:50px' class='hr hr-invisible   avia-builder-el-6  el_after_av_one_full  el_before_av_social_share '><span class='hr-inner ' ><span class='hr-inner-style'><\/span><\/span><\/div><\/p>\n<div  class='av-social-sharing-box  avia-builder-el-7  el_after_av_hr  el_before_av_hr  '><div class='av-share-box'><h5 class='av-share-link-description av-no-toc '>Compartir esta noticia<\/h5><ul class='av-share-box-list noLightbox'><li class='av-share-link av-social-link-facebook' ><a target=\"_blank\" aria-label=\"Compartir en Facebook\" href='https:\/\/www.facebook.com\/sharer.php?u=https:\/\/radiorevelacionfm.cl\/?p=3609&#038;t=Entregan%20avances%20de%20Encuesta%20Nacional%20de%20Demanda%20Laboral%20en%20primera%20sesi%C3%B3n%202021%20del%20Consejo%20de%20Asesor%20Sence%20Ays%C3%A9n' aria-hidden='false' data-av_icon='\ue8f3' data-av_iconfont='entypo-fontello' title='' data-avia-related-tooltip='Compartir en Facebook' rel=\"noopener\"><span class='avia_hidden_link_text'>Compartir en Facebook<\/span><\/a><\/li><li class='av-share-link av-social-link-twitter' ><a target=\"_blank\" aria-label=\"Compartir en Twitter\" href='https:\/\/twitter.com\/share?text=Entregan%20avances%20de%20Encuesta%20Nacional%20de%20Demanda%20Laboral%20en%20primera%20sesi%C3%B3n%202021%20del%20Consejo%20de%20Asesor%20Sence%20Ays%C3%A9n&#038;url=https:\/\/radiorevelacionfm.cl\/?p=3609' aria-hidden='false' data-av_icon='\ue8f1' data-av_iconfont='entypo-fontello' title='' data-avia-related-tooltip='Compartir en Twitter' rel=\"noopener\"><span class='avia_hidden_link_text'>Compartir en Twitter<\/span><\/a><\/li><li class='av-share-link av-social-link-whatsapp' ><a target=\"_blank\" aria-label=\"Compartir en Whatsapp\" href='https:\/\/api.whatsapp.com\/send?text=https:\/\/radiorevelacionfm.cl\/?p=3609' aria-hidden='false' data-av_icon='\uf232' data-av_iconfont='entypo-fontello' title='' data-avia-related-tooltip='Compartir en Whatsapp' rel=\"noopener\"><span class='avia_hidden_link_text'>Compartir en Whatsapp<\/span><\/a><\/li><li class='av-share-link av-social-link-linkedin' ><a target=\"_blank\" aria-label=\"Compartir en LinkedIn\" href='https:\/\/linkedin.com\/shareArticle?mini=true&#038;title=Entregan%20avances%20de%20Encuesta%20Nacional%20de%20Demanda%20Laboral%20en%20primera%20sesi%C3%B3n%202021%20del%20Consejo%20de%20Asesor%20Sence%20Ays%C3%A9n&#038;url=https:\/\/radiorevelacionfm.cl\/?p=3609' aria-hidden='false' data-av_icon='\ue8fc' data-av_iconfont='entypo-fontello' title='' data-avia-related-tooltip='Compartir en LinkedIn' rel=\"noopener\"><span class='avia_hidden_link_text'>Compartir en LinkedIn<\/span><\/a><\/li><li class='av-share-link av-social-link-mail' ><a  aria-label=\"Compartir por correo\" href='mailto:?subject=Entregan%20avances%20de%20Encuesta%20Nacional%20de%20Demanda%20Laboral%20en%20primera%20sesi%C3%B3n%202021%20del%20Consejo%20de%20Asesor%20Sence%20Ays%C3%A9n&#038;body=https:\/\/radiorevelacionfm.cl\/?p=3609' aria-hidden='false' data-av_icon='\ue805' data-av_iconfont='entypo-fontello' title='' data-avia-related-tooltip='Compartir por correo'><span class='avia_hidden_link_text'>Compartir por correo<\/span><\/a><\/li><\/ul><\/div><\/div>\n<div  style='height:50px' class='hr hr-invisible   avia-builder-el-8  el_after_av_social_share  el_before_av_comments_list '><span class='hr-inner ' ><span class='hr-inner-style'><\/span><\/span><\/div>\n<div  class='av-buildercomment  av-blog-meta-html-info-disabled av-blog-meta-tag-disabled  '><\/div>\n","protected":false},"excerpt":{"rendered":"","protected":false},"author":1,"featured_media":0,"comment_status":"open","ping_status":"open","sticky":false,"template":"","format":"standard","meta":{"footnotes":""},"categories":[56],"tags":[],"class_list":["post-3609","post","type-post","status-publish","format-standard","hentry","category-trabajo"],"jetpack_featured_media_url":"","_links":{"self":[{"href":"https:\/\/radiorevelacionfm.cl\/index.php?rest_route=\/wp\/v2\/posts\/3609","targetHints":{"allow":["GET"]}}],"collection":[{"href":"https:\/\/radiorevelacionfm.cl\/index.php?rest_route=\/wp\/v2\/posts"}],"about":[{"href":"https:\/\/radiorevelacionfm.cl\/index.php?rest_route=\/wp\/v2\/types\/post"}],"author":[{"embeddable":true,"href":"https:\/\/radiorevelacionfm.cl\/index.php?rest_route=\/wp\/v2\/users\/1"}],"replies":[{"embeddable":true,"href":"https:\/\/radiorevelacionfm.cl\/index.php?rest_route=%2Fwp%2Fv2%2Fcomments&post=3609"}],"version-history":[{"count":1,"href":"https:\/\/radiorevelacionfm.cl\/index.php?rest_route=\/wp\/v2\/posts\/3609\/revisions"}],"predecessor-version":[{"id":3612,"href":"https:\/\/radiorevelacionfm.cl\/index.php?rest_route=\/wp\/v2\/posts\/3609\/revisions\/3612"}],"wp:attachment":[{"href":"https:\/\/radiorevelacionfm.cl\/index.php?rest_route=%2Fwp%2Fv2%2Fmedia&parent=3609"}],"wp:term":[{"taxonomy":"category","embeddable":true,"href":"https:\/\/radiorevelacionfm.cl\/index.php?rest_route=%2Fwp%2Fv2%2Fcategories&post=3609"},{"taxonomy":"post_tag","embeddable":true,"href":"https:\/\/radiorevelacionfm.cl\/index.php?rest_route=%2Fwp%2Fv2%2Ftags&post=3609"}],"curies":[{"name":"wp","href":"https:\/\/api.w.org\/{rel}","templated":true}]}}