{"id":36085,"date":"2023-10-19T23:19:10","date_gmt":"2023-10-20T02:19:10","guid":{"rendered":"https:\/\/radiorevelacionfm.cl\/?p=36085"},"modified":"2023-10-19T23:19:10","modified_gmt":"2023-10-20T02:19:10","slug":"se-viene-3a-version-del-reto-tehuelche-el-triatlon-de-aysen-organizado-por-la-propia-comunidad","status":"publish","type":"post","link":"https:\/\/radiorevelacionfm.cl\/?p=36085","title":{"rendered":"Se viene 3\u00aa versi\u00f3n del \u00abReto Tehuelche\u00bb: El triatl\u00f3n de Ays\u00e9n organizado por la propia comunidad"},"content":{"rendered":"<div class=\"flex_column av_one_full  flex_column_div av-zero-column-padding first  avia-builder-el-0  el_before_av_one_full  avia-builder-el-first  \" style='border-radius:0px; '><div  class='avia-image-container  av-styling-    avia-builder-el-1  avia-builder-el-no-sibling  avia-align-center '  itemprop=\"image\" itemscope=\"itemscope\" itemtype=\"https:\/\/schema.org\/ImageObject\"  ><div class='avia-image-container-inner'><div class='avia-image-overlay-wrap'><img decoding=\"async\" class='wp-image-36086 avia-img-lazy-loading-not-36086 avia_image' src=\"https:\/\/radiorevelacionfm.cl\/wp-content\/uploads\/2023\/10\/Afiche-Reto-Tehuelche-2023-1-1.jpg\" alt='' title='Afiche Reto Tehuelche 2023 (1) (1)' height=\"600\" width=\"424\"  itemprop=\"thumbnailUrl\" srcset=\"https:\/\/radiorevelacionfm.cl\/wp-content\/uploads\/2023\/10\/Afiche-Reto-Tehuelche-2023-1-1.jpg 424w, https:\/\/radiorevelacionfm.cl\/wp-content\/uploads\/2023\/10\/Afiche-Reto-Tehuelche-2023-1-1-212x300.jpg 212w\" sizes=\"(max-width: 424px) 100vw, 424px\" \/><\/div><\/div><\/div><\/div><div class=\"flex_column av_one_full  flex_column_div av-zero-column-padding first  avia-builder-el-2  el_after_av_one_full  el_before_av_one_full  column-top-margin\" style='border-radius:0px; '><section class=\"av_textblock_section \"  itemscope=\"itemscope\" itemtype=\"https:\/\/schema.org\/BlogPosting\" itemprop=\"blogPost\" ><div class='avia_textblock  '   itemprop=\"text\" ><p style=\"text-align: center;\"><span style=\"font-size: 18pt;\"><b><span lang=\"ES\">Se viene 3\u00aa versi<\/span><\/b><b><span lang=\"X-NONE\">\u00f3n del<span class=\"v1gmail-Apple-converted-space\">\u00a0<\/span><\/span><\/b><b><span lang=\"ES\">\u00abReto Tehuelche\u00bb: El triatl<\/span><\/b><b><span lang=\"X-NONE\">\u00f3n de Ays\u00e9n organizado por la propia comunidad<\/span><\/b><\/span><\/p>\n<div id=\"gtx-trans\" style=\"position: absolute; left: -50px; top: 4.31534px;\">\n<div class=\"gtx-trans-icon\"><\/div>\n<\/div>\n<\/div><\/section><\/div><div class=\"flex_column av_one_full  flex_column_div av-zero-column-padding first  avia-builder-el-4  el_after_av_one_full  el_before_av_hr  column-top-margin\" style='border-radius:0px; '><section class=\"av_textblock_section \"  itemscope=\"itemscope\" itemtype=\"https:\/\/schema.org\/BlogPosting\" itemprop=\"blogPost\" ><div class='avia_textblock  '   itemprop=\"text\" ><p class=\"v1gmail-MsoListParagraph\" style=\"text-align: justify;\"><i><span lang=\"ES\">Las inscripciones est<\/span><\/i><i><span lang=\"X-NONE\">ar\u00e1n abiertas hasta el lunes 23 de octubre, contemplando las disciplinas de kayak, bicicleta y trote, en un trayecto de m\u00e1s de 30 kil\u00f3metros por los hermosos parajes de la Patagonia.<\/span><\/i><\/p>\n<p class=\"v1MsoNormal\" style=\"text-align: justify;\"><span lang=\"ES\">Una nueva versi<\/span><span lang=\"X-NONE\">\u00f3n del<span class=\"v1gmail-Apple-converted-space\">\u00a0<\/span><\/span><b><span lang=\"ES\">Triatl\u00f3n \u00abReto Tehuelche\u00bb<\/span><\/b><span lang=\"ES\">, que organiza la AG de Turismo de Puerto Guadal, se desarrollar<\/span><span lang=\"X-NONE\">\u00e1 el domingo 29 de octubre por los hermosos parajes que circundan dicha localidad de la cuenca del lago General Carrera.\u00a0<span class=\"v1gmail-Apple-converted-space\">\u00a0<\/span>Ser\u00e1 \u00e9sta la tercera ocasi\u00f3n en que se organiza la actividad, que en a\u00f1os anteriores ha concitado la participaci\u00f3n de equipos de diversos puntos de la regi\u00f3n y del pa\u00eds.\u00a0<\/span><\/p>\n<p class=\"v1MsoNormal\" style=\"text-align: justify;\"><span lang=\"X-NONE\">Las disciplinas incluidas en competencia ser\u00e1n kayak (6,8km app.), bicicleta (11km app, desnivel positivo 527m) y trote (14,8km, desnivel positivo 319m), las que podr\u00e1n ser ejecutadas en modalidad individual o por equipos (tipo posta y de cualquier g\u00e9nero), con un valor de participaci\u00f3n de $20.000 y $ 45.000, respectivamente.\u00a0<span class=\"v1gmail-Apple-converted-space\">\u00a0<\/span>El plazo para inscribirse vence el lunes 23 de octubre, para lo cual se debe llenar el formulario respectivo que se puede solicitar a<span class=\"v1gmail-Apple-converted-space\">\u00a0<\/span><\/span><span lang=\"ES\"><a href=\"mailto:turismoguadal@gmail.com\" rel=\"noreferrer\"><span lang=\"X-NONE\">turismoguadal@gmail.com<\/span><\/a><\/span><span lang=\"X-NONE\">.<\/span><\/p>\n<p class=\"v1MsoNormal\" style=\"text-align: justify;\"><span lang=\"X-NONE\">El mapa interactivo de toda la ruta se puede revisar en<span class=\"v1gmail-Apple-converted-space\">\u00a0<\/span><\/span><span lang=\"ES\"><a href=\"https:\/\/bit.ly\/RetoTehuelche2023\" target=\"_blank\" rel=\"noopener noreferrer\"><span lang=\"X-NONE\">https:\/\/bit.ly\/RetoTehuelche2023<\/span><\/a><\/span><span lang=\"X-NONE\">.<\/span><\/p>\n<p class=\"v1MsoNormal\" style=\"text-align: justify;\"><span lang=\"X-NONE\">La charla t\u00e9cnica obligatoria ser\u00e1 el s\u00e1bado 28 de octubre a las 17 hrs. en Los Olmos s\/n (sede comunitaria de la localidad).\u00a0<span class=\"v1gmail-Apple-converted-space\">\u00a0<\/span>A esta fecha, ya hay inscrita casi una treintena de participantes.<\/span><\/p>\n<p class=\"v1MsoNormal\" style=\"text-align: justify;\"><span lang=\"X-NONE\">El objetivo de la actividad es \u00abfomentar el deporte, la vida sana y el conocimiento de Puerto Guadal y sus bellos paisajes a trav\u00e9s de un triatl\u00f3n con las disciplinas kayak, bicicleta y trote.\u00a0<span class=\"v1gmail-Apple-converted-space\">\u00a0<\/span>La idea es hacer de esta actividad una competencia importante, reconocida, que prevalezca en el tiempo, y que atraiga a la localidad a personas de distintos lugares del pa\u00eds y el extranjero, para de paso fortalecer la econom\u00eda local\u00bb.\u00a0<span class=\"v1gmail-Apple-converted-space\">\u00a0<\/span>Con esta actividad se da inicio a la temporada de turismo en Puerto Guadal\u00bb.<\/span><\/p>\n<p class=\"v1MsoNormal\" style=\"text-align: justify;\"><span lang=\"X-NONE\">La presidenta de la AG de Turismo, Ang\u00e9lica Anti\u00f1anco, explic\u00f3 que \u00ab\u00e9sta es una actividad que se viene realizando ya desde hace varios a\u00f1os, en un trabajo colectivo donde el fin \u00faltimo es desarrollar un rubro como el turismo en armon\u00eda con las comunidades que habitamos este territorio y la naturaleza\u00bb.<span class=\"v1gmail-Apple-converted-space\">\u00a0<\/span>\u00a0En este sentido, dijo, \u00abeso es lo que queremos transmitir a las y los participantes, que m\u00e1s all\u00e1 de que el turismo es una actividad econ\u00f3mica, lo que nos interesa es proteger el lugar en que vivimos, porque es ac\u00e1 donde seguiremos.\u00a0<span class=\"v1gmail-Apple-converted-space\">\u00a0<\/span>Tal es el sur de nuestra asociaci\u00f3n gremial\u00bb.<\/span><\/p>\n<p class=\"v1MsoNormal\" style=\"text-align: justify;\"><b><span lang=\"X-NONE\">Log\u00edstica y bases<\/span><\/b><\/p>\n<p class=\"v1MsoNormal\" style=\"text-align: justify;\"><span lang=\"X-NONE\">En el caso de la carrera en bicicleta es obligatorio contar con mountain bike en buen estado, casco, bomb\u00edn, c\u00e1mara de repuesto, parches y pegamento.\u00a0<span class=\"v1gmail-Apple-converted-space\">\u00a0<\/span>En el de kayak s\u00f3lo se aceptar\u00e1n los de tipo sit on top, y en el caso de que un competidor as\u00ed lo requiera la organizaci\u00f3n dispondr\u00e1 de este tipo de equipamiento (m\u00e1s remo, silbato y chaleco salvavidas). Y en el de trote se recomienda llevar mochila peque\u00f1a y botella con agua,\u00a0<span class=\"v1gmail-Apple-converted-space\">\u00a0<\/span>ya que habr\u00e1 puntos de recarga de agua a lo largo de la ruta.<\/span><\/p>\n<p class=\"v1MsoNormal\" style=\"text-align: justify;\"><span lang=\"X-NONE\">Socios y socias de la AG de Turismo de Puerto Guadal fiscalizar\u00e1n el equipo obligatorio al inicio de cada etapa.\u00a0<span class=\"v1gmail-Apple-converted-space\">\u00a0<\/span>Quienes no cuenten con \u00e9ste no podr\u00e1n continuar en la competencia.<span class=\"v1gmail-Apple-converted-space\">\u00a0<\/span>\u00a0Los competidores no pueden recibir apoyo externo, y en los tramos s\u00f3lo estar\u00e1n autorizadas personas y veh\u00edculos de la organizaci\u00f3n.<span class=\"v1gmail-Apple-converted-space\">\u00a0<\/span><\/span><\/p>\n<p class=\"v1MsoNormal\" style=\"text-align: justify;\"><span lang=\"X-NONE\">En caso de emergencia, el personal del \u00abReto Tehuelche 2023\u00bb actuar\u00e1 y tomar\u00e1 las medidas que se ameriten.\u00a0<span class=\"v1gmail-Apple-converted-space\">\u00a0<\/span>Al momento de la realizaci\u00f3n de la competencia todo participante deber\u00e1 tener, como m\u00ednimo, 18 a\u00f1os cumplidos. Excepcionalmente podr\u00e1n participar menores de edad, desde los 16 a\u00f1os, debiendo contar con autorizaci\u00f3n escrita y firmada por uno de sus padres, tutor legal o apoderado legal (donde conste tel\u00e9fono, correo electr\u00f3nico u otra forma de contactarles en caso de que la organizaci\u00f3n quiera confirmar la validez de la autorizaci\u00f3n, reserv\u00e1ndose en caso de duda el derecho a rechazarla). El documento deber\u00e1 consignar que la persona firmante ley\u00f3 las bases completamente y las acepta.<\/span><\/p>\n<p class=\"v1MsoNormal\" style=\"text-align: justify;\"><span lang=\"ES\">La actividad se desarrolla gracias a los aportes de la Municipalidad de Chile Chico, la Armada de Chile, el Servicio de Salud a trav<\/span><span lang=\"X-NONE\">\u00e9s de la Posta de Salud de Puerto Guadal,<span class=\"v1gmail-Apple-converted-space\">\u00a0<\/span><\/span><span lang=\"ES\">Carabineros de Chile y m<\/span><span lang=\"X-NONE\">\u00faltiples socios y socias que han puesto a disposici\u00f3n de la organizaci\u00f3n equipamiento, tiempo y materiales.<\/span><\/p>\n<p class=\"v1MsoNormal\" style=\"text-align: justify;\"><span lang=\"X-NONE\">\u00a0<\/span><\/p>\n<\/div><\/section><\/div><div  style='height:50px' class='hr hr-invisible   avia-builder-el-6  el_after_av_one_full  el_before_av_social_share '><span class='hr-inner ' ><span class='hr-inner-style'><\/span><\/span><\/div><\/p>\n<div  class='av-social-sharing-box  avia-builder-el-7  el_after_av_hr  el_before_av_hr  '><div class='av-share-box'><h5 class='av-share-link-description av-no-toc '>Compartir esta noticia<\/h5><ul class='av-share-box-list noLightbox'><li class='av-share-link av-social-link-facebook' ><a target=\"_blank\" aria-label=\"Compartir en Facebook\" href='https:\/\/www.facebook.com\/sharer.php?u=https:\/\/radiorevelacionfm.cl\/?p=36085&#038;t=Se%20viene%203%C2%AA%20versi%C3%B3n%20del%20%C2%ABReto%20Tehuelche%C2%BB%3A%20El%20triatl%C3%B3n%20de%20Ays%C3%A9n%20organizado%20por%20la%20propia%20comunidad' aria-hidden='false' data-av_icon='\ue8f3' data-av_iconfont='entypo-fontello' title='' data-avia-related-tooltip='Compartir en Facebook' rel=\"noopener\"><span class='avia_hidden_link_text'>Compartir en Facebook<\/span><\/a><\/li><li class='av-share-link av-social-link-twitter' ><a target=\"_blank\" aria-label=\"Compartir en Twitter\" href='https:\/\/twitter.com\/share?text=Se%20viene%203%C2%AA%20versi%C3%B3n%20del%20%C2%ABReto%20Tehuelche%C2%BB%3A%20El%20triatl%C3%B3n%20de%20Ays%C3%A9n%20organizado%20por%20la%20propia%20comunidad&#038;url=https:\/\/radiorevelacionfm.cl\/?p=36085' aria-hidden='false' data-av_icon='\ue8f1' data-av_iconfont='entypo-fontello' title='' data-avia-related-tooltip='Compartir en Twitter' rel=\"noopener\"><span class='avia_hidden_link_text'>Compartir en Twitter<\/span><\/a><\/li><li class='av-share-link av-social-link-whatsapp' ><a target=\"_blank\" aria-label=\"Compartir en Whatsapp\" href='https:\/\/api.whatsapp.com\/send?text=https:\/\/radiorevelacionfm.cl\/?p=36085' aria-hidden='false' data-av_icon='\uf232' data-av_iconfont='entypo-fontello' title='' data-avia-related-tooltip='Compartir en Whatsapp' rel=\"noopener\"><span class='avia_hidden_link_text'>Compartir en Whatsapp<\/span><\/a><\/li><li class='av-share-link av-social-link-linkedin' ><a target=\"_blank\" aria-label=\"Compartir en LinkedIn\" href='https:\/\/linkedin.com\/shareArticle?mini=true&#038;title=Se%20viene%203%C2%AA%20versi%C3%B3n%20del%20%C2%ABReto%20Tehuelche%C2%BB%3A%20El%20triatl%C3%B3n%20de%20Ays%C3%A9n%20organizado%20por%20la%20propia%20comunidad&#038;url=https:\/\/radiorevelacionfm.cl\/?p=36085' aria-hidden='false' data-av_icon='\ue8fc' data-av_iconfont='entypo-fontello' title='' data-avia-related-tooltip='Compartir en LinkedIn' rel=\"noopener\"><span class='avia_hidden_link_text'>Compartir en LinkedIn<\/span><\/a><\/li><li class='av-share-link av-social-link-mail' ><a  aria-label=\"Compartir por correo\" href='mailto:?subject=Se%20viene%203%C2%AA%20versi%C3%B3n%20del%20%C2%ABReto%20Tehuelche%C2%BB%3A%20El%20triatl%C3%B3n%20de%20Ays%C3%A9n%20organizado%20por%20la%20propia%20comunidad&#038;body=https:\/\/radiorevelacionfm.cl\/?p=36085' aria-hidden='false' data-av_icon='\ue805' data-av_iconfont='entypo-fontello' title='' data-avia-related-tooltip='Compartir por correo'><span class='avia_hidden_link_text'>Compartir por correo<\/span><\/a><\/li><\/ul><\/div><\/div>\n<div  style='height:50px' class='hr hr-invisible   avia-builder-el-8  el_after_av_social_share  el_before_av_comments_list '><span class='hr-inner ' ><span class='hr-inner-style'><\/span><\/span><\/div>\n<div  class='av-buildercomment  av-blog-meta-html-info-disabled av-blog-meta-tag-disabled  '><\/div>\n","protected":false},"excerpt":{"rendered":"","protected":false},"author":1,"featured_media":36086,"comment_status":"open","ping_status":"open","sticky":false,"template":"","format":"standard","meta":{"footnotes":""},"categories":[38],"tags":[],"class_list":["post-36085","post","type-post","status-publish","format-standard","has-post-thumbnail","hentry","category-regional"],"jetpack_featured_media_url":"https:\/\/radiorevelacionfm.cl\/wp-content\/uploads\/2023\/10\/Afiche-Reto-Tehuelche-2023-1-1.jpg","_links":{"self":[{"href":"https:\/\/radiorevelacionfm.cl\/index.php?rest_route=\/wp\/v2\/posts\/36085","targetHints":{"allow":["GET"]}}],"collection":[{"href":"https:\/\/radiorevelacionfm.cl\/index.php?rest_route=\/wp\/v2\/posts"}],"about":[{"href":"https:\/\/radiorevelacionfm.cl\/index.php?rest_route=\/wp\/v2\/types\/post"}],"author":[{"embeddable":true,"href":"https:\/\/radiorevelacionfm.cl\/index.php?rest_route=\/wp\/v2\/users\/1"}],"replies":[{"embeddable":true,"href":"https:\/\/radiorevelacionfm.cl\/index.php?rest_route=%2Fwp%2Fv2%2Fcomments&post=36085"}],"version-history":[{"count":1,"href":"https:\/\/radiorevelacionfm.cl\/index.php?rest_route=\/wp\/v2\/posts\/36085\/revisions"}],"predecessor-version":[{"id":36087,"href":"https:\/\/radiorevelacionfm.cl\/index.php?rest_route=\/wp\/v2\/posts\/36085\/revisions\/36087"}],"wp:featuredmedia":[{"embeddable":true,"href":"https:\/\/radiorevelacionfm.cl\/index.php?rest_route=\/wp\/v2\/media\/36086"}],"wp:attachment":[{"href":"https:\/\/radiorevelacionfm.cl\/index.php?rest_route=%2Fwp%2Fv2%2Fmedia&parent=36085"}],"wp:term":[{"taxonomy":"category","embeddable":true,"href":"https:\/\/radiorevelacionfm.cl\/index.php?rest_route=%2Fwp%2Fv2%2Fcategories&post=36085"},{"taxonomy":"post_tag","embeddable":true,"href":"https:\/\/radiorevelacionfm.cl\/index.php?rest_route=%2Fwp%2Fv2%2Ftags&post=36085"}],"curies":[{"name":"wp","href":"https:\/\/api.w.org\/{rel}","templated":true}]}}