{"id":36081,"date":"2023-10-19T22:17:35","date_gmt":"2023-10-20T01:17:35","guid":{"rendered":"https:\/\/radiorevelacionfm.cl\/?p=36081"},"modified":"2023-10-19T22:17:35","modified_gmt":"2023-10-20T01:17:35","slug":"avances-en-nuevo-plan-maestro-del-parque-urbano-natural-cochrane","status":"publish","type":"post","link":"https:\/\/radiorevelacionfm.cl\/?p=36081","title":{"rendered":"Avances en nuevo plan maestro del Parque Urbano Natural Cochrane"},"content":{"rendered":"<div class=\"flex_column av_one_full  flex_column_div av-zero-column-padding first  avia-builder-el-0  el_before_av_one_full  avia-builder-el-first  \" style='border-radius:0px; '><div  class='avia-image-container  av-styling-    avia-builder-el-1  avia-builder-el-no-sibling  avia-align-center '  itemprop=\"image\" itemscope=\"itemscope\" itemtype=\"https:\/\/schema.org\/ImageObject\"  ><div class='avia-image-container-inner'><div class='avia-image-overlay-wrap'><img decoding=\"async\" class='wp-image-36082 avia-img-lazy-loading-not-36082 avia_image' src=\"https:\/\/radiorevelacionfm.cl\/wp-content\/uploads\/2023\/10\/foto-3-16-1_optimized-1.jpeg\" alt='' title='foto-3-(16)-(1)_optimized (1)' height=\"600\" width=\"1067\"  itemprop=\"thumbnailUrl\" srcset=\"https:\/\/radiorevelacionfm.cl\/wp-content\/uploads\/2023\/10\/foto-3-16-1_optimized-1.jpeg 1067w, https:\/\/radiorevelacionfm.cl\/wp-content\/uploads\/2023\/10\/foto-3-16-1_optimized-1-300x169.jpeg 300w, https:\/\/radiorevelacionfm.cl\/wp-content\/uploads\/2023\/10\/foto-3-16-1_optimized-1-1030x579.jpeg 1030w, https:\/\/radiorevelacionfm.cl\/wp-content\/uploads\/2023\/10\/foto-3-16-1_optimized-1-768x432.jpeg 768w, https:\/\/radiorevelacionfm.cl\/wp-content\/uploads\/2023\/10\/foto-3-16-1_optimized-1-705x396.jpeg 705w, https:\/\/radiorevelacionfm.cl\/wp-content\/uploads\/2023\/10\/foto-3-16-1_optimized-1-450x253.jpeg 450w, https:\/\/radiorevelacionfm.cl\/wp-content\/uploads\/2023\/10\/foto-3-16-1_optimized-1-600x337.jpeg 600w\" sizes=\"(max-width: 1067px) 100vw, 1067px\" \/><\/div><\/div><\/div><\/div><div class=\"flex_column av_one_full  flex_column_div av-zero-column-padding first  avia-builder-el-2  el_after_av_one_full  el_before_av_one_full  column-top-margin\" style='border-radius:0px; '><section class=\"av_textblock_section \"  itemscope=\"itemscope\" itemtype=\"https:\/\/schema.org\/BlogPosting\" itemprop=\"blogPost\" ><div class='avia_textblock  '   itemprop=\"text\" ><p style=\"text-align: center;\"><strong><span style=\"font-size: 18pt;\">Avances en nuevo plan maestro del Parque Urbano Natural Cochrane<\/span><\/strong><\/p>\n<div id=\"gtx-trans\" style=\"position: absolute; left: -50px; top: 4.31534px;\">\n<div class=\"gtx-trans-icon\"><\/div>\n<\/div>\n<\/div><\/section><\/div><div class=\"flex_column av_one_full  flex_column_div av-zero-column-padding first  avia-builder-el-4  el_after_av_one_full  el_before_av_hr  column-top-margin\" style='border-radius:0px; '><section class=\"av_textblock_section \"  itemscope=\"itemscope\" itemtype=\"https:\/\/schema.org\/BlogPosting\" itemprop=\"blogPost\" ><div class='avia_textblock  '   itemprop=\"text\" ><div>\n<p class=\"v1MsoNormal\" style=\"text-align: justify;\">Con la presencia de actores privados y p\u00fablicos, durante la semana pasada se llev\u00f3 a cabo la segunda reuni\u00f3n comunitaria para avanzar en el dise\u00f1o del nuevo Plan Maestro del Parque Urbano Natural de Cochrane.<\/p>\n<p class=\"v1MsoNormal\" style=\"text-align: justify;\">Lo anterior tuvo su origen en la fuerte afectaci\u00f3n que sufri\u00f3 este recinto, debido a la construcci\u00f3n del bypass en la ciudad, lo que ocasion\u00f3 cambios en su superficie, desplazamientos y reubicaciones, como sucedi\u00f3, por ejemplo, con el acceso principal.<\/p>\n<p class=\"v1MsoNormal\" style=\"text-align: justify;\">En tal sentido, cabe indicar que este es un espacio p\u00fablico que \u00a0corresponde a una concesi\u00f3n de largo plazo otorgada por el Ministerio de Bienes Nacionales a CONAF el a\u00f1o 2016, oportunidad en la que se decidi\u00f3 que fuera destinado a la construcci\u00f3n de un Parque Urbano Natural para contribuir con el desarrollo local de Cochrane y al mismo tiempo ayudar a mejorar la calidad de vida de sus habitantes y quienes visitan la localidad.<\/p>\n<p class=\"v1MsoNormal\" style=\"text-align: justify;\">Durante la reuni\u00f3n, representantes de la sociedad civil, pertenecientes a diversas organizaciones y agrupaciones locales, realizaron una caminata junto a personal de CONAF y equipos t\u00e9cnicos del Municipio local, con la finalidad de conocer y comprobar en terreno las particularidades de los nuevos senderos y zonas de uso propuestos.<\/p>\n<p class=\"v1MsoNormal\" style=\"text-align: justify;\">Al respecto, la directora regional, Loreto Pedrasa, relev\u00f3 los impactos del Programa de Arborizaci\u00f3n que ejecuta la Corporaci\u00f3n Nacional Forestal (CONAF) desde el a\u00f1o 2010, se\u00f1alando que su objetivo es promover la generaci\u00f3n de servicios ecosist\u00e9micos mediante el fomento del arbolado, parques urbanos y periurbanos en Chile.<\/p>\n<p class=\"v1MsoNormal\" style=\"text-align: justify;\">La autoridad valor\u00f3 los avances en el trabajo que se est\u00e1 realizando en Cochrane, e indic\u00f3 que la creaci\u00f3n de parques urbanos naturales genera nuevos espacios p\u00fablicos que permiten el desarrollo de diversas actividades, encuentros de organizaciones sociales, comunidades ind\u00edgenas, juntas de vecinos, agrupaciones de turismo o deportivas.<\/p>\n<p class=\"v1MsoNormal\" style=\"text-align: justify;\">\u00abEl objetivo, finalmente, es apoyar el que las comunidades recuperen los espacios abiertos y hagan suyos estos parques, reforzando su relaci\u00f3n con la naturaleza\u00bb, dijo.<\/p>\n<p class=\"v1MsoNormal\" style=\"text-align: justify;\">Una vez que se haya ajustado el nuevo Plan Maestro, y que sea socializado con la comunidad de Cochrane, ser\u00e1 posible avanzar tanto en la construcci\u00f3n como en la implementaci\u00f3n de infraestructura para este Parque Urbano Natural.<\/p>\n<\/div>\n<div style=\"text-align: justify;\"><\/div>\n<\/div><\/section><\/div><div  style='height:50px' class='hr hr-invisible   avia-builder-el-6  el_after_av_one_full  el_before_av_social_share '><span class='hr-inner ' ><span class='hr-inner-style'><\/span><\/span><\/div><\/p>\n<div  class='av-social-sharing-box  avia-builder-el-7  el_after_av_hr  el_before_av_hr  '><div class='av-share-box'><h5 class='av-share-link-description av-no-toc '>Compartir esta noticia<\/h5><ul class='av-share-box-list noLightbox'><li class='av-share-link av-social-link-facebook' ><a target=\"_blank\" aria-label=\"Compartir en Facebook\" href='https:\/\/www.facebook.com\/sharer.php?u=https:\/\/radiorevelacionfm.cl\/?p=36081&#038;t=Avances%20en%20nuevo%20plan%20maestro%20del%20Parque%20Urbano%20Natural%20Cochrane' aria-hidden='false' data-av_icon='\ue8f3' data-av_iconfont='entypo-fontello' title='' data-avia-related-tooltip='Compartir en Facebook' rel=\"noopener\"><span class='avia_hidden_link_text'>Compartir en Facebook<\/span><\/a><\/li><li class='av-share-link av-social-link-twitter' ><a target=\"_blank\" aria-label=\"Compartir en Twitter\" href='https:\/\/twitter.com\/share?text=Avances%20en%20nuevo%20plan%20maestro%20del%20Parque%20Urbano%20Natural%20Cochrane&#038;url=https:\/\/radiorevelacionfm.cl\/?p=36081' aria-hidden='false' data-av_icon='\ue8f1' data-av_iconfont='entypo-fontello' title='' data-avia-related-tooltip='Compartir en Twitter' rel=\"noopener\"><span class='avia_hidden_link_text'>Compartir en Twitter<\/span><\/a><\/li><li class='av-share-link av-social-link-whatsapp' ><a target=\"_blank\" aria-label=\"Compartir en Whatsapp\" href='https:\/\/api.whatsapp.com\/send?text=https:\/\/radiorevelacionfm.cl\/?p=36081' aria-hidden='false' data-av_icon='\uf232' data-av_iconfont='entypo-fontello' title='' data-avia-related-tooltip='Compartir en Whatsapp' rel=\"noopener\"><span class='avia_hidden_link_text'>Compartir en Whatsapp<\/span><\/a><\/li><li class='av-share-link av-social-link-linkedin' ><a target=\"_blank\" aria-label=\"Compartir en LinkedIn\" href='https:\/\/linkedin.com\/shareArticle?mini=true&#038;title=Avances%20en%20nuevo%20plan%20maestro%20del%20Parque%20Urbano%20Natural%20Cochrane&#038;url=https:\/\/radiorevelacionfm.cl\/?p=36081' aria-hidden='false' data-av_icon='\ue8fc' data-av_iconfont='entypo-fontello' title='' data-avia-related-tooltip='Compartir en LinkedIn' rel=\"noopener\"><span class='avia_hidden_link_text'>Compartir en LinkedIn<\/span><\/a><\/li><li class='av-share-link av-social-link-mail' ><a  aria-label=\"Compartir por correo\" href='mailto:?subject=Avances%20en%20nuevo%20plan%20maestro%20del%20Parque%20Urbano%20Natural%20Cochrane&#038;body=https:\/\/radiorevelacionfm.cl\/?p=36081' aria-hidden='false' data-av_icon='\ue805' data-av_iconfont='entypo-fontello' title='' data-avia-related-tooltip='Compartir por correo'><span class='avia_hidden_link_text'>Compartir por correo<\/span><\/a><\/li><\/ul><\/div><\/div>\n<div  style='height:50px' class='hr hr-invisible   avia-builder-el-8  el_after_av_social_share  el_before_av_comments_list '><span class='hr-inner ' ><span class='hr-inner-style'><\/span><\/span><\/div>\n<div  class='av-buildercomment  av-blog-meta-html-info-disabled av-blog-meta-tag-disabled  '><\/div>\n","protected":false},"excerpt":{"rendered":"","protected":false},"author":1,"featured_media":36082,"comment_status":"open","ping_status":"open","sticky":false,"template":"","format":"standard","meta":{"footnotes":""},"categories":[38],"tags":[],"class_list":["post-36081","post","type-post","status-publish","format-standard","has-post-thumbnail","hentry","category-regional"],"jetpack_featured_media_url":"https:\/\/radiorevelacionfm.cl\/wp-content\/uploads\/2023\/10\/foto-3-16-1_optimized-1.jpeg","_links":{"self":[{"href":"https:\/\/radiorevelacionfm.cl\/index.php?rest_route=\/wp\/v2\/posts\/36081","targetHints":{"allow":["GET"]}}],"collection":[{"href":"https:\/\/radiorevelacionfm.cl\/index.php?rest_route=\/wp\/v2\/posts"}],"about":[{"href":"https:\/\/radiorevelacionfm.cl\/index.php?rest_route=\/wp\/v2\/types\/post"}],"author":[{"embeddable":true,"href":"https:\/\/radiorevelacionfm.cl\/index.php?rest_route=\/wp\/v2\/users\/1"}],"replies":[{"embeddable":true,"href":"https:\/\/radiorevelacionfm.cl\/index.php?rest_route=%2Fwp%2Fv2%2Fcomments&post=36081"}],"version-history":[{"count":1,"href":"https:\/\/radiorevelacionfm.cl\/index.php?rest_route=\/wp\/v2\/posts\/36081\/revisions"}],"predecessor-version":[{"id":36083,"href":"https:\/\/radiorevelacionfm.cl\/index.php?rest_route=\/wp\/v2\/posts\/36081\/revisions\/36083"}],"wp:featuredmedia":[{"embeddable":true,"href":"https:\/\/radiorevelacionfm.cl\/index.php?rest_route=\/wp\/v2\/media\/36082"}],"wp:attachment":[{"href":"https:\/\/radiorevelacionfm.cl\/index.php?rest_route=%2Fwp%2Fv2%2Fmedia&parent=36081"}],"wp:term":[{"taxonomy":"category","embeddable":true,"href":"https:\/\/radiorevelacionfm.cl\/index.php?rest_route=%2Fwp%2Fv2%2Fcategories&post=36081"},{"taxonomy":"post_tag","embeddable":true,"href":"https:\/\/radiorevelacionfm.cl\/index.php?rest_route=%2Fwp%2Fv2%2Ftags&post=36081"}],"curies":[{"name":"wp","href":"https:\/\/api.w.org\/{rel}","templated":true}]}}