{"id":36078,"date":"2023-10-20T14:58:13","date_gmt":"2023-10-20T17:58:13","guid":{"rendered":"https:\/\/radiorevelacionfm.cl\/?p=36078"},"modified":"2023-10-20T14:58:13","modified_gmt":"2023-10-20T17:58:13","slug":"curso-de-capacitacion-promovio-el-uso-comunitario-de-energia-renovable-en-aysen","status":"publish","type":"post","link":"https:\/\/radiorevelacionfm.cl\/?p=36078","title":{"rendered":"Curso de capacitaci\u00f3n promovi\u00f3 el uso comunitario de energ\u00eda renovable en Ays\u00e9n"},"content":{"rendered":"<div class=\"flex_column av_one_full  flex_column_div av-zero-column-padding first  avia-builder-el-0  el_before_av_one_full  avia-builder-el-first  \" style='border-radius:0px; '><div  class='avia-image-container  av-styling-    avia-builder-el-1  avia-builder-el-no-sibling  avia-align-center '  itemprop=\"image\" itemscope=\"itemscope\" itemtype=\"https:\/\/schema.org\/ImageObject\"  ><div class='avia-image-container-inner'><div class='avia-image-overlay-wrap'><img decoding=\"async\" class='wp-image-36079 avia-img-lazy-loading-not-36079 avia_image' src=\"https:\/\/radiorevelacionfm.cl\/wp-content\/uploads\/2023\/10\/foto3-6-1-1.jpg\" alt='' title='foto3 (6) (1) (1)' height=\"600\" width=\"800\"  itemprop=\"thumbnailUrl\" srcset=\"https:\/\/radiorevelacionfm.cl\/wp-content\/uploads\/2023\/10\/foto3-6-1-1.jpg 800w, https:\/\/radiorevelacionfm.cl\/wp-content\/uploads\/2023\/10\/foto3-6-1-1-300x225.jpg 300w, https:\/\/radiorevelacionfm.cl\/wp-content\/uploads\/2023\/10\/foto3-6-1-1-768x576.jpg 768w, https:\/\/radiorevelacionfm.cl\/wp-content\/uploads\/2023\/10\/foto3-6-1-1-705x529.jpg 705w, https:\/\/radiorevelacionfm.cl\/wp-content\/uploads\/2023\/10\/foto3-6-1-1-450x338.jpg 450w, https:\/\/radiorevelacionfm.cl\/wp-content\/uploads\/2023\/10\/foto3-6-1-1-600x450.jpg 600w\" sizes=\"(max-width: 800px) 100vw, 800px\" \/><\/div><\/div><\/div><\/div><div class=\"flex_column av_one_full  flex_column_div av-zero-column-padding first  avia-builder-el-2  el_after_av_one_full  el_before_av_one_full  column-top-margin\" style='border-radius:0px; '><section class=\"av_textblock_section \"  itemscope=\"itemscope\" itemtype=\"https:\/\/schema.org\/BlogPosting\" itemprop=\"blogPost\" ><div class='avia_textblock  '   itemprop=\"text\" ><p style=\"text-align: center;\"><span style=\"font-size: 18pt;\"><strong>Curso de capacitaci\u00f3n promovi\u00f3 el uso comunitario de energ\u00eda renovable en Ays\u00e9n<\/strong><\/span><\/p>\n<div id=\"gtx-trans\" style=\"position: absolute; left: -50px; top: 4.31534px;\">\n<div class=\"gtx-trans-icon\"><\/div>\n<\/div>\n<\/div><\/section><\/div><div class=\"flex_column av_one_full  flex_column_div av-zero-column-padding first  avia-builder-el-4  el_after_av_one_full  el_before_av_hr  column-top-margin\" style='border-radius:0px; '><section class=\"av_textblock_section \"  itemscope=\"itemscope\" itemtype=\"https:\/\/schema.org\/BlogPosting\" itemprop=\"blogPost\" ><div class='avia_textblock  '   itemprop=\"text\" ><p style=\"text-align: justify;\">Transitar desde la utilizaci\u00f3n de combustibles f\u00f3siles hacia las energ\u00edas renovables es uno de los desaf\u00edos m\u00e1s importantes que debe enfrentar Chile, pero este es a\u00fan mayor si se impulsa que la energ\u00eda adem\u00e1s de ser renovable, sea de propiedad de las personas. La Regi\u00f3n de Ays\u00e9n cuenta con un potencial importante para el desarrollo de proyectos de energ\u00eda renovable de propiedad comunitaria.<\/p>\n<p style=\"text-align: justify;\">En este marco es donde cobra relevancia el impulso de iniciativas de generaci\u00f3n distribuida de propiedad conjunta, herramienta que permite que un grupo de personas instale un sistema de generaci\u00f3n renovable en un lugar con potencial (h\u00eddrico, e\u00f3lico o solar), inyecte la energ\u00eda inyectada a la red el\u00e9ctrica y ahorre en sus cuentas de electricidad en sus casas, est\u00e9n estas cerca o lejos del punto donde esta se genera. Esto permite mejorar el acceso a este tipo de tecnolog\u00edas ya que de forma grupal se unen los recursos y es mucho m\u00e1s realizable, adem\u00e1s el trabajo colaborativo genera empleos relacionados con estos sistemas favoreciendo con ello el desarrollo local.<\/p>\n<p style=\"text-align: justify;\">Este fue el tema que abord\u00f3 el pasado 13 y 14 de octubre el curso gratuito impartido en la ciudad de Coyhaique por la ONG Energ\u00eda Colectiva en colaboraci\u00f3n con la Seremi de Energ\u00eda de Ays\u00e9n, iniciativa financiada por el Fondo de Fortalecimiento de Organizaci\u00f3n de Inter\u00e9s P\u00fablico (FFOIP 2023).<\/p>\n<p style=\"text-align: justify;\">Al respecto, el Seremi de Energ\u00eda de Ays\u00e9n, Carlos D\u00edaz, qui\u00e9n expuso sobre los aspectos t\u00e9cnicos de la generaci\u00f3n distribuida de propiedad conjunta, destac\u00f3 que \u201ces prioritario poder impulsar la generaci\u00f3n de energ\u00eda renovable de propiedad de las personas, para que se transforme en algo com\u00fan que las viviendas se abastezcan de energ\u00eda el\u00e9ctrica renovable y propia. En Ays\u00e9n tenemos tanta disponibilidad de recursos renovables, principalmente h\u00eddricos, que es posible que las personas se organicen, construyan microcentrales de pasada, que estas inyecten a la red y que esas personas consuman esa energ\u00eda, donde sea que vivan en la regi\u00f3n. Pensamos que esto incluso puede ser una medida de descontaminaci\u00f3n, si es que las personas se cambian desde la le\u00f1a a la calefacci\u00f3n el\u00e9ctrica, con electricidad propia\u201d.<\/p>\n<p style=\"text-align: justify;\">Otro de los \u00e1mbitos que abarc\u00f3 la capacitaci\u00f3n estuvo relacionado con el marco regulatorio a cargo de Cristian Mires, Abogado, Mag\u00edster en Medio Ambiente y Asesor Legal de la ONG Energ\u00eda Colectiva, qui\u00e9n se\u00f1al\u00f3 que \u201ceste taller abord\u00f3 contenidos jur\u00eddicos importantes para conformar una agrupaci\u00f3n de usuarios necesaria para desarrollar un proyecto bajo la modalidad de propiedad conjunta o comunitaria. Los participantes pudieron comprender los beneficios de este tipo de iniciativas los que van m\u00e1s all\u00e1 de los temas individuales, ya que permiten aprovechar econom\u00edas de escala, y levantan barreras como son el acceso al conocimiento incentivando la asociatividad en las personas\u201d.<\/p>\n<p style=\"text-align: justify;\">La segunda jornada estuvo a cargo de Marjorie Neto, Electricista de formaci\u00f3n y docente de la facultad de ingenier\u00eda USACH, qui\u00e9n desarroll\u00f3 un taller sobre el dimensionamiento t\u00e9cnico y econ\u00f3mico de un proyecto de generaci\u00f3n distribuida de propiedad conjunta, ejercicio que busc\u00f3 estimar el ahorro real que se produce con este tipo de iniciativas y evaluar su rentabilidad.<\/p>\n<p style=\"text-align: justify;\">Finalmente, el Seremi D\u00edaz recalc\u00f3 que \u201ccada d\u00eda son m\u00e1s las personas que buscan poner en pr\u00e1ctica acciones transformadoras que contribuyan a tener una regi\u00f3n m\u00e1s renovable y que adem\u00e1s les alivie el gasto econ\u00f3mico de la calefacci\u00f3n. Este curso fue una invitaci\u00f3n a ser parte de un cambio cultural que ha cobrado mucha fuerza en otros pa\u00edses. Es muy com\u00fan en otros lados del mundo que la ciudadan\u00eda forme cooperativas energ\u00e9ticas y que las personas se abastezcan de energ\u00eda propia, generada incluso a cientos de kil\u00f3metros de su punto de consumo\u201d.<\/p>\n<\/div><\/section><\/div><div  style='height:50px' class='hr hr-invisible   avia-builder-el-6  el_after_av_one_full  el_before_av_social_share '><span class='hr-inner ' ><span class='hr-inner-style'><\/span><\/span><\/div><\/p>\n<div  class='av-social-sharing-box  avia-builder-el-7  el_after_av_hr  el_before_av_hr  '><div class='av-share-box'><h5 class='av-share-link-description av-no-toc '>Compartir esta noticia<\/h5><ul class='av-share-box-list noLightbox'><li class='av-share-link av-social-link-facebook' ><a target=\"_blank\" aria-label=\"Compartir en Facebook\" href='https:\/\/www.facebook.com\/sharer.php?u=https:\/\/radiorevelacionfm.cl\/?p=36078&#038;t=Curso%20de%20capacitaci%C3%B3n%20promovi%C3%B3%20el%20uso%20comunitario%20de%20energ%C3%ADa%20renovable%20en%20Ays%C3%A9n' aria-hidden='false' data-av_icon='\ue8f3' data-av_iconfont='entypo-fontello' title='' data-avia-related-tooltip='Compartir en Facebook' rel=\"noopener\"><span class='avia_hidden_link_text'>Compartir en Facebook<\/span><\/a><\/li><li class='av-share-link av-social-link-twitter' ><a target=\"_blank\" aria-label=\"Compartir en Twitter\" href='https:\/\/twitter.com\/share?text=Curso%20de%20capacitaci%C3%B3n%20promovi%C3%B3%20el%20uso%20comunitario%20de%20energ%C3%ADa%20renovable%20en%20Ays%C3%A9n&#038;url=https:\/\/radiorevelacionfm.cl\/?p=36078' aria-hidden='false' data-av_icon='\ue8f1' data-av_iconfont='entypo-fontello' title='' data-avia-related-tooltip='Compartir en Twitter' rel=\"noopener\"><span class='avia_hidden_link_text'>Compartir en Twitter<\/span><\/a><\/li><li class='av-share-link av-social-link-whatsapp' ><a target=\"_blank\" aria-label=\"Compartir en Whatsapp\" href='https:\/\/api.whatsapp.com\/send?text=https:\/\/radiorevelacionfm.cl\/?p=36078' aria-hidden='false' data-av_icon='\uf232' data-av_iconfont='entypo-fontello' title='' data-avia-related-tooltip='Compartir en Whatsapp' rel=\"noopener\"><span class='avia_hidden_link_text'>Compartir en Whatsapp<\/span><\/a><\/li><li class='av-share-link av-social-link-linkedin' ><a target=\"_blank\" aria-label=\"Compartir en LinkedIn\" href='https:\/\/linkedin.com\/shareArticle?mini=true&#038;title=Curso%20de%20capacitaci%C3%B3n%20promovi%C3%B3%20el%20uso%20comunitario%20de%20energ%C3%ADa%20renovable%20en%20Ays%C3%A9n&#038;url=https:\/\/radiorevelacionfm.cl\/?p=36078' aria-hidden='false' data-av_icon='\ue8fc' data-av_iconfont='entypo-fontello' title='' data-avia-related-tooltip='Compartir en LinkedIn' rel=\"noopener\"><span class='avia_hidden_link_text'>Compartir en LinkedIn<\/span><\/a><\/li><li class='av-share-link av-social-link-mail' ><a  aria-label=\"Compartir por correo\" href='mailto:?subject=Curso%20de%20capacitaci%C3%B3n%20promovi%C3%B3%20el%20uso%20comunitario%20de%20energ%C3%ADa%20renovable%20en%20Ays%C3%A9n&#038;body=https:\/\/radiorevelacionfm.cl\/?p=36078' aria-hidden='false' data-av_icon='\ue805' data-av_iconfont='entypo-fontello' title='' data-avia-related-tooltip='Compartir por correo'><span class='avia_hidden_link_text'>Compartir por correo<\/span><\/a><\/li><\/ul><\/div><\/div>\n<div  style='height:50px' class='hr hr-invisible   avia-builder-el-8  el_after_av_social_share  el_before_av_comments_list '><span class='hr-inner ' ><span class='hr-inner-style'><\/span><\/span><\/div>\n<div  class='av-buildercomment  av-blog-meta-html-info-disabled av-blog-meta-tag-disabled  '><\/div>\n","protected":false},"excerpt":{"rendered":"","protected":false},"author":1,"featured_media":36079,"comment_status":"open","ping_status":"open","sticky":false,"template":"","format":"standard","meta":{"footnotes":""},"categories":[38],"tags":[],"class_list":["post-36078","post","type-post","status-publish","format-standard","has-post-thumbnail","hentry","category-regional"],"jetpack_featured_media_url":"https:\/\/radiorevelacionfm.cl\/wp-content\/uploads\/2023\/10\/foto3-6-1-1.jpg","_links":{"self":[{"href":"https:\/\/radiorevelacionfm.cl\/index.php?rest_route=\/wp\/v2\/posts\/36078","targetHints":{"allow":["GET"]}}],"collection":[{"href":"https:\/\/radiorevelacionfm.cl\/index.php?rest_route=\/wp\/v2\/posts"}],"about":[{"href":"https:\/\/radiorevelacionfm.cl\/index.php?rest_route=\/wp\/v2\/types\/post"}],"author":[{"embeddable":true,"href":"https:\/\/radiorevelacionfm.cl\/index.php?rest_route=\/wp\/v2\/users\/1"}],"replies":[{"embeddable":true,"href":"https:\/\/radiorevelacionfm.cl\/index.php?rest_route=%2Fwp%2Fv2%2Fcomments&post=36078"}],"version-history":[{"count":1,"href":"https:\/\/radiorevelacionfm.cl\/index.php?rest_route=\/wp\/v2\/posts\/36078\/revisions"}],"predecessor-version":[{"id":36080,"href":"https:\/\/radiorevelacionfm.cl\/index.php?rest_route=\/wp\/v2\/posts\/36078\/revisions\/36080"}],"wp:featuredmedia":[{"embeddable":true,"href":"https:\/\/radiorevelacionfm.cl\/index.php?rest_route=\/wp\/v2\/media\/36079"}],"wp:attachment":[{"href":"https:\/\/radiorevelacionfm.cl\/index.php?rest_route=%2Fwp%2Fv2%2Fmedia&parent=36078"}],"wp:term":[{"taxonomy":"category","embeddable":true,"href":"https:\/\/radiorevelacionfm.cl\/index.php?rest_route=%2Fwp%2Fv2%2Fcategories&post=36078"},{"taxonomy":"post_tag","embeddable":true,"href":"https:\/\/radiorevelacionfm.cl\/index.php?rest_route=%2Fwp%2Fv2%2Ftags&post=36078"}],"curies":[{"name":"wp","href":"https:\/\/api.w.org\/{rel}","templated":true}]}}