{"id":36075,"date":"2023-10-19T20:55:54","date_gmt":"2023-10-19T23:55:54","guid":{"rendered":"https:\/\/radiorevelacionfm.cl\/?p=36075"},"modified":"2023-10-19T20:55:54","modified_gmt":"2023-10-19T23:55:54","slug":"tortel-es-reconocido-como-best-tourism-villages-2023-por-la-omt","status":"publish","type":"post","link":"https:\/\/radiorevelacionfm.cl\/?p=36075","title":{"rendered":"Tortel es reconocido como Best Tourism Villages 2023 por la OMT"},"content":{"rendered":"<div class=\"flex_column av_one_full  flex_column_div av-zero-column-padding first  avia-builder-el-0  el_before_av_one_full  avia-builder-el-first  \" style='border-radius:0px; '><div  class='avia-image-container  av-styling-    avia-builder-el-1  avia-builder-el-no-sibling  avia-align-center '  itemprop=\"image\" itemscope=\"itemscope\" itemtype=\"https:\/\/schema.org\/ImageObject\"  ><div class='avia-image-container-inner'><div class='avia-image-overlay-wrap'><img decoding=\"async\" class='wp-image-36076 avia-img-lazy-loading-not-36076 avia_image' src=\"https:\/\/radiorevelacionfm.cl\/wp-content\/uploads\/2023\/10\/img_8125-1_optimized-1.jpg\" alt='' title='img_8125-(1)_optimized (1)' height=\"600\" width=\"900\"  itemprop=\"thumbnailUrl\" srcset=\"https:\/\/radiorevelacionfm.cl\/wp-content\/uploads\/2023\/10\/img_8125-1_optimized-1.jpg 900w, https:\/\/radiorevelacionfm.cl\/wp-content\/uploads\/2023\/10\/img_8125-1_optimized-1-300x200.jpg 300w, https:\/\/radiorevelacionfm.cl\/wp-content\/uploads\/2023\/10\/img_8125-1_optimized-1-768x512.jpg 768w, https:\/\/radiorevelacionfm.cl\/wp-content\/uploads\/2023\/10\/img_8125-1_optimized-1-705x470.jpg 705w, https:\/\/radiorevelacionfm.cl\/wp-content\/uploads\/2023\/10\/img_8125-1_optimized-1-450x300.jpg 450w, https:\/\/radiorevelacionfm.cl\/wp-content\/uploads\/2023\/10\/img_8125-1_optimized-1-600x400.jpg 600w\" sizes=\"(max-width: 900px) 100vw, 900px\" \/><\/div><\/div><\/div><\/div><div class=\"flex_column av_one_full  flex_column_div av-zero-column-padding first  avia-builder-el-2  el_after_av_one_full  el_before_av_one_full  column-top-margin\" style='border-radius:0px; '><section class=\"av_textblock_section \"  itemscope=\"itemscope\" itemtype=\"https:\/\/schema.org\/BlogPosting\" itemprop=\"blogPost\" ><div class='avia_textblock  '   itemprop=\"text\" ><p style=\"text-align: center;\"><span style=\"font-size: 18pt;\"><strong>Tortel es reconocido como Best Tourism Villages 2023 por la OMT<\/strong><\/span><\/p>\n<div id=\"gtx-trans\" style=\"position: absolute; left: -50px; top: 4.31534px;\">\n<div class=\"gtx-trans-icon\"><\/div>\n<\/div>\n<\/div><\/section><\/div><div class=\"flex_column av_one_full  flex_column_div av-zero-column-padding first  avia-builder-el-4  el_after_av_one_full  el_before_av_hr  column-top-margin\" style='border-radius:0px; '><section class=\"av_textblock_section \"  itemscope=\"itemscope\" itemtype=\"https:\/\/schema.org\/BlogPosting\" itemprop=\"blogPost\" ><div class='avia_textblock  '   itemprop=\"text\" ><p style=\"text-align: justify;\"><em>La comuna conocida por sus pasarelas de cipr\u00e9s, es la primera localidad de la regi\u00f3n de Ays\u00e9n en ser reconocida con este sello en nuestro pa\u00eds. Este sello permitir\u00e1 nuevas capacitaciones para emprendedores de la localidad, favoreciendo un mejor rubro tur\u00edstico.<\/em><\/p>\n<p style=\"text-align: justify;\">La comuna de Tortel fue reconocida como uno de los tres Mejores Pueblos Tur\u00edsticos de Chile, o Best Tourism Villages, por la Organizaci\u00f3n Mundial del Turismo (OMT), durante su vig\u00e9simo quinto encuentro desarrollado en Samarcanda, Uzbekist\u00e1n. Este reconocimiento, compartido con las comunas de Barrancas y Pisco Elqui, fue otorgado durante la tercera versi\u00f3n de los Best Tourism Village, sello que comenz\u00f3 el a\u00f1o 2021, como parte del Programa de Turismo para el Desarrollo Rural de la OMT.<\/p>\n<p style=\"text-align: justify;\">El Best Tourism Village es un reconocimiento que se otorga a destinos rurales, cuya oferta promueve estilos de vida comunitarios, fomentando un turismo sustentable en sinton\u00eda con el bienestar de las comunidades y entorno. As\u00ed, en Tortel esta distinci\u00f3n refuerza la oferta tur\u00edstica del territorio, cuya geograf\u00eda tiene m\u00e1s de un 87% de \u00e1reas naturales, y donde anualmente llegan miles de visitantes fascinados por los m\u00e1s de ocho kil\u00f3metros de pasarelas que unen la localidad.<\/p>\n<p style=\"text-align: justify;\">A juicio del alcalde de Tortel, Abel Becerra Vidal, \u201ceste nombramiento nos reafirma y nos da confianza para seguir trabajando en esta misma l\u00ednea, ya sea en los servicios tur\u00edsticos y en infraestructura, pero todav\u00eda falta mucho. Nosotros como comuna, si bien es cierto, estamos privilegiados por el lugar geogr\u00e1fico donde nos encontramos, pero tambi\u00e9n necesitamos apoyo y articulaci\u00f3n desde el gobierno regional y de otras instituciones, para seguir engrandeciendo los servicios que brindamos\u201d agrega la autoridad comunal.<\/p>\n<p style=\"text-align: justify;\">Monumentos nacionales, glaciares, navegaci\u00f3n por fiordos, tradiciones culturales marcadas por oficios vinculados a la madera y lana, son algunos de los atractivos de esta localidad, que con el sello Best Tourism Village podr\u00e1n ser conocidos por personas de todo el mundo.<\/p>\n<p style=\"text-align: justify;\">En esa l\u00ednea, Claudio Montecinos, director regional de SERNATUR, agrega que \u201ccomo SERNATUR Ays\u00e9n queremos felicitar a la comuna de Tortel por el reconocimiento realizado por la Organizaci\u00f3n Mundial de Turismo de los Best Tourism Villages 2023. Caleta Tortel es parte de los 54 pueblos de todo el mundo y este reconocimiento posiciona a Caleta Tortel y a nuestra regi\u00f3n a nivel mundial\u201d finaliza el representante, enfatizando en la importancia que tiene este nombramiento al ser Tortel la primera comuna de Ays\u00e9n que lo recibe.<\/p>\n<p style=\"text-align: justify;\">Este sello permitir\u00e1 que Tortel reciba apoyo para trabajar diversos aspectos que mejoren el servicio tur\u00edstico de sus emprendedores, adem\u00e1s de promoci\u00f3n para dar a conocer la comuna. Este punto cobra especial relevancia considerando las distancias geogr\u00e1ficas y los particulares accesos de la localidad, lo que dificulta la posibilidad de los operadores tur\u00edsticos para participar de talleres de forma peri\u00f3dica.<\/p>\n<p style=\"text-align: justify;\">En ese sentido, Andrea Rosas, vicepresidenta de la Corporaci\u00f3n Provincial de los Glaciares, se\u00f1ala que, \u201ces important\u00edsimo este reconocimiento toda vez que sabemos y reconocemos las brechas que existen en los territorios m\u00e1s apartados, pero tambi\u00e9n conocemos su potencial. Y estamos m\u00e1s que agradecidos. Hay que dar las gracias a todos los pobladores de Caleta Tortel que hacen posible que este pueblo hecho a mano, como es definido por la presentadora de la organizaci\u00f3n mundial de turismo, est\u00e9 presente en estos premios 2023 de la organizaci\u00f3n\u201d asegura.<\/p>\n<p style=\"text-align: justify;\">Tras este reconocimiento, la comuna de las pasarelas espera pr\u00f3ximamente reunirse con la subsecretaria de Turismo, Ver\u00f3nica Pardo, autoridad que recibi\u00f3 el galard\u00f3n en Uzbekist\u00e1n, para compartir con sus vecinos un triunfo que pertenece a toda la comunidad.<\/p>\n<\/div><\/section><\/div><div  style='height:50px' class='hr hr-invisible   avia-builder-el-6  el_after_av_one_full  el_before_av_social_share '><span class='hr-inner ' ><span class='hr-inner-style'><\/span><\/span><\/div><\/p>\n<div  class='av-social-sharing-box  avia-builder-el-7  el_after_av_hr  el_before_av_hr  '><div class='av-share-box'><h5 class='av-share-link-description av-no-toc '>Compartir esta noticia<\/h5><ul class='av-share-box-list noLightbox'><li class='av-share-link av-social-link-facebook' ><a target=\"_blank\" aria-label=\"Compartir en Facebook\" href='https:\/\/www.facebook.com\/sharer.php?u=https:\/\/radiorevelacionfm.cl\/?p=36075&#038;t=Tortel%20es%20reconocido%20como%20Best%20Tourism%20Villages%202023%20por%20la%20OMT' aria-hidden='false' data-av_icon='\ue8f3' data-av_iconfont='entypo-fontello' title='' data-avia-related-tooltip='Compartir en Facebook' rel=\"noopener\"><span class='avia_hidden_link_text'>Compartir en Facebook<\/span><\/a><\/li><li class='av-share-link av-social-link-twitter' ><a target=\"_blank\" aria-label=\"Compartir en Twitter\" href='https:\/\/twitter.com\/share?text=Tortel%20es%20reconocido%20como%20Best%20Tourism%20Villages%202023%20por%20la%20OMT&#038;url=https:\/\/radiorevelacionfm.cl\/?p=36075' aria-hidden='false' data-av_icon='\ue8f1' data-av_iconfont='entypo-fontello' title='' data-avia-related-tooltip='Compartir en Twitter' rel=\"noopener\"><span class='avia_hidden_link_text'>Compartir en Twitter<\/span><\/a><\/li><li class='av-share-link av-social-link-whatsapp' ><a target=\"_blank\" aria-label=\"Compartir en Whatsapp\" href='https:\/\/api.whatsapp.com\/send?text=https:\/\/radiorevelacionfm.cl\/?p=36075' aria-hidden='false' data-av_icon='\uf232' data-av_iconfont='entypo-fontello' title='' data-avia-related-tooltip='Compartir en Whatsapp' rel=\"noopener\"><span class='avia_hidden_link_text'>Compartir en Whatsapp<\/span><\/a><\/li><li class='av-share-link av-social-link-linkedin' ><a target=\"_blank\" aria-label=\"Compartir en LinkedIn\" href='https:\/\/linkedin.com\/shareArticle?mini=true&#038;title=Tortel%20es%20reconocido%20como%20Best%20Tourism%20Villages%202023%20por%20la%20OMT&#038;url=https:\/\/radiorevelacionfm.cl\/?p=36075' aria-hidden='false' data-av_icon='\ue8fc' data-av_iconfont='entypo-fontello' title='' data-avia-related-tooltip='Compartir en LinkedIn' rel=\"noopener\"><span class='avia_hidden_link_text'>Compartir en LinkedIn<\/span><\/a><\/li><li class='av-share-link av-social-link-mail' ><a  aria-label=\"Compartir por correo\" href='mailto:?subject=Tortel%20es%20reconocido%20como%20Best%20Tourism%20Villages%202023%20por%20la%20OMT&#038;body=https:\/\/radiorevelacionfm.cl\/?p=36075' aria-hidden='false' data-av_icon='\ue805' data-av_iconfont='entypo-fontello' title='' data-avia-related-tooltip='Compartir por correo'><span class='avia_hidden_link_text'>Compartir por correo<\/span><\/a><\/li><\/ul><\/div><\/div>\n<div  style='height:50px' class='hr hr-invisible   avia-builder-el-8  el_after_av_social_share  el_before_av_comments_list '><span class='hr-inner ' ><span class='hr-inner-style'><\/span><\/span><\/div>\n<div  class='av-buildercomment  av-blog-meta-html-info-disabled av-blog-meta-tag-disabled  '><\/div>\n","protected":false},"excerpt":{"rendered":"","protected":false},"author":1,"featured_media":36076,"comment_status":"open","ping_status":"open","sticky":false,"template":"","format":"standard","meta":{"footnotes":""},"categories":[38],"tags":[],"class_list":["post-36075","post","type-post","status-publish","format-standard","has-post-thumbnail","hentry","category-regional"],"jetpack_featured_media_url":"https:\/\/radiorevelacionfm.cl\/wp-content\/uploads\/2023\/10\/img_8125-1_optimized-1.jpg","_links":{"self":[{"href":"https:\/\/radiorevelacionfm.cl\/index.php?rest_route=\/wp\/v2\/posts\/36075","targetHints":{"allow":["GET"]}}],"collection":[{"href":"https:\/\/radiorevelacionfm.cl\/index.php?rest_route=\/wp\/v2\/posts"}],"about":[{"href":"https:\/\/radiorevelacionfm.cl\/index.php?rest_route=\/wp\/v2\/types\/post"}],"author":[{"embeddable":true,"href":"https:\/\/radiorevelacionfm.cl\/index.php?rest_route=\/wp\/v2\/users\/1"}],"replies":[{"embeddable":true,"href":"https:\/\/radiorevelacionfm.cl\/index.php?rest_route=%2Fwp%2Fv2%2Fcomments&post=36075"}],"version-history":[{"count":1,"href":"https:\/\/radiorevelacionfm.cl\/index.php?rest_route=\/wp\/v2\/posts\/36075\/revisions"}],"predecessor-version":[{"id":36077,"href":"https:\/\/radiorevelacionfm.cl\/index.php?rest_route=\/wp\/v2\/posts\/36075\/revisions\/36077"}],"wp:featuredmedia":[{"embeddable":true,"href":"https:\/\/radiorevelacionfm.cl\/index.php?rest_route=\/wp\/v2\/media\/36076"}],"wp:attachment":[{"href":"https:\/\/radiorevelacionfm.cl\/index.php?rest_route=%2Fwp%2Fv2%2Fmedia&parent=36075"}],"wp:term":[{"taxonomy":"category","embeddable":true,"href":"https:\/\/radiorevelacionfm.cl\/index.php?rest_route=%2Fwp%2Fv2%2Fcategories&post=36075"},{"taxonomy":"post_tag","embeddable":true,"href":"https:\/\/radiorevelacionfm.cl\/index.php?rest_route=%2Fwp%2Fv2%2Ftags&post=36075"}],"curies":[{"name":"wp","href":"https:\/\/api.w.org\/{rel}","templated":true}]}}