{"id":36072,"date":"2023-10-19T21:42:57","date_gmt":"2023-10-20T00:42:57","guid":{"rendered":"https:\/\/radiorevelacionfm.cl\/?p=36072"},"modified":"2023-10-19T21:42:57","modified_gmt":"2023-10-20T00:42:57","slug":"patios-culturales-lleva-talleres-a-sedes-vecinales-de-coyhaique","status":"publish","type":"post","link":"https:\/\/radiorevelacionfm.cl\/?p=36072","title":{"rendered":"Patios Culturales lleva talleres a sedes vecinales de Coyhaique"},"content":{"rendered":"<div class=\"flex_column av_one_full  flex_column_div av-zero-column-padding first  avia-builder-el-0  el_before_av_one_full  avia-builder-el-first  \" style='border-radius:0px; '><div  class='avia-image-container  av-styling-    avia-builder-el-1  avia-builder-el-no-sibling  avia-align-center '  itemprop=\"image\" itemscope=\"itemscope\" itemtype=\"https:\/\/schema.org\/ImageObject\"  ><div class='avia-image-container-inner'><div class='avia-image-overlay-wrap'><img decoding=\"async\" class='wp-image-36073 avia-img-lazy-loading-not-36073 avia_image' src=\"https:\/\/radiorevelacionfm.cl\/wp-content\/uploads\/2023\/10\/patios-1-1.jpg\" alt='' title='patios (1) (1)' height=\"600\" width=\"797\"  itemprop=\"thumbnailUrl\" srcset=\"https:\/\/radiorevelacionfm.cl\/wp-content\/uploads\/2023\/10\/patios-1-1.jpg 797w, https:\/\/radiorevelacionfm.cl\/wp-content\/uploads\/2023\/10\/patios-1-1-300x226.jpg 300w, https:\/\/radiorevelacionfm.cl\/wp-content\/uploads\/2023\/10\/patios-1-1-768x578.jpg 768w, https:\/\/radiorevelacionfm.cl\/wp-content\/uploads\/2023\/10\/patios-1-1-705x531.jpg 705w, https:\/\/radiorevelacionfm.cl\/wp-content\/uploads\/2023\/10\/patios-1-1-450x339.jpg 450w, https:\/\/radiorevelacionfm.cl\/wp-content\/uploads\/2023\/10\/patios-1-1-600x452.jpg 600w\" sizes=\"(max-width: 797px) 100vw, 797px\" \/><\/div><\/div><\/div><\/div><div class=\"flex_column av_one_full  flex_column_div av-zero-column-padding first  avia-builder-el-2  el_after_av_one_full  el_before_av_one_full  column-top-margin\" style='border-radius:0px; '><section class=\"av_textblock_section \"  itemscope=\"itemscope\" itemtype=\"https:\/\/schema.org\/BlogPosting\" itemprop=\"blogPost\" ><div class='avia_textblock  '   itemprop=\"text\" ><p style=\"text-align: center;\"><span style=\"font-size: 18pt;\"><b>Patios Culturales lleva talleres a sedes vecinales de Coyhaique<\/b><\/span><\/p>\n<div id=\"gtx-trans\" style=\"position: absolute; left: -50px; top: 4.31534px;\">\n<div class=\"gtx-trans-icon\"><\/div>\n<\/div>\n<\/div><\/section><\/div><div class=\"flex_column av_one_full  flex_column_div av-zero-column-padding first  avia-builder-el-4  el_after_av_one_full  el_before_av_hr  column-top-margin\" style='border-radius:0px; '><section class=\"av_textblock_section \"  itemscope=\"itemscope\" itemtype=\"https:\/\/schema.org\/BlogPosting\" itemprop=\"blogPost\" ><div class='avia_textblock  '   itemprop=\"text\" ><p style=\"text-align: justify;\">Malabares, t\u00edteres, batucadas, hip-hop, mimos y clown, entre otras disciplinas se estar\u00e1n impartiendo en sedes vecinales de Coyhaique al alero de Patios Culturales,\u00a0iniciativa que nace desde el Ministerio de las Culturas, las Artes y el Patrimonio a trav\u00e9s de la Subsecretar\u00eda de las Culturas y las Artes, en colaboraci\u00f3n con el Ministerio del Interior a trav\u00e9s de la Subsecretar\u00eda de Prevenci\u00f3n del Delito con su plan \u201cSomos Barrio\u201d y las 3 organizaciones que forman parte del Programa de Apoyo a Organizaciones Culturales Colaboradoras, PAOCC.<\/p>\n<p style=\"text-align: justify;\">Su objetivo es promover el uso de espacios p\u00fablicos por medio de actividades culturales, deportivas y recreativas en plazas y parques, y generar mejor convivencia ciudadana.<\/p>\n<p style=\"text-align: justify;\">Financiadas por la Seremi de Culturas Ays\u00e9n, tres organizaciones culturales se agruparon para trabajar en conjunto los talleres que se est\u00e1n desarrollando en las sedes vecinales de Villa Patagonia, Achen, Valles del Sol y El Bosque. Se trata de la Agrupaci\u00f3n Cultural Comunitaria Malotun, Z\u00edngara Escuela de Danzas y Espacio Cultural y Escuela Teatro Austral.<\/p>\n<p style=\"text-align: justify;\">La facilitadora del Taller de Clown y Mimos, la actriz Martina Lobo, cuenta que \u201cestamos coordinando con las tres organizaciones y cada una tiene su forma de trabajar. Al final lo hemos conseguido y se ha generado un buen v\u00ednculo entre las tres. Ha habido muy buena recepci\u00f3n, nos reunimos previamente con las dirigentas vecinales para presentarles los talleres que vamos a ejecutar. Y la verdad es que ha habido superbuena recepci\u00f3n. La primera clase fue principalmente de actividad de mimos, entrando desde la expresi\u00f3n corporal para que los chiquititos puedan comprender que sus cuerpos comunican. Los que llegaron durante la primera jornada quedaron superprendidos con el idioma corporal. Fue fant\u00e1stica la primera clase\u201d.<\/p>\n<p style=\"text-align: justify;\">El seremi de Culturas Ays\u00e9n, Felipe Quiroz, piensa que \u201cPatios Culturales est\u00e1 resultando una gran experiencia comunitaria. Contamos con el apoyo de diversas instituciones y este proyecto es una muestra de que el esfuerzo mancomunado multiplica el beneficio para los vecinos y vecinas de las ciudades de nuestra regi\u00f3n. Ver a instituciones de diversas disciplinas como Malotun, Z\u00edngara y Teatro Austral trabajando en conjunto en beneficio de diversas comunidades, por supuesto que da mucha satisfacci\u00f3n. Los esfuerzos que estamos haciendo como Gobierno est\u00e1n dando frutos. As\u00ed lo estamos viendo en los barrios donde se desarrolla Patios Culturales\u201d.<\/p>\n<p style=\"text-align: justify;\">La bailarina Ana Ans\u00f3n trabaj\u00f3 en la coordinaci\u00f3n del proyecto: \u201cCuando fui al Taller de Biodanza, hab\u00eda gente que hab\u00eda venido porque lo hab\u00eda visto en las redes sociales de Malotun, entonces al estar vinculados los tres y al estar haciendo difusi\u00f3n en conjunto, ha venido gente que no conoc\u00eda sobre estas disciplinas. Se enriquece el trabajo porque cada uno tiene diferentes seguidores\u201d.<\/p>\n<p style=\"text-align: justify;\">El rapero Tinta Shinoh ha estado trabajando su Taller de Hip Hop en la sede Valles del Sol: \u201cEstamos con cinco compas, tres son menores de edad. Ellos son parte de la comunidad hip hop de Coyhaique y hemos trabajado, adem\u00e1s de temas espec\u00edficos que est\u00e1n relacionados con la escritura de l\u00edrica, tambi\u00e9n hemos hablado de los or\u00edgenes de la cultura, hemos tenido conversaciones y reflexiones sobre estos 50 a\u00f1os que cumple la cultura hip hop. Ha tenido buena aceptaci\u00f3n el taller. Los muchachos est\u00e1n contentos y motivados con el trabajo que se est\u00e1 haciendo de forma grupal\u201d.<\/p>\n<p style=\"text-align: justify;\">La informaci\u00f3n con horarios y lugares de cada taller est\u00e1n disponibles en las redes sociales de Culturas Ays\u00e9n.<\/p>\n<div id=\"m_-4916455998692547468Signature\" style=\"text-align: justify;\"><\/div>\n<\/div><\/section><\/div><div  style='height:50px' class='hr hr-invisible   avia-builder-el-6  el_after_av_one_full  el_before_av_social_share '><span class='hr-inner ' ><span class='hr-inner-style'><\/span><\/span><\/div><\/p>\n<div  class='av-social-sharing-box  avia-builder-el-7  el_after_av_hr  el_before_av_hr  '><div class='av-share-box'><h5 class='av-share-link-description av-no-toc '>Compartir esta noticia<\/h5><ul class='av-share-box-list noLightbox'><li class='av-share-link av-social-link-facebook' ><a target=\"_blank\" aria-label=\"Compartir en Facebook\" href='https:\/\/www.facebook.com\/sharer.php?u=https:\/\/radiorevelacionfm.cl\/?p=36072&#038;t=Patios%20Culturales%20lleva%20talleres%20a%20sedes%20vecinales%20de%20Coyhaique' aria-hidden='false' data-av_icon='\ue8f3' data-av_iconfont='entypo-fontello' title='' data-avia-related-tooltip='Compartir en Facebook' rel=\"noopener\"><span class='avia_hidden_link_text'>Compartir en Facebook<\/span><\/a><\/li><li class='av-share-link av-social-link-twitter' ><a target=\"_blank\" aria-label=\"Compartir en Twitter\" href='https:\/\/twitter.com\/share?text=Patios%20Culturales%20lleva%20talleres%20a%20sedes%20vecinales%20de%20Coyhaique&#038;url=https:\/\/radiorevelacionfm.cl\/?p=36072' aria-hidden='false' data-av_icon='\ue8f1' data-av_iconfont='entypo-fontello' title='' data-avia-related-tooltip='Compartir en Twitter' rel=\"noopener\"><span class='avia_hidden_link_text'>Compartir en Twitter<\/span><\/a><\/li><li class='av-share-link av-social-link-whatsapp' ><a target=\"_blank\" aria-label=\"Compartir en Whatsapp\" href='https:\/\/api.whatsapp.com\/send?text=https:\/\/radiorevelacionfm.cl\/?p=36072' aria-hidden='false' data-av_icon='\uf232' data-av_iconfont='entypo-fontello' title='' data-avia-related-tooltip='Compartir en Whatsapp' rel=\"noopener\"><span class='avia_hidden_link_text'>Compartir en Whatsapp<\/span><\/a><\/li><li class='av-share-link av-social-link-linkedin' ><a target=\"_blank\" aria-label=\"Compartir en LinkedIn\" href='https:\/\/linkedin.com\/shareArticle?mini=true&#038;title=Patios%20Culturales%20lleva%20talleres%20a%20sedes%20vecinales%20de%20Coyhaique&#038;url=https:\/\/radiorevelacionfm.cl\/?p=36072' aria-hidden='false' data-av_icon='\ue8fc' data-av_iconfont='entypo-fontello' title='' data-avia-related-tooltip='Compartir en LinkedIn' rel=\"noopener\"><span class='avia_hidden_link_text'>Compartir en LinkedIn<\/span><\/a><\/li><li class='av-share-link av-social-link-mail' ><a  aria-label=\"Compartir por correo\" href='mailto:?subject=Patios%20Culturales%20lleva%20talleres%20a%20sedes%20vecinales%20de%20Coyhaique&#038;body=https:\/\/radiorevelacionfm.cl\/?p=36072' aria-hidden='false' data-av_icon='\ue805' data-av_iconfont='entypo-fontello' title='' data-avia-related-tooltip='Compartir por correo'><span class='avia_hidden_link_text'>Compartir por correo<\/span><\/a><\/li><\/ul><\/div><\/div>\n<div  style='height:50px' class='hr hr-invisible   avia-builder-el-8  el_after_av_social_share  el_before_av_comments_list '><span class='hr-inner ' ><span class='hr-inner-style'><\/span><\/span><\/div>\n<div  class='av-buildercomment  av-blog-meta-html-info-disabled av-blog-meta-tag-disabled  '><\/div>\n","protected":false},"excerpt":{"rendered":"","protected":false},"author":1,"featured_media":36073,"comment_status":"open","ping_status":"open","sticky":false,"template":"","format":"standard","meta":{"footnotes":""},"categories":[52],"tags":[],"class_list":["post-36072","post","type-post","status-publish","format-standard","has-post-thumbnail","hentry","category-cultura"],"jetpack_featured_media_url":"https:\/\/radiorevelacionfm.cl\/wp-content\/uploads\/2023\/10\/patios-1-1.jpg","_links":{"self":[{"href":"https:\/\/radiorevelacionfm.cl\/index.php?rest_route=\/wp\/v2\/posts\/36072","targetHints":{"allow":["GET"]}}],"collection":[{"href":"https:\/\/radiorevelacionfm.cl\/index.php?rest_route=\/wp\/v2\/posts"}],"about":[{"href":"https:\/\/radiorevelacionfm.cl\/index.php?rest_route=\/wp\/v2\/types\/post"}],"author":[{"embeddable":true,"href":"https:\/\/radiorevelacionfm.cl\/index.php?rest_route=\/wp\/v2\/users\/1"}],"replies":[{"embeddable":true,"href":"https:\/\/radiorevelacionfm.cl\/index.php?rest_route=%2Fwp%2Fv2%2Fcomments&post=36072"}],"version-history":[{"count":1,"href":"https:\/\/radiorevelacionfm.cl\/index.php?rest_route=\/wp\/v2\/posts\/36072\/revisions"}],"predecessor-version":[{"id":36074,"href":"https:\/\/radiorevelacionfm.cl\/index.php?rest_route=\/wp\/v2\/posts\/36072\/revisions\/36074"}],"wp:featuredmedia":[{"embeddable":true,"href":"https:\/\/radiorevelacionfm.cl\/index.php?rest_route=\/wp\/v2\/media\/36073"}],"wp:attachment":[{"href":"https:\/\/radiorevelacionfm.cl\/index.php?rest_route=%2Fwp%2Fv2%2Fmedia&parent=36072"}],"wp:term":[{"taxonomy":"category","embeddable":true,"href":"https:\/\/radiorevelacionfm.cl\/index.php?rest_route=%2Fwp%2Fv2%2Fcategories&post=36072"},{"taxonomy":"post_tag","embeddable":true,"href":"https:\/\/radiorevelacionfm.cl\/index.php?rest_route=%2Fwp%2Fv2%2Ftags&post=36072"}],"curies":[{"name":"wp","href":"https:\/\/api.w.org\/{rel}","templated":true}]}}