{"id":36069,"date":"2023-10-19T20:25:45","date_gmt":"2023-10-19T23:25:45","guid":{"rendered":"https:\/\/radiorevelacionfm.cl\/?p=36069"},"modified":"2023-10-19T20:25:45","modified_gmt":"2023-10-19T23:25:45","slug":"condenan-a-4-imputados-extranjeros-involucrados-en-secuestro-entre-bandas-rivales-en-coyhaique","status":"publish","type":"post","link":"https:\/\/radiorevelacionfm.cl\/?p=36069","title":{"rendered":"Condenan a 4 imputados extranjeros involucrados en secuestro entre bandas rivales en Coyhaique"},"content":{"rendered":"<div class=\"flex_column av_one_full  flex_column_div av-zero-column-padding first  avia-builder-el-0  el_before_av_one_full  avia-builder-el-first  \" style='border-radius:0px; '><div  class='avia-image-container  av-styling-    avia-builder-el-1  avia-builder-el-no-sibling  avia-align-center '  itemprop=\"image\" itemscope=\"itemscope\" itemtype=\"https:\/\/schema.org\/ImageObject\"  ><div class='avia-image-container-inner'><div class='avia-image-overlay-wrap'><img decoding=\"async\" class='wp-image-36070 avia-img-lazy-loading-not-36070 avia_image' src=\"https:\/\/radiorevelacionfm.cl\/wp-content\/uploads\/2023\/10\/Audiencia_Fiscal_Moris-1-1.jpg\" alt='' title='Audiencia_Fiscal_Moris (1) (1)' height=\"600\" width=\"900\"  itemprop=\"thumbnailUrl\" srcset=\"https:\/\/radiorevelacionfm.cl\/wp-content\/uploads\/2023\/10\/Audiencia_Fiscal_Moris-1-1.jpg 900w, https:\/\/radiorevelacionfm.cl\/wp-content\/uploads\/2023\/10\/Audiencia_Fiscal_Moris-1-1-300x200.jpg 300w, https:\/\/radiorevelacionfm.cl\/wp-content\/uploads\/2023\/10\/Audiencia_Fiscal_Moris-1-1-768x512.jpg 768w, https:\/\/radiorevelacionfm.cl\/wp-content\/uploads\/2023\/10\/Audiencia_Fiscal_Moris-1-1-705x470.jpg 705w, https:\/\/radiorevelacionfm.cl\/wp-content\/uploads\/2023\/10\/Audiencia_Fiscal_Moris-1-1-450x300.jpg 450w, https:\/\/radiorevelacionfm.cl\/wp-content\/uploads\/2023\/10\/Audiencia_Fiscal_Moris-1-1-600x400.jpg 600w\" sizes=\"(max-width: 900px) 100vw, 900px\" \/><\/div><\/div><\/div><\/div><div class=\"flex_column av_one_full  flex_column_div av-zero-column-padding first  avia-builder-el-2  el_after_av_one_full  el_before_av_one_full  column-top-margin\" style='border-radius:0px; '><section class=\"av_textblock_section \"  itemscope=\"itemscope\" itemtype=\"https:\/\/schema.org\/BlogPosting\" itemprop=\"blogPost\" ><div class='avia_textblock  '   itemprop=\"text\" ><p style=\"text-align: center;\"><strong><span style=\"font-size: 18pt;\">Condenan a 4 imputados extranjeros involucrados en secuestro entre bandas rivales en Coyhaique<\/span><\/strong><\/p>\n<div id=\"gtx-trans\" style=\"position: absolute; left: -50px; top: 4.31534px;\">\n<div class=\"gtx-trans-icon\"><\/div>\n<\/div>\n<\/div><\/section><\/div><div class=\"flex_column av_one_full  flex_column_div av-zero-column-padding first  avia-builder-el-4  el_after_av_one_full  el_before_av_hr  column-top-margin\" style='border-radius:0px; '><section class=\"av_textblock_section \"  itemscope=\"itemscope\" itemtype=\"https:\/\/schema.org\/BlogPosting\" itemprop=\"blogPost\" ><div class='avia_textblock  '   itemprop=\"text\" ><p style=\"text-align: justify;\">Tras una acusaci\u00f3n de la Fiscal\u00eda Local de Coyhaique, fueron condenados de forma un\u00e1nime, 4 imputados extranjeros por el delito de secuestro, hecho ocurrido en enero de este a\u00f1o, un caso in\u00e9dito en la Regi\u00f3n de Ays\u00e9n. Esta es una importante condena en el contexto del aumento de la violencia en el actuar del crimen organizado en esta zona del pa\u00eds y la primera por un secuestro en el marco de una lucha de bandas rivales por territorio y drogas.<\/p>\n<p style=\"text-align: justify;\">Todos los involucrados, quienes fueron adem\u00e1s condenados por el delito de lesiones menos graves, se encuentran privados de libertad en el Complejo Penitenciario de Coyhaique, bajo custodia de Gendarmer\u00eda.<\/p>\n<p style=\"text-align: justify;\">El martes 24 de octubre se efectuar\u00e1 la audiencia de lectura de sentencia de este caso en el Tribunal de Juicio Oral en Lo Penal, con la cantidad de a\u00f1os de la pena a aplicar.<\/p>\n<p style=\"text-align: justify;\">En tanto el lunes 23, se realizar\u00e1 otra audiencia en el mismo Tribunal para discutir su eventual expulsi\u00f3n del pa\u00eds, a lo cual la Fiscal\u00eda se opondr\u00e1 y buscar\u00e1 el cumplimiento efectivo de la pena para los imputados en Chile. En otros casos, donde los involucrados han sido expulsados mediante decreto, se ha descubierto que han vuelto a delinquir en otras partes del pa\u00eds, toda vez que la frontera de Chile es muy extensa, por lo cual el Ministerio P\u00fablico se opondr\u00e1 a su expulsi\u00f3n y buscar\u00e1 su cumplimiento efectivo en el pa\u00eds, adelant\u00f3 el Fiscal Regional, Carlos Palma.<\/p>\n<p style=\"text-align: justify;\">HECHOS<\/p>\n<p style=\"text-align: justify;\">De acuerdo a lo expresado en el juicio oral por el fiscal jefe de Coyhaique, Jos\u00e9 Moris Ferrando, el 19 de enero de 2023, alrededor de la medianoche, los cuatros imputados de nacionalidad colombiana, concurrieron hasta un domicilio ubicado en el centro de Coyhaique. All\u00ed, actuando previamente concertados y premunidos de cuchillos, agredieron e intimidaron a la v\u00edctima, a quien encerraron a la fuerza y contra su voluntad, al interior de un veh\u00edculo, traslad\u00e1ndolo a las afueras de la ciudad, amenaz\u00e1ndolo en todo momento con matarlo.<\/p>\n<p style=\"text-align: justify;\">Durante el trayecto, uno de los sujetos apu\u00f1al\u00f3 a la v\u00edctima en una de sus piernas, deteniendo su marcha en una curva, en las cercan\u00edas de El Blanco, donde nuevamente le dicen a la v\u00edctima que lo matar\u00edan. En dichas circunstancias, el veh\u00edculo en el cual viajaban, es fiscalizado por personal de Carabineros, percat\u00e1ndose el personal policial que la v\u00edctima se encontraba secuestrada.<\/p>\n<p style=\"text-align: justify;\">A consecuencia de los hechos anteriormente expuestos, la v\u00edctima result\u00f3 con policontusiones y una herida cortopunzante en el muslo izquierdo. En este caso, donde no son frecuentes los delitos de secuestro, el Ministerio P\u00fablico solicit\u00f3 diligencias a Carabineros de la Tenencia El Blanco, la SIP de la Primera Comisar\u00eda y el Laboratorio de Criminal\u00edstica.<\/p>\n<p style=\"text-align: justify;\">El Fiscal Regional, Carlos Palma, asever\u00f3 que como Fiscal\u00eda est\u00e1n actuando de forma r\u00e1pida y coordinada a fin de desbaratar el accionar del crimen organizado en Ays\u00e9n, tanto en este como en otros casos.<\/p>\n<\/div><\/section><\/div><div  style='height:50px' class='hr hr-invisible   avia-builder-el-6  el_after_av_one_full  el_before_av_social_share '><span class='hr-inner ' ><span class='hr-inner-style'><\/span><\/span><\/div><\/p>\n<div  class='av-social-sharing-box  avia-builder-el-7  el_after_av_hr  el_before_av_hr  '><div class='av-share-box'><h5 class='av-share-link-description av-no-toc '>Compartir esta noticia<\/h5><ul class='av-share-box-list noLightbox'><li class='av-share-link av-social-link-facebook' ><a target=\"_blank\" aria-label=\"Compartir en Facebook\" href='https:\/\/www.facebook.com\/sharer.php?u=https:\/\/radiorevelacionfm.cl\/?p=36069&#038;t=Condenan%20a%204%20imputados%20extranjeros%20involucrados%20en%20secuestro%20entre%20bandas%20rivales%20en%20Coyhaique' aria-hidden='false' data-av_icon='\ue8f3' data-av_iconfont='entypo-fontello' title='' data-avia-related-tooltip='Compartir en Facebook' rel=\"noopener\"><span class='avia_hidden_link_text'>Compartir en Facebook<\/span><\/a><\/li><li class='av-share-link av-social-link-twitter' ><a target=\"_blank\" aria-label=\"Compartir en Twitter\" href='https:\/\/twitter.com\/share?text=Condenan%20a%204%20imputados%20extranjeros%20involucrados%20en%20secuestro%20entre%20bandas%20rivales%20en%20Coyhaique&#038;url=https:\/\/radiorevelacionfm.cl\/?p=36069' aria-hidden='false' data-av_icon='\ue8f1' data-av_iconfont='entypo-fontello' title='' data-avia-related-tooltip='Compartir en Twitter' rel=\"noopener\"><span class='avia_hidden_link_text'>Compartir en Twitter<\/span><\/a><\/li><li class='av-share-link av-social-link-whatsapp' ><a target=\"_blank\" aria-label=\"Compartir en Whatsapp\" href='https:\/\/api.whatsapp.com\/send?text=https:\/\/radiorevelacionfm.cl\/?p=36069' aria-hidden='false' data-av_icon='\uf232' data-av_iconfont='entypo-fontello' title='' data-avia-related-tooltip='Compartir en Whatsapp' rel=\"noopener\"><span class='avia_hidden_link_text'>Compartir en Whatsapp<\/span><\/a><\/li><li class='av-share-link av-social-link-linkedin' ><a target=\"_blank\" aria-label=\"Compartir en LinkedIn\" href='https:\/\/linkedin.com\/shareArticle?mini=true&#038;title=Condenan%20a%204%20imputados%20extranjeros%20involucrados%20en%20secuestro%20entre%20bandas%20rivales%20en%20Coyhaique&#038;url=https:\/\/radiorevelacionfm.cl\/?p=36069' aria-hidden='false' data-av_icon='\ue8fc' data-av_iconfont='entypo-fontello' title='' data-avia-related-tooltip='Compartir en LinkedIn' rel=\"noopener\"><span class='avia_hidden_link_text'>Compartir en LinkedIn<\/span><\/a><\/li><li class='av-share-link av-social-link-mail' ><a  aria-label=\"Compartir por correo\" href='mailto:?subject=Condenan%20a%204%20imputados%20extranjeros%20involucrados%20en%20secuestro%20entre%20bandas%20rivales%20en%20Coyhaique&#038;body=https:\/\/radiorevelacionfm.cl\/?p=36069' aria-hidden='false' data-av_icon='\ue805' data-av_iconfont='entypo-fontello' title='' data-avia-related-tooltip='Compartir por correo'><span class='avia_hidden_link_text'>Compartir por correo<\/span><\/a><\/li><\/ul><\/div><\/div>\n<div  style='height:50px' class='hr hr-invisible   avia-builder-el-8  el_after_av_social_share  el_before_av_comments_list '><span class='hr-inner ' ><span class='hr-inner-style'><\/span><\/span><\/div>\n<div  class='av-buildercomment  av-blog-meta-html-info-disabled av-blog-meta-tag-disabled  '><\/div>\n","protected":false},"excerpt":{"rendered":"","protected":false},"author":1,"featured_media":36070,"comment_status":"open","ping_status":"open","sticky":false,"template":"","format":"standard","meta":{"footnotes":""},"categories":[55],"tags":[],"class_list":["post-36069","post","type-post","status-publish","format-standard","has-post-thumbnail","hentry","category-justicia"],"jetpack_featured_media_url":"https:\/\/radiorevelacionfm.cl\/wp-content\/uploads\/2023\/10\/Audiencia_Fiscal_Moris-1-1.jpg","_links":{"self":[{"href":"https:\/\/radiorevelacionfm.cl\/index.php?rest_route=\/wp\/v2\/posts\/36069","targetHints":{"allow":["GET"]}}],"collection":[{"href":"https:\/\/radiorevelacionfm.cl\/index.php?rest_route=\/wp\/v2\/posts"}],"about":[{"href":"https:\/\/radiorevelacionfm.cl\/index.php?rest_route=\/wp\/v2\/types\/post"}],"author":[{"embeddable":true,"href":"https:\/\/radiorevelacionfm.cl\/index.php?rest_route=\/wp\/v2\/users\/1"}],"replies":[{"embeddable":true,"href":"https:\/\/radiorevelacionfm.cl\/index.php?rest_route=%2Fwp%2Fv2%2Fcomments&post=36069"}],"version-history":[{"count":1,"href":"https:\/\/radiorevelacionfm.cl\/index.php?rest_route=\/wp\/v2\/posts\/36069\/revisions"}],"predecessor-version":[{"id":36071,"href":"https:\/\/radiorevelacionfm.cl\/index.php?rest_route=\/wp\/v2\/posts\/36069\/revisions\/36071"}],"wp:featuredmedia":[{"embeddable":true,"href":"https:\/\/radiorevelacionfm.cl\/index.php?rest_route=\/wp\/v2\/media\/36070"}],"wp:attachment":[{"href":"https:\/\/radiorevelacionfm.cl\/index.php?rest_route=%2Fwp%2Fv2%2Fmedia&parent=36069"}],"wp:term":[{"taxonomy":"category","embeddable":true,"href":"https:\/\/radiorevelacionfm.cl\/index.php?rest_route=%2Fwp%2Fv2%2Fcategories&post=36069"},{"taxonomy":"post_tag","embeddable":true,"href":"https:\/\/radiorevelacionfm.cl\/index.php?rest_route=%2Fwp%2Fv2%2Ftags&post=36069"}],"curies":[{"name":"wp","href":"https:\/\/api.w.org\/{rel}","templated":true}]}}