{"id":36066,"date":"2023-10-19T20:13:18","date_gmt":"2023-10-19T23:13:18","guid":{"rendered":"https:\/\/radiorevelacionfm.cl\/?p=36066"},"modified":"2023-10-19T23:27:53","modified_gmt":"2023-10-20T02:27:53","slug":"en-puerto-cisnes-inauguran-multicancha-del-programa-de-mejoramiento-de-infraestructura-deportiva-escolar","status":"publish","type":"post","link":"https:\/\/radiorevelacionfm.cl\/?p=36066","title":{"rendered":"En Puerto Cisnes inauguran multicancha del programa de mejoramiento de infraestructura deportiva escolar"},"content":{"rendered":"<div class=\"flex_column av_one_full  flex_column_div av-zero-column-padding first  avia-builder-el-0  el_before_av_one_full  avia-builder-el-first  \" style='border-radius:0px; '><div  class='avia-image-container  av-styling-    avia-builder-el-1  avia-builder-el-no-sibling  avia-align-center '  itemprop=\"image\" itemscope=\"itemscope\" itemtype=\"https:\/\/schema.org\/ImageObject\"  ><div class='avia-image-container-inner'><div class='avia-image-overlay-wrap'><img decoding=\"async\" class='wp-image-36067 avia-img-lazy-loading-not-36067 avia_image' src=\"https:\/\/radiorevelacionfm.cl\/wp-content\/uploads\/2023\/10\/cisnes_cancha-1-1_optimized-1.jpeg\" alt='' title='cisnes_cancha-(1)-(1)_optimized (1)' height=\"600\" width=\"800\"  itemprop=\"thumbnailUrl\" srcset=\"https:\/\/radiorevelacionfm.cl\/wp-content\/uploads\/2023\/10\/cisnes_cancha-1-1_optimized-1.jpeg 800w, https:\/\/radiorevelacionfm.cl\/wp-content\/uploads\/2023\/10\/cisnes_cancha-1-1_optimized-1-300x225.jpeg 300w, https:\/\/radiorevelacionfm.cl\/wp-content\/uploads\/2023\/10\/cisnes_cancha-1-1_optimized-1-768x576.jpeg 768w, https:\/\/radiorevelacionfm.cl\/wp-content\/uploads\/2023\/10\/cisnes_cancha-1-1_optimized-1-705x529.jpeg 705w, https:\/\/radiorevelacionfm.cl\/wp-content\/uploads\/2023\/10\/cisnes_cancha-1-1_optimized-1-450x338.jpeg 450w, https:\/\/radiorevelacionfm.cl\/wp-content\/uploads\/2023\/10\/cisnes_cancha-1-1_optimized-1-600x450.jpeg 600w\" sizes=\"(max-width: 800px) 100vw, 800px\" \/><\/div><\/div><\/div><\/div>\n<div class=\"flex_column av_one_full  flex_column_div av-zero-column-padding first  avia-builder-el-2  el_after_av_one_full  el_before_av_one_full  column-top-margin\" style='border-radius:0px; '><section class=\"av_textblock_section \"  itemscope=\"itemscope\" itemtype=\"https:\/\/schema.org\/BlogPosting\" itemprop=\"blogPost\" ><div class='avia_textblock  '   itemprop=\"text\" ><p style=\"text-align: center;\"><strong><span style=\"font-size: 18pt;\">En Puerto Cisnes inauguran multicancha del programa de mejoramiento de infraestructura deportiva escolar\u00a0<\/span><\/strong><\/p>\n<div id=\"gtx-trans\" style=\"position: absolute; left: -50px; top: 4.31534px;\">\n<div class=\"gtx-trans-icon\"><\/div>\n<\/div>\n<\/div><\/section><\/div>\n<div class=\"flex_column av_one_full  flex_column_div av-zero-column-padding first  avia-builder-el-4  el_after_av_one_full  el_before_av_hr  column-top-margin\" style='border-radius:0px; '><section class=\"av_textblock_section \"  itemscope=\"itemscope\" itemtype=\"https:\/\/schema.org\/BlogPosting\" itemprop=\"blogPost\" ><div class='avia_textblock  '   itemprop=\"text\" ><p style=\"text-align: justify;\">El proyecto de\u00a0conservaci\u00f3n\u00a0benefici\u00f3 a la escuela Guido G\u00f3mez Mu\u00f1oz con recursos por $124. 974.000, financiados por el Gobierno de Chile a trav\u00e9s del IND.<\/p>\n<p style=\"text-align: justify;\">El objetivo de este plan es descentralizar la inversi\u00f3n estatal en las comunas m\u00e1s alejadas, priorizando a aquellas comunidades educativas con \u00edndices de vulnerabilidad sobre el 80%, mejorando el acceso a infraestructura deportiva de calidad.<\/p>\n<p style=\"text-align: justify;\">Encabez\u00f3 la inauguraci\u00f3n la Seremi del Deporte, Mar\u00eda Eugenia Dur\u00e1n Jara junto al alcalde de Cisnes, Francisco Roncagliolo Lep\u00edo, en compa\u00f1\u00eda del director regional (s) del Instituto Nacional de Deportes, Javier Medina Mella, concejal Francisco Abarca, el director de la escuela Guido G\u00f3mez Mu\u00f1oz, Aquiles Maya Wong, profesores, estudiantes y representantes del centro de padres y apoderados.<\/p>\n<p style=\"text-align: justify;\">\u00abEl proyecto surge a partir de un compromiso de Gobierno del Presidente Boric, de iniciar un Plan de Fortalecimiento de la Infraestructura Deportiva Escolar, anunciado en junio del a\u00f1o 2022, permitiendo al Ministerio del Deporte a trav\u00e9s del IND financiar dos obras de alto impacto para estudiantes y vecinos, una de ellas en Coyhaique y otra en la comuna de Cisnes, infraestructura que estamos inaugurando y en la que se trabaj\u00f3 colaborativamente con la escuela y el Municipio\u00bb, precis\u00f3 Mar\u00eda Eugenia Dur\u00e1n Jara, Seremi del Deporte.<\/p>\n<p style=\"text-align: justify;\">Asimismo, Francisco Roncagliolo, alcalde de Cisnes se\u00f1al\u00f3: \u00abEstamos muy contentos con esta importante inversi\u00f3n en beneficio de nuestra escuela Guido G\u00f3mez Mu\u00f1oz y de nuestros ni\u00f1os, agradecemos el trabajo que se ha hecho por parte de la Seremi del Deporte, el Ministerio del Deporte, el IND y a todos los que ha estados involucrados en\u00a0 que esto resulte, son fondos sectoriales para recuperar un espacio tan necesario en nuestro territorio; vamos a poner todo de nuestra parte para que esto se cuide y ser\u00e1 de uso de la escuela, ni\u00f1os, padres y apoderados\u00bb.<\/p>\n<p style=\"text-align: justify;\">Por su parte, Ariel G\u00f3mez Aguilar Pdte. Centro de Padres y apoderados, agreg\u00f3: \u00abEstamos felices con la inauguraci\u00f3n de esta multicancha, muy necesaria para nuestros ni\u00f1os, obras que se realizaron en tiempo record, as\u00ed que agradecidos totalmente y pensando en seguir mejorando y ampliando la multicancha\u00bb<\/p>\n<p style=\"text-align: justify;\">La Intervenci\u00f3n de la multicancha,\u00a0 ampli\u00f3 y recuper\u00f3 un espacio para el deporte a trav\u00e9s del diagramado del suelo, sistema de drenajes de aguas, implementaci\u00f3n deportiva para b\u00e1squetbol, voleibol y baby f\u00fatbol, del mismo modo se consider\u00f3 un cambio de las mallas del cierre perimetral, cambio de luces, entre otras mejoras, que hoy aseguran una infraestructura de calidad para la comunidad estudiantil de la Escuela Guido G\u00f3mez Mu\u00f1oz de Puerto Cisnes.<\/p>\n<div class=\"v1gmail_signature\" dir=\"ltr\">\n<div dir=\"ltr\">\n<div style=\"text-align: justify;\"><\/div>\n<\/div>\n<\/div>\n<\/div><\/section><\/div><div  style='height:50px' class='hr hr-invisible   avia-builder-el-6  el_after_av_one_full  el_before_av_social_share '><span class='hr-inner ' ><span class='hr-inner-style'><\/span><\/span><\/div><\/p>\n<div  class='av-social-sharing-box  avia-builder-el-7  el_after_av_hr  el_before_av_hr  '><div class='av-share-box'><h5 class='av-share-link-description av-no-toc '>Compartir esta noticia<\/h5><ul class='av-share-box-list noLightbox'><li class='av-share-link av-social-link-facebook' ><a target=\"_blank\" aria-label=\"Compartir en Facebook\" href='https:\/\/www.facebook.com\/sharer.php?u=https:\/\/radiorevelacionfm.cl\/?p=36066&#038;t=En%20Puerto%20Cisnes%20inauguran%20multicancha%20del%20programa%20de%20mejoramiento%20de%20infraestructura%20deportiva%20escolar' aria-hidden='false' data-av_icon='\ue8f3' data-av_iconfont='entypo-fontello' title='' data-avia-related-tooltip='Compartir en Facebook' rel=\"noopener\"><span class='avia_hidden_link_text'>Compartir en Facebook<\/span><\/a><\/li><li class='av-share-link av-social-link-twitter' ><a target=\"_blank\" aria-label=\"Compartir en Twitter\" href='https:\/\/twitter.com\/share?text=En%20Puerto%20Cisnes%20inauguran%20multicancha%20del%20programa%20de%20mejoramiento%20de%20infraestructura%20deportiva%20escolar&#038;url=https:\/\/radiorevelacionfm.cl\/?p=36066' aria-hidden='false' data-av_icon='\ue8f1' data-av_iconfont='entypo-fontello' title='' data-avia-related-tooltip='Compartir en Twitter' rel=\"noopener\"><span class='avia_hidden_link_text'>Compartir en Twitter<\/span><\/a><\/li><li class='av-share-link av-social-link-whatsapp' ><a target=\"_blank\" aria-label=\"Compartir en Whatsapp\" href='https:\/\/api.whatsapp.com\/send?text=https:\/\/radiorevelacionfm.cl\/?p=36066' aria-hidden='false' data-av_icon='\uf232' data-av_iconfont='entypo-fontello' title='' data-avia-related-tooltip='Compartir en Whatsapp' rel=\"noopener\"><span class='avia_hidden_link_text'>Compartir en Whatsapp<\/span><\/a><\/li><li class='av-share-link av-social-link-linkedin' ><a target=\"_blank\" aria-label=\"Compartir en LinkedIn\" href='https:\/\/linkedin.com\/shareArticle?mini=true&#038;title=En%20Puerto%20Cisnes%20inauguran%20multicancha%20del%20programa%20de%20mejoramiento%20de%20infraestructura%20deportiva%20escolar&#038;url=https:\/\/radiorevelacionfm.cl\/?p=36066' aria-hidden='false' data-av_icon='\ue8fc' data-av_iconfont='entypo-fontello' title='' data-avia-related-tooltip='Compartir en LinkedIn' rel=\"noopener\"><span class='avia_hidden_link_text'>Compartir en LinkedIn<\/span><\/a><\/li><li class='av-share-link av-social-link-mail' ><a  aria-label=\"Compartir por correo\" href='mailto:?subject=En%20Puerto%20Cisnes%20inauguran%20multicancha%20del%20programa%20de%20mejoramiento%20de%20infraestructura%20deportiva%20escolar&#038;body=https:\/\/radiorevelacionfm.cl\/?p=36066' aria-hidden='false' data-av_icon='\ue805' data-av_iconfont='entypo-fontello' title='' data-avia-related-tooltip='Compartir por correo'><span class='avia_hidden_link_text'>Compartir por correo<\/span><\/a><\/li><\/ul><\/div><\/div>\n<div  style='height:50px' class='hr hr-invisible   avia-builder-el-8  el_after_av_social_share  el_before_av_comments_list '><span class='hr-inner ' ><span class='hr-inner-style'><\/span><\/span><\/div>\n<div  class='av-buildercomment  av-blog-meta-html-info-disabled av-blog-meta-tag-disabled  '><\/div>\n","protected":false},"excerpt":{"rendered":"","protected":false},"author":1,"featured_media":36067,"comment_status":"open","ping_status":"open","sticky":false,"template":"","format":"standard","meta":{"footnotes":""},"categories":[40],"tags":[],"class_list":["post-36066","post","type-post","status-publish","format-standard","has-post-thumbnail","hentry","category-deportes"],"jetpack_featured_media_url":"https:\/\/radiorevelacionfm.cl\/wp-content\/uploads\/2023\/10\/cisnes_cancha-1-1_optimized-1.jpeg","_links":{"self":[{"href":"https:\/\/radiorevelacionfm.cl\/index.php?rest_route=\/wp\/v2\/posts\/36066","targetHints":{"allow":["GET"]}}],"collection":[{"href":"https:\/\/radiorevelacionfm.cl\/index.php?rest_route=\/wp\/v2\/posts"}],"about":[{"href":"https:\/\/radiorevelacionfm.cl\/index.php?rest_route=\/wp\/v2\/types\/post"}],"author":[{"embeddable":true,"href":"https:\/\/radiorevelacionfm.cl\/index.php?rest_route=\/wp\/v2\/users\/1"}],"replies":[{"embeddable":true,"href":"https:\/\/radiorevelacionfm.cl\/index.php?rest_route=%2Fwp%2Fv2%2Fcomments&post=36066"}],"version-history":[{"count":2,"href":"https:\/\/radiorevelacionfm.cl\/index.php?rest_route=\/wp\/v2\/posts\/36066\/revisions"}],"predecessor-version":[{"id":36101,"href":"https:\/\/radiorevelacionfm.cl\/index.php?rest_route=\/wp\/v2\/posts\/36066\/revisions\/36101"}],"wp:featuredmedia":[{"embeddable":true,"href":"https:\/\/radiorevelacionfm.cl\/index.php?rest_route=\/wp\/v2\/media\/36067"}],"wp:attachment":[{"href":"https:\/\/radiorevelacionfm.cl\/index.php?rest_route=%2Fwp%2Fv2%2Fmedia&parent=36066"}],"wp:term":[{"taxonomy":"category","embeddable":true,"href":"https:\/\/radiorevelacionfm.cl\/index.php?rest_route=%2Fwp%2Fv2%2Fcategories&post=36066"},{"taxonomy":"post_tag","embeddable":true,"href":"https:\/\/radiorevelacionfm.cl\/index.php?rest_route=%2Fwp%2Fv2%2Ftags&post=36066"}],"curies":[{"name":"wp","href":"https:\/\/api.w.org\/{rel}","templated":true}]}}