{"id":36060,"date":"2023-10-23T09:59:47","date_gmt":"2023-10-23T12:59:47","guid":{"rendered":"https:\/\/radiorevelacionfm.cl\/?p=36060"},"modified":"2023-10-23T09:59:47","modified_gmt":"2023-10-23T12:59:47","slug":"impulso-empresarial-en-aysen-ong-canales-realizo-su-ii-encuentro-para-reforzar-la-educacion-tecnico-profesional","status":"publish","type":"post","link":"https:\/\/radiorevelacionfm.cl\/?p=36060","title":{"rendered":"Impulso Empresarial en Ays\u00e9n: ONG Canales realiz\u00f3 su II Encuentro para Reforzar la Educaci\u00f3n T\u00e9cnico Profesional"},"content":{"rendered":"<div class=\"flex_column av_one_full  flex_column_div av-zero-column-padding first  avia-builder-el-0  el_before_av_one_full  avia-builder-el-first  \" style='border-radius:0px; '><div  class='avia-image-container  av-styling-    avia-builder-el-1  avia-builder-el-no-sibling  avia-align-center '  itemprop=\"image\" itemscope=\"itemscope\" itemtype=\"https:\/\/schema.org\/ImageObject\"  ><div class='avia-image-container-inner'><div class='avia-image-overlay-wrap'><img decoding=\"async\" class='wp-image-36061 avia-img-lazy-loading-not-36061 avia_image' src=\"https:\/\/radiorevelacionfm.cl\/wp-content\/uploads\/2023\/10\/encuentro-aysen-1-1_optimized-1.jpg\" alt='' title='encuentro-aysen-1-(1)_optimized (1)' height=\"600\" width=\"1221\"  itemprop=\"thumbnailUrl\" srcset=\"https:\/\/radiorevelacionfm.cl\/wp-content\/uploads\/2023\/10\/encuentro-aysen-1-1_optimized-1.jpg 1221w, https:\/\/radiorevelacionfm.cl\/wp-content\/uploads\/2023\/10\/encuentro-aysen-1-1_optimized-1-300x147.jpg 300w, https:\/\/radiorevelacionfm.cl\/wp-content\/uploads\/2023\/10\/encuentro-aysen-1-1_optimized-1-1030x506.jpg 1030w, https:\/\/radiorevelacionfm.cl\/wp-content\/uploads\/2023\/10\/encuentro-aysen-1-1_optimized-1-768x377.jpg 768w, https:\/\/radiorevelacionfm.cl\/wp-content\/uploads\/2023\/10\/encuentro-aysen-1-1_optimized-1-705x346.jpg 705w, https:\/\/radiorevelacionfm.cl\/wp-content\/uploads\/2023\/10\/encuentro-aysen-1-1_optimized-1-450x221.jpg 450w, https:\/\/radiorevelacionfm.cl\/wp-content\/uploads\/2023\/10\/encuentro-aysen-1-1_optimized-1-600x295.jpg 600w\" sizes=\"(max-width: 1221px) 100vw, 1221px\" \/><\/div><\/div><\/div><\/div><div class=\"flex_column av_one_full  flex_column_div av-zero-column-padding first  avia-builder-el-2  el_after_av_one_full  el_before_av_one_full  column-top-margin\" style='border-radius:0px; '><section class=\"av_textblock_section \"  itemscope=\"itemscope\" itemtype=\"https:\/\/schema.org\/BlogPosting\" itemprop=\"blogPost\" ><div class='avia_textblock  '   itemprop=\"text\" ><p style=\"text-align: center;\"><strong><span style=\"font-size: 18pt;\">Impulso Empresarial en Ays\u00e9n: ONG Canales realiz\u00f3 su II Encuentro para Reforzar la Educaci\u00f3n T\u00e9cnico Profesional<\/span><\/strong><\/p>\n<div id=\"gtx-trans\" style=\"position: absolute; left: -50px; top: 4.31534px;\">\n<div class=\"gtx-trans-icon\"><\/div>\n<\/div>\n<\/div><\/section><\/div><div class=\"flex_column av_one_full  flex_column_div av-zero-column-padding first  avia-builder-el-4  el_after_av_one_full  el_before_av_hr  column-top-margin\" style='border-radius:0px; '><section class=\"av_textblock_section \"  itemscope=\"itemscope\" itemtype=\"https:\/\/schema.org\/BlogPosting\" itemprop=\"blogPost\" ><div class='avia_textblock  '   itemprop=\"text\" ><p style=\"text-align: justify;\">El Encuentro Empresarial organizado por ONG Canales en Ays\u00e9n, congreg\u00f3 en su segunda versi\u00f3n, a 30 l\u00edderes empresariales de diversos sectores productivos y representantes del sector p\u00fablico de la Secretar\u00eda Regional Ministerial del Trabajo y Previsi\u00f3n Social, Secretar\u00eda de Educaci\u00f3n, SLEP Ays\u00e9n y Servicio Nacional de Capacitaci\u00f3n y Empleo. La actividad, realizada en el Sal\u00f3n de Reuniones del Gobierno Regional de Ays\u00e9n, se desarroll\u00f3 como una plataforma de di\u00e1logo e intercambio de ideas, orientada a fortalecer la educaci\u00f3n t\u00e9cnico profesional en la regi\u00f3n.<\/p>\n<p style=\"text-align: justify;\">La instancia destac\u00f3 por su alta productividad, donde los asistentes participaron en mesas de trabajo, con el objetivo de identificar desaf\u00edos de relevancia y proponer soluciones pr\u00e1cticas desde la perspectiva de cada sector, fomentando as\u00ed un ecosistema de Educaci\u00f3n T\u00e9cnico Profesional m\u00e1s robusto y eficiente en el territorio.<\/p>\n<p style=\"text-align: justify;\"><strong>Firme Compromiso<\/strong><\/p>\n<p style=\"text-align: justify;\">La bienvenida estuvo a cargo del Seremi del Trabajo y Previsi\u00f3n Social de Ays\u00e9n, Rodrigo D\u00edaz Cordaro, quien resalt\u00f3 la importancia de la vinculaci\u00f3n entre el sector p\u00fablico y privado. <em>\u201cEstamos trabajando con los estudiantes t\u00e9cnico profesionales para apoyar a los establecimientos TP en el v\u00ednculo con las empresas, para generar pr\u00e1cticas profesionales y sobre todo con estudiantes del espectro autista, un \u00e1mbito en que es necesario hacer adecuaciones. Entonces, esta instancia generada por ONG Canales resulta fundamental porque permite vincularnos, generar conversaciones y trabajo colaborativo entre el mundo p\u00fablico y privado\u201d, se\u00f1al\u00f3.<\/em><\/p>\n<p style=\"text-align: justify;\">En tanto, el Coordinador del Departamento de Educaci\u00f3n, de la Secretar\u00eda Regional Ministerial de Educaci\u00f3n Ays\u00e9n, Jorge Carrillo Viere, quien aport\u00f3 valiosas perspectivas en este \u00e1mbito. <em>\u201cEstamos haciendo esfuerzos para desarrollar un trabajo colaborativo, a trav\u00e9s del proyecto que se adjudic\u00f3 ONG Canales en todas las regiones de la zona sur del pa\u00eds y as\u00ed generar las condiciones tendientes a mejorar los procesos, para que los estudiantes est\u00e9n m\u00e1s capacitados y opten a mejores oportunidades en las empresas\u201d. Indic\u00f3<\/em>.<\/p>\n<p style=\"text-align: justify;\">Actualmente, ONG Canales impacta en una matr\u00edcula de 743 estudiantes de la regi\u00f3n de Ays\u00e9n, en 9 establecimientos TP (ubicados en 5 comunas: Coyhaique, Cisnes, R\u00edo Ib\u00e1\u00f1ez, Ays\u00e9n y Chile Chico), con 15 especialidades (Acuicultura, Enfermer\u00eda, Explotaci\u00f3n Minera, Agropecuaria, Telecomunicaciones, Construcci\u00f3n con menci\u00f3n en Obras Viales, Conectividad y Redes, Mec\u00e1nica Automotriz, Mec\u00e1nica Industrial, Electricidad, Contabilidad, Administraci\u00f3n, Atenci\u00f3n de P\u00e1rvulos, Gastronom\u00eda y Turismo. Entre las actividades desarrolladas se cuentan m\u00e1s de 50 charlas t\u00e9cnicas y vocacionales; actividades presenciales (talleres o charlas t\u00e9cnicas en liceo) con m\u00e1s de 2.400 estudiantes (desde 2021); aprestos laborales con 800 j\u00f3venes; adem\u00e1s de gesti\u00f3n y seguimiento de casi 50 pr\u00e1cticas laborales.<\/p>\n<p style=\"text-align: justify;\">Bernardita Lazo Reyes, Directora Regional de ONG Canales en Ays\u00e9n destac\u00f3 la relevancia de generar estos espacios de conversaci\u00f3n. \u201dFue una actividad muy interesante donde logramos convocar a varios actores del territorio, que se enriqueci\u00f3 con el trabajo colaborativo de los participantes, quienes lo valoraron de la misma manera. Pudimos visualizar necesidades que nos manifestaron y este ejercicio, finalmente, se convierte en una gu\u00eda para nuestro quehacer en la regi\u00f3n\u201d, recalc\u00f3.<\/p>\n<p style=\"text-align: justify;\">A nivel nacional ONG Canales, vincula 149 establecimientos de Ense\u00f1anza Media T\u00e9cnico Profesional y a casi 20.000 estudiantes que cursan una especialidad T\u00e9cnico Profesional en 9 regiones del pa\u00eds: Antofagasta, Atacama, Coquimbo, Valpara\u00edso, O\u2019 Higgins, Los R\u00edos, Los Lagos, Ays\u00e9n y Magallanes; trabajando con 34 empresas socias, 180 empresas colaboradoras.<\/p>\n<p style=\"text-align: justify;\"><strong>Trabajo colaborativo<\/strong><\/p>\n<p style=\"text-align: justify;\">Dentro de las propuestas, se enfatiz\u00f3 la de establecer un Consejo P\u00fablico-Privado en la regi\u00f3n, convocado por ONG Canales, con foco en la implementaci\u00f3n de acciones concretas para reducir las brechas en la Educaci\u00f3n T\u00e9cnico Profesional de Ays\u00e9n.<\/p>\n<p style=\"text-align: justify;\">En este escenario, el Director Regional del Servicio Nacional de Capacitaci\u00f3n y Empleo de Ays\u00e9n, Nelson Garrido Morales, comparti\u00f3 su visi\u00f3n sobre la capacitaci\u00f3n y empleabilidad en la regi\u00f3n. <em>\u201cEn este encuentro convocado por ONG Canales hemos sacado varias conclusiones respecto a como los distintos actores deben hacerse parte de este proceso. Como SENCE podemos apoyar desde las certificaciones laborales, agregando capacitaciones al curr\u00edculo y esta ha sido una muy buena reuni\u00f3n de trabajo colaborativo donde llevamos algunas tareas para trabajar en el futuro inmediato. Esto no se acaba aqu\u00ed\u201d, concluy\u00f3. <\/em><\/p>\n<p style=\"text-align: justify;\">En tanto, para la Directora de Educaci\u00f3n de ONG Canales, Carolina Torres Barrera, la actividad result\u00f3 muy provechosa para hacer un levantamiento de informaci\u00f3n que enriquecer\u00e1 el trabajo desarrollado en la regi\u00f3n. <em>\u201cPodemos destacar que los principales resultados de este encuentro tienen relaci\u00f3n con la identificaci\u00f3n de fortalezas y oportunidades de este ecosistema regional; se propusieron soluciones para algunas problem\u00e1ticas existentes y as\u00ed elevar la calidad educativa de los estudiantes de ense\u00f1anza media TP, como tambi\u00e9n se lograron compromisos de continuidad con estas sesiones de trabajo\u201d, puntualiz\u00f3.<\/em><\/p>\n<p style=\"text-align: justify;\">Este tipo de encuentro busca seguir generando m\u00e1s y mejores oportunidades educativas y laborales para las y los futuros t\u00e9cnicos y sus familias, destacando que el fortalecimiento de la Educaci\u00f3n TP va en directo beneficio del desarrollo de nuestro pa\u00eds.<\/p>\n<\/div><\/section><\/div><div  style='height:50px' class='hr hr-invisible   avia-builder-el-6  el_after_av_one_full  el_before_av_social_share '><span class='hr-inner ' ><span class='hr-inner-style'><\/span><\/span><\/div><\/p>\n<div  class='av-social-sharing-box  avia-builder-el-7  el_after_av_hr  el_before_av_hr  '><div class='av-share-box'><h5 class='av-share-link-description av-no-toc '>Compartir esta noticia<\/h5><ul class='av-share-box-list noLightbox'><li class='av-share-link av-social-link-facebook' ><a target=\"_blank\" aria-label=\"Compartir en Facebook\" href='https:\/\/www.facebook.com\/sharer.php?u=https:\/\/radiorevelacionfm.cl\/?p=36060&#038;t=Impulso%20Empresarial%20en%20Ays%C3%A9n%3A%20ONG%20Canales%20realiz%C3%B3%20su%20II%20Encuentro%20para%20Reforzar%20la%20Educaci%C3%B3n%20T%C3%A9cnico%20Profesional' aria-hidden='false' data-av_icon='\ue8f3' data-av_iconfont='entypo-fontello' title='' data-avia-related-tooltip='Compartir en Facebook' rel=\"noopener\"><span class='avia_hidden_link_text'>Compartir en Facebook<\/span><\/a><\/li><li class='av-share-link av-social-link-twitter' ><a target=\"_blank\" aria-label=\"Compartir en Twitter\" href='https:\/\/twitter.com\/share?text=Impulso%20Empresarial%20en%20Ays%C3%A9n%3A%20ONG%20Canales%20realiz%C3%B3%20su%20II%20Encuentro%20para%20Reforzar%20la%20Educaci%C3%B3n%20T%C3%A9cnico%20Profesional&#038;url=https:\/\/radiorevelacionfm.cl\/?p=36060' aria-hidden='false' data-av_icon='\ue8f1' data-av_iconfont='entypo-fontello' title='' data-avia-related-tooltip='Compartir en Twitter' rel=\"noopener\"><span class='avia_hidden_link_text'>Compartir en Twitter<\/span><\/a><\/li><li class='av-share-link av-social-link-whatsapp' ><a target=\"_blank\" aria-label=\"Compartir en Whatsapp\" href='https:\/\/api.whatsapp.com\/send?text=https:\/\/radiorevelacionfm.cl\/?p=36060' aria-hidden='false' data-av_icon='\uf232' data-av_iconfont='entypo-fontello' title='' data-avia-related-tooltip='Compartir en Whatsapp' rel=\"noopener\"><span class='avia_hidden_link_text'>Compartir en Whatsapp<\/span><\/a><\/li><li class='av-share-link av-social-link-linkedin' ><a target=\"_blank\" aria-label=\"Compartir en LinkedIn\" href='https:\/\/linkedin.com\/shareArticle?mini=true&#038;title=Impulso%20Empresarial%20en%20Ays%C3%A9n%3A%20ONG%20Canales%20realiz%C3%B3%20su%20II%20Encuentro%20para%20Reforzar%20la%20Educaci%C3%B3n%20T%C3%A9cnico%20Profesional&#038;url=https:\/\/radiorevelacionfm.cl\/?p=36060' aria-hidden='false' data-av_icon='\ue8fc' data-av_iconfont='entypo-fontello' title='' data-avia-related-tooltip='Compartir en LinkedIn' rel=\"noopener\"><span class='avia_hidden_link_text'>Compartir en LinkedIn<\/span><\/a><\/li><li class='av-share-link av-social-link-mail' ><a  aria-label=\"Compartir por correo\" href='mailto:?subject=Impulso%20Empresarial%20en%20Ays%C3%A9n%3A%20ONG%20Canales%20realiz%C3%B3%20su%20II%20Encuentro%20para%20Reforzar%20la%20Educaci%C3%B3n%20T%C3%A9cnico%20Profesional&#038;body=https:\/\/radiorevelacionfm.cl\/?p=36060' aria-hidden='false' data-av_icon='\ue805' data-av_iconfont='entypo-fontello' title='' data-avia-related-tooltip='Compartir por correo'><span class='avia_hidden_link_text'>Compartir por correo<\/span><\/a><\/li><\/ul><\/div><\/div>\n<div  style='height:50px' class='hr hr-invisible   avia-builder-el-8  el_after_av_social_share  el_before_av_comments_list '><span class='hr-inner ' ><span class='hr-inner-style'><\/span><\/span><\/div>\n<div  class='av-buildercomment  av-blog-meta-html-info-disabled av-blog-meta-tag-disabled  '><\/div>\n","protected":false},"excerpt":{"rendered":"","protected":false},"author":1,"featured_media":36061,"comment_status":"open","ping_status":"open","sticky":false,"template":"","format":"standard","meta":{"footnotes":""},"categories":[38],"tags":[],"class_list":["post-36060","post","type-post","status-publish","format-standard","has-post-thumbnail","hentry","category-regional"],"jetpack_featured_media_url":"https:\/\/radiorevelacionfm.cl\/wp-content\/uploads\/2023\/10\/encuentro-aysen-1-1_optimized-1.jpg","_links":{"self":[{"href":"https:\/\/radiorevelacionfm.cl\/index.php?rest_route=\/wp\/v2\/posts\/36060","targetHints":{"allow":["GET"]}}],"collection":[{"href":"https:\/\/radiorevelacionfm.cl\/index.php?rest_route=\/wp\/v2\/posts"}],"about":[{"href":"https:\/\/radiorevelacionfm.cl\/index.php?rest_route=\/wp\/v2\/types\/post"}],"author":[{"embeddable":true,"href":"https:\/\/radiorevelacionfm.cl\/index.php?rest_route=\/wp\/v2\/users\/1"}],"replies":[{"embeddable":true,"href":"https:\/\/radiorevelacionfm.cl\/index.php?rest_route=%2Fwp%2Fv2%2Fcomments&post=36060"}],"version-history":[{"count":1,"href":"https:\/\/radiorevelacionfm.cl\/index.php?rest_route=\/wp\/v2\/posts\/36060\/revisions"}],"predecessor-version":[{"id":36062,"href":"https:\/\/radiorevelacionfm.cl\/index.php?rest_route=\/wp\/v2\/posts\/36060\/revisions\/36062"}],"wp:featuredmedia":[{"embeddable":true,"href":"https:\/\/radiorevelacionfm.cl\/index.php?rest_route=\/wp\/v2\/media\/36061"}],"wp:attachment":[{"href":"https:\/\/radiorevelacionfm.cl\/index.php?rest_route=%2Fwp%2Fv2%2Fmedia&parent=36060"}],"wp:term":[{"taxonomy":"category","embeddable":true,"href":"https:\/\/radiorevelacionfm.cl\/index.php?rest_route=%2Fwp%2Fv2%2Fcategories&post=36060"},{"taxonomy":"post_tag","embeddable":true,"href":"https:\/\/radiorevelacionfm.cl\/index.php?rest_route=%2Fwp%2Fv2%2Ftags&post=36060"}],"curies":[{"name":"wp","href":"https:\/\/api.w.org\/{rel}","templated":true}]}}