{"id":3606,"date":"2021-04-29T11:11:07","date_gmt":"2021-04-29T14:11:07","guid":{"rendered":"https:\/\/radiorevelacionfm.cl\/?p=3606"},"modified":"2021-04-29T11:11:07","modified_gmt":"2021-04-29T14:11:07","slug":"ministro-de-energia-anuncia-que-para-el-2025-habremos-retirado-el-50-de-las-centrales-a-carbon","status":"publish","type":"post","link":"https:\/\/radiorevelacionfm.cl\/?p=3606","title":{"rendered":"Ministro de Energ\u00eda anuncia que \u201cpara el 2025 habremos retirado el 50% de las centrales a carb\u00f3n\u201d"},"content":{"rendered":"<div class=\"flex_column av_one_full  flex_column_div av-zero-column-padding first  avia-builder-el-0  el_before_av_one_full  avia-builder-el-first  \" style='border-radius:0px; '><div  class='avia-image-container  av-styling-    avia-builder-el-1  avia-builder-el-no-sibling  avia-align-center '  itemprop=\"image\" itemscope=\"itemscope\" itemtype=\"https:\/\/schema.org\/ImageObject\"  ><div class='avia-image-container-inner'><div class='avia-image-overlay-wrap'><img decoding=\"async\" class='wp-image-0 avia-img-lazy-loading-not-0 avia_image' src=\"https:\/\/radiorevelacionfm.cl\/wp-content\/uploads\/2021\/04\/12_optimized.jpeg\" alt='' title=''   itemprop=\"thumbnailUrl\"  \/><\/div><\/div><\/div><\/div><div class=\"flex_column av_one_full  flex_column_div av-zero-column-padding first  avia-builder-el-2  el_after_av_one_full  el_before_av_one_full  column-top-margin\" style='border-radius:0px; '><section class=\"av_textblock_section \"  itemscope=\"itemscope\" itemtype=\"https:\/\/schema.org\/BlogPosting\" itemprop=\"blogPost\" ><div class='avia_textblock  '   itemprop=\"text\" ><p style=\"text-align: center;\"><strong><span style=\"font-size: 18pt;\">Ministro de Energ\u00eda anuncia que \u201cpara el 2025 habremos retirado el 50% de las centrales a carb\u00f3n\u201d<\/span><\/strong><\/p>\n<div id=\"gtx-trans\" style=\"position: absolute; left: -50px; top: 4.31534px;\">\n<div class=\"gtx-trans-icon\"><\/div>\n<\/div>\n<\/div><\/section><\/div><div class=\"flex_column av_one_full  flex_column_div av-zero-column-padding first  avia-builder-el-4  el_after_av_one_full  el_before_av_hr  column-top-margin\" style='border-radius:0px; '><section class=\"av_textblock_section \"  itemscope=\"itemscope\" itemtype=\"https:\/\/schema.org\/BlogPosting\" itemprop=\"blogPost\" ><div class='avia_textblock  '   itemprop=\"text\" ><p style=\"text-align: justify;\">El Plan de Retiro del Carb\u00f3n que lidera el biministro de Energ\u00eda y Miner\u00eda, Juan Carlos Jobet, es uno de los ejes estrat\u00e9gicos para combatir el cambio clim\u00e1tico y lograr la Carbono Neutralidad al 2050.<\/p>\n<p style=\"text-align: justify;\">La salida de las centrales a carb\u00f3n de nuestra matriz permite mejorar la calidad de vida de las comunidades y reducir nuestras emisiones, por lo que el Ministerio de Energ\u00eda seguir\u00e1 buscando oportunidades para acelerar el plan.<\/p>\n<p style=\"text-align: justify;\">\u201cPara el 2025 habremos retirado el 50% de las centrales a carb\u00f3n. De esta manera seguimos consolidando la era de las energ\u00edas limpias y dejando atr\u00e1s la era del carb\u00f3n\u201d. Con estas palabras, el Titular de Energ\u00eda, Juan Carlos Jobet anunci\u00f3 esta ma\u00f1ana un nuevo avance en el cronograma del Plan de Retiro del Carb\u00f3n.<\/p>\n<p style=\"text-align: justify;\">El ministro explic\u00f3 que el retiro del carb\u00f3n tiene efectos positivos local, nacional y globalmente. \u201cEsta transici\u00f3n hacia una matriz energ\u00e9tica m\u00e1s limpia es muestra de nuestro compromiso con reducir la contaminaci\u00f3n local y las emisiones que generan el calentamiento global. Al avanzar en el cierre, no podemos olvidar que en estas zonas muchas personas est\u00e1n vinculadas laboralmente a estas centrales, por lo que estamos velando por que tengan una transici\u00f3n que les ofrezca nuevas oportunidades\u201d, dijo.<\/p>\n<p style=\"text-align: justify;\">\u201cContinuaremos buscando espacios para que las empresas hagan un esfuerzo adicional y as\u00ed acelerar m\u00e1s a\u00fan nuestro ambicioso plan de retiro del carb\u00f3n, velando siempre por la seguridad de suministro para todos\u201d, agreg\u00f3.<\/p>\n<p style=\"text-align: justify;\">Chile puede pasar de ser un importador de combustibles f\u00f3siles a un exportador de energ\u00eda limpia, gracias a su gran potencial de recursos naturales. En ese sentido, el ministro explic\u00f3 que \u201ctenemos el potencial renovable para instalar 70 veces m\u00e1s capacidad que la instalada hoy y contribuir as\u00ed a una recuperaci\u00f3n sustentable y a descarbonizar el planeta. Por eso estamos complementando el retiro del carb\u00f3n y su reemplazo por energ\u00edas limpias, con el desarrollo de la industria del hidr\u00f3geno verde, que nos permitir\u00e1 exportar energ\u00eda limpia al mundo\u201d.<\/p>\n<p style=\"text-align: justify;\">El anuncio se dio en el contexto de la presentaci\u00f3n que hizo Catherine MacGregor, la CEO de Engie, para transformar sus operaciones en Chile, que contempla la salida total del carb\u00f3n, correspondiente a cerca de 1.500MW, para el 2025 y el impulso de las energ\u00edas renovables y de nuevas tecnolog\u00edas de energ\u00eda, como el hidr\u00f3geno verde.<\/p>\n<p style=\"text-align: justify;\">La reuni\u00f3n se realiz\u00f3 desde el Palacio de La Moneda de manera telem\u00e1tica junto al Presidente Sebasti\u00e1n Pi\u00f1era y a la ministra de Medio Ambiente, Carolina Schmidt, quien explic\u00f3 que \u201cel cambio clim\u00e1tico no est\u00e1 en cuarentena y combatirlo es un imperativo \u00e9tico que debe ser parte de la reactivaci\u00f3n post covid. Este anuncio va en esa l\u00ednea porque acelera la descarbonizaci\u00f3n con una fuerte inversi\u00f3n en energ\u00edas limpias, lo que apoya nuestra meta de ser carbono neutrales y resilientes al clima. Esto se enmarca dentro de la lucha contra el cambio clim\u00e1tico como pol\u00edtica de Estado, que trasciende los gobiernos de turno, y que debe ser la base de un desarrollo limpio, inclusivo y sustentable\u201d.<\/p>\n<p style=\"text-align: justify;\"><strong>ANUNCIO DE ENGIE<\/strong><\/p>\n<p style=\"text-align: justify;\">La empresa reafirm\u00f3 el compromiso con el cronograma de cierre de 800MW de carb\u00f3n para 2024, que corresponden a las seis unidades m\u00e1s antiguas de la empresa y anunci\u00f3 la conversi\u00f3n de las tres unidades m\u00e1s nuevas ubicadas en Mejillones al 2025: Infraestructura Energ\u00e9tica Mejillones (IEM) inaugurada en 2019 ser\u00e1 convertida a gas natural y centrales t\u00e9rmicas Andina (CTA) y Hornitos (CTH), inauguradas en 2011, comenzar\u00e1n a funcionar con biomasa.<\/p>\n<p style=\"text-align: justify;\">Otro eje importante del anuncio de la empresa tiene que ver con un plan de desarrollo de energ\u00edas renovables en Chile por un total de 2.000 MW, que considera la construcci\u00f3n de alrededor de 1.000 MW de proyectos e\u00f3licos y solares adicionales a los 1.000 MW ya comprometidos en la cartera anunciada en 2019, y de los cuales ya hay 550MW en construcci\u00f3n.<\/p>\n<p style=\"text-align: justify;\">De acuerdo con las cifras entregadas por la compa\u00f1\u00eda, el plan completo, que considera una inversi\u00f3n superior a 1.500 millones de euros al a\u00f1o 2025, significar\u00e1 una reducci\u00f3n de 80% de las emisiones de CO2 para 2026. Esto implicar\u00e1 una reducci\u00f3n del orden de 5 millones de toneladas de CO2 al a\u00f1o con respecto a las emisiones actuales, equivalente a sacar de circulaci\u00f3n 1.6 millones de autos (cercano al 30% del parque automovil\u00edstico total de Chile).<\/p>\n<p style=\"text-align: justify;\">Por su parte, Catherine MacGregor, reafirm\u00f3 tambi\u00e9n el compromiso de la empresa con el desarrollo del hidr\u00f3geno verde, considerando las excelentes condiciones del pa\u00eds y los avances de la Estrategia Nacional de Hidr\u00f3geno Verde que lidera el Ministerio de Energ\u00eda.<\/p>\n<\/div><\/section><\/div><div  style='height:50px' class='hr hr-invisible   avia-builder-el-6  el_after_av_one_full  el_before_av_social_share '><span class='hr-inner ' ><span class='hr-inner-style'><\/span><\/span><\/div><\/p>\n<div  class='av-social-sharing-box  avia-builder-el-7  el_after_av_hr  el_before_av_hr  '><div class='av-share-box'><h5 class='av-share-link-description av-no-toc '>Compartir esta noticia<\/h5><ul class='av-share-box-list noLightbox'><li class='av-share-link av-social-link-facebook' ><a target=\"_blank\" aria-label=\"Compartir en Facebook\" href='https:\/\/www.facebook.com\/sharer.php?u=https:\/\/radiorevelacionfm.cl\/?p=3606&#038;t=Ministro%20de%20Energ%C3%ADa%20anuncia%20que%20%E2%80%9Cpara%20el%202025%20habremos%20retirado%20el%2050%25%20de%20las%20centrales%20a%20carb%C3%B3n%E2%80%9D' aria-hidden='false' data-av_icon='\ue8f3' data-av_iconfont='entypo-fontello' title='' data-avia-related-tooltip='Compartir en Facebook' rel=\"noopener\"><span class='avia_hidden_link_text'>Compartir en Facebook<\/span><\/a><\/li><li class='av-share-link av-social-link-twitter' ><a target=\"_blank\" aria-label=\"Compartir en Twitter\" href='https:\/\/twitter.com\/share?text=Ministro%20de%20Energ%C3%ADa%20anuncia%20que%20%E2%80%9Cpara%20el%202025%20habremos%20retirado%20el%2050%25%20de%20las%20centrales%20a%20carb%C3%B3n%E2%80%9D&#038;url=https:\/\/radiorevelacionfm.cl\/?p=3606' aria-hidden='false' data-av_icon='\ue8f1' data-av_iconfont='entypo-fontello' title='' data-avia-related-tooltip='Compartir en Twitter' rel=\"noopener\"><span class='avia_hidden_link_text'>Compartir en Twitter<\/span><\/a><\/li><li class='av-share-link av-social-link-whatsapp' ><a target=\"_blank\" aria-label=\"Compartir en Whatsapp\" href='https:\/\/api.whatsapp.com\/send?text=https:\/\/radiorevelacionfm.cl\/?p=3606' aria-hidden='false' data-av_icon='\uf232' data-av_iconfont='entypo-fontello' title='' data-avia-related-tooltip='Compartir en Whatsapp' rel=\"noopener\"><span class='avia_hidden_link_text'>Compartir en Whatsapp<\/span><\/a><\/li><li class='av-share-link av-social-link-linkedin' ><a target=\"_blank\" aria-label=\"Compartir en LinkedIn\" href='https:\/\/linkedin.com\/shareArticle?mini=true&#038;title=Ministro%20de%20Energ%C3%ADa%20anuncia%20que%20%E2%80%9Cpara%20el%202025%20habremos%20retirado%20el%2050%25%20de%20las%20centrales%20a%20carb%C3%B3n%E2%80%9D&#038;url=https:\/\/radiorevelacionfm.cl\/?p=3606' aria-hidden='false' data-av_icon='\ue8fc' data-av_iconfont='entypo-fontello' title='' data-avia-related-tooltip='Compartir en LinkedIn' rel=\"noopener\"><span class='avia_hidden_link_text'>Compartir en LinkedIn<\/span><\/a><\/li><li class='av-share-link av-social-link-mail' ><a  aria-label=\"Compartir por correo\" href='mailto:?subject=Ministro%20de%20Energ%C3%ADa%20anuncia%20que%20%E2%80%9Cpara%20el%202025%20habremos%20retirado%20el%2050%25%20de%20las%20centrales%20a%20carb%C3%B3n%E2%80%9D&#038;body=https:\/\/radiorevelacionfm.cl\/?p=3606' aria-hidden='false' data-av_icon='\ue805' data-av_iconfont='entypo-fontello' title='' data-avia-related-tooltip='Compartir por correo'><span class='avia_hidden_link_text'>Compartir por correo<\/span><\/a><\/li><\/ul><\/div><\/div>\n<div  style='height:50px' class='hr hr-invisible   avia-builder-el-8  el_after_av_social_share  el_before_av_comments_list '><span class='hr-inner ' ><span class='hr-inner-style'><\/span><\/span><\/div>\n<div  class='av-buildercomment  av-blog-meta-html-info-disabled av-blog-meta-tag-disabled  '><\/div>\n","protected":false},"excerpt":{"rendered":"","protected":false},"author":1,"featured_media":0,"comment_status":"open","ping_status":"open","sticky":false,"template":"","format":"standard","meta":{"footnotes":""},"categories":[39],"tags":[],"class_list":["post-3606","post","type-post","status-publish","format-standard","hentry","category-medio-ambiente"],"jetpack_featured_media_url":"","_links":{"self":[{"href":"https:\/\/radiorevelacionfm.cl\/index.php?rest_route=\/wp\/v2\/posts\/3606","targetHints":{"allow":["GET"]}}],"collection":[{"href":"https:\/\/radiorevelacionfm.cl\/index.php?rest_route=\/wp\/v2\/posts"}],"about":[{"href":"https:\/\/radiorevelacionfm.cl\/index.php?rest_route=\/wp\/v2\/types\/post"}],"author":[{"embeddable":true,"href":"https:\/\/radiorevelacionfm.cl\/index.php?rest_route=\/wp\/v2\/users\/1"}],"replies":[{"embeddable":true,"href":"https:\/\/radiorevelacionfm.cl\/index.php?rest_route=%2Fwp%2Fv2%2Fcomments&post=3606"}],"version-history":[{"count":1,"href":"https:\/\/radiorevelacionfm.cl\/index.php?rest_route=\/wp\/v2\/posts\/3606\/revisions"}],"predecessor-version":[{"id":3608,"href":"https:\/\/radiorevelacionfm.cl\/index.php?rest_route=\/wp\/v2\/posts\/3606\/revisions\/3608"}],"wp:attachment":[{"href":"https:\/\/radiorevelacionfm.cl\/index.php?rest_route=%2Fwp%2Fv2%2Fmedia&parent=3606"}],"wp:term":[{"taxonomy":"category","embeddable":true,"href":"https:\/\/radiorevelacionfm.cl\/index.php?rest_route=%2Fwp%2Fv2%2Fcategories&post=3606"},{"taxonomy":"post_tag","embeddable":true,"href":"https:\/\/radiorevelacionfm.cl\/index.php?rest_route=%2Fwp%2Fv2%2Ftags&post=3606"}],"curies":[{"name":"wp","href":"https:\/\/api.w.org\/{rel}","templated":true}]}}