{"id":36054,"date":"2023-10-19T10:56:00","date_gmt":"2023-10-19T13:56:00","guid":{"rendered":"https:\/\/radiorevelacionfm.cl\/?p=36054"},"modified":"2023-10-19T10:56:00","modified_gmt":"2023-10-19T13:56:00","slug":"instalan-placa-conmemorativa-en-terminal-portuario-de-cisnes-para-homenajear-a-profesor-jorge-vilugron-reyes-asesinado-en-dictadura","status":"publish","type":"post","link":"https:\/\/radiorevelacionfm.cl\/?p=36054","title":{"rendered":"Instalan placa conmemorativa en terminal portuario de Cisnes para homenajear a profesor Jorge Vilugr\u00f3n Reyes asesinado en dictadura"},"content":{"rendered":"<div class=\"flex_column av_one_full  flex_column_div av-zero-column-padding first  avia-builder-el-0  el_before_av_one_full  avia-builder-el-first  \" style='border-radius:0px; '><div  class='avia-image-container  av-styling-    avia-builder-el-1  avia-builder-el-no-sibling  avia-align-center '  itemprop=\"image\" itemscope=\"itemscope\" itemtype=\"https:\/\/schema.org\/ImageObject\"  ><div class='avia-image-container-inner'><div class='avia-image-overlay-wrap'><img decoding=\"async\" class='wp-image-36055 avia-img-lazy-loading-not-36055 avia_image' src=\"https:\/\/radiorevelacionfm.cl\/wp-content\/uploads\/2023\/10\/tres-8-1_optimized-1.jpg\" alt='' title='tres-(8)-(1)_optimized (1)' height=\"600\" width=\"900\"  itemprop=\"thumbnailUrl\" srcset=\"https:\/\/radiorevelacionfm.cl\/wp-content\/uploads\/2023\/10\/tres-8-1_optimized-1.jpg 900w, https:\/\/radiorevelacionfm.cl\/wp-content\/uploads\/2023\/10\/tres-8-1_optimized-1-300x200.jpg 300w, https:\/\/radiorevelacionfm.cl\/wp-content\/uploads\/2023\/10\/tres-8-1_optimized-1-768x512.jpg 768w, https:\/\/radiorevelacionfm.cl\/wp-content\/uploads\/2023\/10\/tres-8-1_optimized-1-705x470.jpg 705w, https:\/\/radiorevelacionfm.cl\/wp-content\/uploads\/2023\/10\/tres-8-1_optimized-1-450x300.jpg 450w, https:\/\/radiorevelacionfm.cl\/wp-content\/uploads\/2023\/10\/tres-8-1_optimized-1-600x400.jpg 600w\" sizes=\"(max-width: 900px) 100vw, 900px\" \/><\/div><\/div><\/div><\/div><div class=\"flex_column av_one_full  flex_column_div av-zero-column-padding first  avia-builder-el-2  el_after_av_one_full  el_before_av_one_full  column-top-margin\" style='border-radius:0px; '><section class=\"av_textblock_section \"  itemscope=\"itemscope\" itemtype=\"https:\/\/schema.org\/BlogPosting\" itemprop=\"blogPost\" ><div class='avia_textblock  '   itemprop=\"text\" ><p style=\"text-align: center;\"><strong><span style=\"font-size: 18pt;\">Instalan placa conmemorativa en terminal portuario de Cisnes para homenajear a profesor Jorge Vilugr\u00f3n Reyes asesinado en dictadura<\/span><\/strong><\/p>\n<div id=\"gtx-trans\" style=\"position: absolute; left: -50px; top: 4.31534px;\">\n<div class=\"gtx-trans-icon\"><\/div>\n<\/div>\n<\/div><\/section><\/div><div class=\"flex_column av_one_full  flex_column_div av-zero-column-padding first  avia-builder-el-4  el_after_av_one_full  el_before_av_hr  column-top-margin\" style='border-radius:0px; '><section class=\"av_textblock_section \"  itemscope=\"itemscope\" itemtype=\"https:\/\/schema.org\/BlogPosting\" itemprop=\"blogPost\" ><div class='avia_textblock  '   itemprop=\"text\" ><p style=\"text-align: justify;\">El Delegado Presidencial Regional Subrogante Samuel Navarro, junto a los Secretarios Regionales Ministeriales de Educaci\u00f3n Isabel Garrido, de Obras P\u00fablicas Patricio Sanhueza, de Culturas, Artes y Patrimonio Felipe Quiroz V\u00e1squez y de Econom\u00eda, Fomento y Turismo Felipe Rojas Pizarro y la Presidenta de la Agrupaci\u00f3n de Derechos Humanos de Coyhaique Mar\u00eda Erita Vera viajaron hasta Puerto Cisnes para instalar una Placa Conmemorativa en el Terminal Portuario de esta ciudad en homenaje al profesor Jorge Orlando Vilugr\u00f3n Reyes, quien fuera detenido, torturado y asesinado el 08 de octubre de 1973 y sepultado en el mar.<\/p>\n<p style=\"text-align: justify;\">En la ceremonia, el Delegado Presidencial Regional Subrogante Samuel Navarro destac\u00f3: \u201cEstuvimos en una significativa ceremonia en el Terminal de Pasajeros de Puerto Cisnes donde se instal\u00f3 una placa conmemorativa en el contexto de los 50 a\u00f1os, en homenaje al ejecutado pol\u00edtico Jorge Vilugr\u00f3n Reyes, profesor de 27 a\u00f1os que fue ejecutado en el muelle de Puerto Cisnes y creemos que en el d\u00eda del profesor es un reconocimiento, es una conmemoraci\u00f3n muy significativa por cuanto nos permite representar en \u00e9l, en Jorge Vilugr\u00f3n, a todos los profesores y profesoras del pa\u00eds, que trabajan constantemente por un Chile y una sociedad mejor. Esperamos que estos actos de memoria que se van a seguir realizando durante este a\u00f1o en el cincuentenario de la conmemoraci\u00f3n del Golpe C\u00edvico-Militar sirvan para trabajar y reflexionar en torno al valor de la democracia y los derechos humanos como dos conceptos indisolubles, porque no puede haber democracia sin derechos humanos, ni derechos humanos sin democracia, eso es un mandato del presidente en el cual vamos a seguir trabajando constantemente\u201d.<\/p>\n<p style=\"text-align: justify;\">Para la SEREMI de Educaci\u00f3n Isabel Garrido, hoy d\u00eda es una fecha cargada de memoria. \u201cSe conmemoran 50 a\u00f1os desde el asesinato del profesor Jorge Vilugr\u00f3n Reyes, asesinado aqu\u00ed en Puerto Cisnes y por otra parte tambi\u00e9n se celebra el D\u00eda del Profesor y de la Profesora. Como gobierno y como Ministerio de Educaci\u00f3n en la regi\u00f3n de Ays\u00e9n cre\u00edmos que era justo venir aqu\u00ed a conmemorar el d\u00eda del Profesor y Profesora, haciendo una s\u00edntesis de estas dos importantes fechas, porque sabemos que la vocaci\u00f3n docente es tal vez la carrera que tiene m\u00e1s poder de transformar vidas, y es por eso que fueron perseguidos por la dictadura y es por eso, que hoy d\u00eda les recordamos con este significativo homenaje\u201d.<\/p>\n<p style=\"text-align: justify;\">El Golpe de Estado, marc\u00f3 en forma violenta la convivencia democr\u00e1tica de las y los chilenos, y gener\u00f3 un cambio profundo en nuestra historia como pa\u00eds. Hoy, para que nunca m\u00e1s vuelva a ocurrir un quiebre en nuestra democracia, el compromiso es con la promoci\u00f3n de una \u00e9tica p\u00fablica basada en el respeto de los Derechos Humanos, el compromiso con la verdad, la justicia y la reparaci\u00f3n integral, as\u00ed lo se\u00f1alaron los participantes en la ceremonia que homenaje\u00f3 al profesor Jorge Vilugr\u00f3n con la exposici\u00f3n del video \u201cRuta de la Memoria\u201d, realizado por la Agrupaci\u00f3n de Derechos Humanos de Coyhaique con el financiamiento de la Unidad de Cultura, Memoria y Derechos Humanos del Ministerio de las Culturas, las Artes y el Patrimonio, \u00a0la musicalizaci\u00f3n de Marcelo Gabarito grupo Quispikay y producciones Askatasun; se dio a conocer el poema \u201cEl Profesor Fusilado\u201d escrito por Bernardo Gonz\u00e1lez Koppmann, y el grupo musical Mawun interpret\u00f3 la canci\u00f3n \u201cJorge Vilugr\u00f3n\u201d compuesta por Jaime Mayorga. Al finalizar, las autoridades y comunidad se dirigieron hasta el memorial de Jorge Vilugr\u00f3n Reyes para depositar ah\u00ed, claveles en su recuerdo.<\/p>\n<p style=\"text-align: justify;\">La Presidenta de la Agrupaci\u00f3n de Derechos Humanos Coyhaique Mar\u00eda Erita Vera, en la ocasi\u00f3n resalt\u00f3 \u201cnos parece muy relevante, valoramos todo lo que significa que de parte del Estado se instalen placas conmemorativas en memoria de los detenidos desaparecidos ejecutados pol\u00edticos en todos aquellos lugares en donde hubo represi\u00f3n, tortura, muerte y desaparici\u00f3n. Este es uno de los lugares donde precisamente ocurri\u00f3 una de las ejecuciones m\u00e1s macabras de la regi\u00f3n de Ays\u00e9n que fue la ejecuci\u00f3n de un joven profesor de solo 27 a\u00f1os que lleg\u00f3 a trabajar a localidad de La Junta\u00a0 en donde fue detenido y fue tra\u00eddo hasta este lugar para ser fusilado en el muelle de Puerto Cisnes y posteriormente sepultado en el mar. As\u00ed que la instalaci\u00f3n de esta placa en el Terminal Portuario nos parece muy importante, es una forma de reparaci\u00f3n ante la sociedad, una forma de revindicar y dignificar quienes fueron los ejecutados pol\u00edticos, en este caso un profesor\u201d.<\/p>\n<p style=\"text-align: justify;\">\u201cA 50 a\u00f1os del golpe de estado, como gobierno y Ministerio de Obras P\u00fablicas confirmamos nuestro compromiso con los Derechos Humanos, convencidos que la democracia se construye con memoria y futuro. Como gobierno queremos honrar la memoria de cada uno y una de las personas que fueron v\u00edctimas de desaparici\u00f3n, sufrieron torturas y muerte producto del Golpe de Estado, y recordamos especialmente en Puerto Cisnes la memoria del profesor Jorge Orlando Vilugr\u00f3n Reyes, quien fuera detenido, torturado y asesinado el 8 de octubre de 1973, y lo hacemos aqu\u00ed, porque nuestro presidente Gabriel Boric Font nos ha instado a poner la infraestructura al servicio de las necesidades de las personas y comunidades, as\u00ed que como Ministerio de Obras P\u00fablicas hoy nos sentimos muy orgullosos de poder instalar en este lugar una Placa conmemorativa en homenaje al profesor, en una infraestructura que construy\u00f3 el Ministerio de Obras P\u00fablicas y que siempre est\u00e1 abierta y al servicio de todas las personas\u201d, afirm\u00f3 el SEREMI del MOP.<\/p>\n<p style=\"text-align: justify;\">Por su parte, el SEREMI de Econom\u00eda agreg\u00f3 \u201choy m\u00e1s que nunca desde el gobierno del presidente Gabriel Boric Font, estamos convencidos de que el irrestricto compromiso con los Derechos Humanos, con la justicia y la verdad es el camino para construir una memoria para un futuro que nos una como pa\u00eds. El recuerdo, legado y memoria del profesor Jorge Vilugr\u00f3n est\u00e1n m\u00e1s presentes que nunca\u201d.<\/p>\n<\/div><\/section><\/div><div  style='height:50px' class='hr hr-invisible   avia-builder-el-6  el_after_av_one_full  el_before_av_social_share '><span class='hr-inner ' ><span class='hr-inner-style'><\/span><\/span><\/div><\/p>\n<div  class='av-social-sharing-box  avia-builder-el-7  el_after_av_hr  el_before_av_hr  '><div class='av-share-box'><h5 class='av-share-link-description av-no-toc '>Compartir esta noticia<\/h5><ul class='av-share-box-list noLightbox'><li class='av-share-link av-social-link-facebook' ><a target=\"_blank\" aria-label=\"Compartir en Facebook\" href='https:\/\/www.facebook.com\/sharer.php?u=https:\/\/radiorevelacionfm.cl\/?p=36054&#038;t=Instalan%20placa%20conmemorativa%20en%20terminal%20portuario%20de%20Cisnes%20para%20homenajear%20a%20profesor%20Jorge%20Vilugr%C3%B3n%20Reyes%20asesinado%20en%20dictadura' aria-hidden='false' data-av_icon='\ue8f3' data-av_iconfont='entypo-fontello' title='' data-avia-related-tooltip='Compartir en Facebook' rel=\"noopener\"><span class='avia_hidden_link_text'>Compartir en Facebook<\/span><\/a><\/li><li class='av-share-link av-social-link-twitter' ><a target=\"_blank\" aria-label=\"Compartir en Twitter\" href='https:\/\/twitter.com\/share?text=Instalan%20placa%20conmemorativa%20en%20terminal%20portuario%20de%20Cisnes%20para%20homenajear%20a%20profesor%20Jorge%20Vilugr%C3%B3n%20Reyes%20asesinado%20en%20dictadura&#038;url=https:\/\/radiorevelacionfm.cl\/?p=36054' aria-hidden='false' data-av_icon='\ue8f1' data-av_iconfont='entypo-fontello' title='' data-avia-related-tooltip='Compartir en Twitter' rel=\"noopener\"><span class='avia_hidden_link_text'>Compartir en Twitter<\/span><\/a><\/li><li class='av-share-link av-social-link-whatsapp' ><a target=\"_blank\" aria-label=\"Compartir en Whatsapp\" href='https:\/\/api.whatsapp.com\/send?text=https:\/\/radiorevelacionfm.cl\/?p=36054' aria-hidden='false' data-av_icon='\uf232' data-av_iconfont='entypo-fontello' title='' data-avia-related-tooltip='Compartir en Whatsapp' rel=\"noopener\"><span class='avia_hidden_link_text'>Compartir en Whatsapp<\/span><\/a><\/li><li class='av-share-link av-social-link-linkedin' ><a target=\"_blank\" aria-label=\"Compartir en LinkedIn\" href='https:\/\/linkedin.com\/shareArticle?mini=true&#038;title=Instalan%20placa%20conmemorativa%20en%20terminal%20portuario%20de%20Cisnes%20para%20homenajear%20a%20profesor%20Jorge%20Vilugr%C3%B3n%20Reyes%20asesinado%20en%20dictadura&#038;url=https:\/\/radiorevelacionfm.cl\/?p=36054' aria-hidden='false' data-av_icon='\ue8fc' data-av_iconfont='entypo-fontello' title='' data-avia-related-tooltip='Compartir en LinkedIn' rel=\"noopener\"><span class='avia_hidden_link_text'>Compartir en LinkedIn<\/span><\/a><\/li><li class='av-share-link av-social-link-mail' ><a  aria-label=\"Compartir por correo\" href='mailto:?subject=Instalan%20placa%20conmemorativa%20en%20terminal%20portuario%20de%20Cisnes%20para%20homenajear%20a%20profesor%20Jorge%20Vilugr%C3%B3n%20Reyes%20asesinado%20en%20dictadura&#038;body=https:\/\/radiorevelacionfm.cl\/?p=36054' aria-hidden='false' data-av_icon='\ue805' data-av_iconfont='entypo-fontello' title='' data-avia-related-tooltip='Compartir por correo'><span class='avia_hidden_link_text'>Compartir por correo<\/span><\/a><\/li><\/ul><\/div><\/div>\n<div  style='height:50px' class='hr hr-invisible   avia-builder-el-8  el_after_av_social_share  el_before_av_comments_list '><span class='hr-inner ' ><span class='hr-inner-style'><\/span><\/span><\/div>\n<div  class='av-buildercomment  av-blog-meta-html-info-disabled av-blog-meta-tag-disabled  '><\/div>\n","protected":false},"excerpt":{"rendered":"","protected":false},"author":1,"featured_media":36055,"comment_status":"open","ping_status":"open","sticky":false,"template":"","format":"standard","meta":{"footnotes":""},"categories":[38],"tags":[],"class_list":["post-36054","post","type-post","status-publish","format-standard","has-post-thumbnail","hentry","category-regional"],"jetpack_featured_media_url":"https:\/\/radiorevelacionfm.cl\/wp-content\/uploads\/2023\/10\/tres-8-1_optimized-1.jpg","_links":{"self":[{"href":"https:\/\/radiorevelacionfm.cl\/index.php?rest_route=\/wp\/v2\/posts\/36054","targetHints":{"allow":["GET"]}}],"collection":[{"href":"https:\/\/radiorevelacionfm.cl\/index.php?rest_route=\/wp\/v2\/posts"}],"about":[{"href":"https:\/\/radiorevelacionfm.cl\/index.php?rest_route=\/wp\/v2\/types\/post"}],"author":[{"embeddable":true,"href":"https:\/\/radiorevelacionfm.cl\/index.php?rest_route=\/wp\/v2\/users\/1"}],"replies":[{"embeddable":true,"href":"https:\/\/radiorevelacionfm.cl\/index.php?rest_route=%2Fwp%2Fv2%2Fcomments&post=36054"}],"version-history":[{"count":1,"href":"https:\/\/radiorevelacionfm.cl\/index.php?rest_route=\/wp\/v2\/posts\/36054\/revisions"}],"predecessor-version":[{"id":36056,"href":"https:\/\/radiorevelacionfm.cl\/index.php?rest_route=\/wp\/v2\/posts\/36054\/revisions\/36056"}],"wp:featuredmedia":[{"embeddable":true,"href":"https:\/\/radiorevelacionfm.cl\/index.php?rest_route=\/wp\/v2\/media\/36055"}],"wp:attachment":[{"href":"https:\/\/radiorevelacionfm.cl\/index.php?rest_route=%2Fwp%2Fv2%2Fmedia&parent=36054"}],"wp:term":[{"taxonomy":"category","embeddable":true,"href":"https:\/\/radiorevelacionfm.cl\/index.php?rest_route=%2Fwp%2Fv2%2Fcategories&post=36054"},{"taxonomy":"post_tag","embeddable":true,"href":"https:\/\/radiorevelacionfm.cl\/index.php?rest_route=%2Fwp%2Fv2%2Ftags&post=36054"}],"curies":[{"name":"wp","href":"https:\/\/api.w.org\/{rel}","templated":true}]}}