{"id":36051,"date":"2023-10-20T10:19:48","date_gmt":"2023-10-20T13:19:48","guid":{"rendered":"https:\/\/radiorevelacionfm.cl\/?p=36051"},"modified":"2023-10-20T10:19:48","modified_gmt":"2023-10-20T13:19:48","slug":"policias-y-autoridades-sostienen-reunion-de-coordinacion-por-problematica-delictual-que-afecta-al-comercio","status":"publish","type":"post","link":"https:\/\/radiorevelacionfm.cl\/?p=36051","title":{"rendered":"Polic\u00edas y autoridades sostienen reuni\u00f3n de coordinaci\u00f3n por problem\u00e1tica delictual que afecta al comercio"},"content":{"rendered":"<div class=\"flex_column av_one_full  flex_column_div av-zero-column-padding first  avia-builder-el-0  el_before_av_one_full  avia-builder-el-first  \" style='border-radius:0px; '><div  class='avia-image-container  av-styling-    avia-builder-el-1  avia-builder-el-no-sibling  avia-align-center '  itemprop=\"image\" itemscope=\"itemscope\" itemtype=\"https:\/\/schema.org\/ImageObject\"  ><div class='avia-image-container-inner'><div class='avia-image-overlay-wrap'><img decoding=\"async\" class='wp-image-36052 avia-img-lazy-loading-not-36052 avia_image' src=\"https:\/\/radiorevelacionfm.cl\/wp-content\/uploads\/2023\/10\/F8vRecKWAAArBAw-1-1.jpg\" alt='' title='F8vRecKWAAArBAw (1) (1)' height=\"600\" width=\"901\"  itemprop=\"thumbnailUrl\" srcset=\"https:\/\/radiorevelacionfm.cl\/wp-content\/uploads\/2023\/10\/F8vRecKWAAArBAw-1-1.jpg 901w, https:\/\/radiorevelacionfm.cl\/wp-content\/uploads\/2023\/10\/F8vRecKWAAArBAw-1-1-300x200.jpg 300w, https:\/\/radiorevelacionfm.cl\/wp-content\/uploads\/2023\/10\/F8vRecKWAAArBAw-1-1-768x511.jpg 768w, https:\/\/radiorevelacionfm.cl\/wp-content\/uploads\/2023\/10\/F8vRecKWAAArBAw-1-1-705x469.jpg 705w, https:\/\/radiorevelacionfm.cl\/wp-content\/uploads\/2023\/10\/F8vRecKWAAArBAw-1-1-450x300.jpg 450w, https:\/\/radiorevelacionfm.cl\/wp-content\/uploads\/2023\/10\/F8vRecKWAAArBAw-1-1-600x400.jpg 600w\" sizes=\"(max-width: 901px) 100vw, 901px\" \/><\/div><\/div><\/div><\/div><div class=\"flex_column av_one_full  flex_column_div av-zero-column-padding first  avia-builder-el-2  el_after_av_one_full  el_before_av_one_full  column-top-margin\" style='border-radius:0px; '><section class=\"av_textblock_section \"  itemscope=\"itemscope\" itemtype=\"https:\/\/schema.org\/BlogPosting\" itemprop=\"blogPost\" ><div class='avia_textblock  '   itemprop=\"text\" ><p style=\"text-align: center;\"><strong><span style=\"font-size: 18pt;\">Polic\u00edas y autoridades sostienen reuni\u00f3n de coordinaci\u00f3n por problem\u00e1tica delictual que afecta al comercio<\/span><\/strong><\/p>\n<div id=\"gtx-trans\" style=\"position: absolute; left: -50px; top: 4.31534px;\">\n<div class=\"gtx-trans-icon\"><\/div>\n<\/div>\n<\/div><\/section><\/div><div class=\"flex_column av_one_full  flex_column_div av-zero-column-padding first  avia-builder-el-4  el_after_av_one_full  el_before_av_hr  column-top-margin\" style='border-radius:0px; '><section class=\"av_textblock_section \"  itemscope=\"itemscope\" itemtype=\"https:\/\/schema.org\/BlogPosting\" itemprop=\"blogPost\" ><div class='avia_textblock  '   itemprop=\"text\" ><p style=\"text-align: justify;\"><em>Cerca del 30% de las personas que cometen delitos son detenidos en flagrancia por Carabineros. A la fecha se registran m\u00e1s de 3.800 detenidos, de estos, cerca de 210 personas han sido detenidas por robo, hurto y receptaci\u00f3n.<\/em><\/p>\n<p class=\"v1MsoNormal\" style=\"text-align: justify;\">Con la finalidad de abordar coordinaciones y estrategias para una mejor persecuci\u00f3n, el Jefe de Zona de Carabineros Ays\u00e9n, General Patricio Javier Santos Poblete sostuvo una reuni\u00f3n con diversas autoridades ante problem\u00e1tica delictual que ha afectado al comercio en la \u00faltima semana.<\/p>\n<p class=\"v1MsoNormal\" style=\"text-align: justify;\">Junto a la Delegaci\u00f3n Presidencial Regional de Ays\u00e9n, Fiscal\u00eda Regional, PDI, C\u00e1mara de Comercio y Subsecretar\u00eda de Prevenci\u00f3n del Delito, fueron abordadas m\u00faltiples materias que permitan aumentar los niveles de vigilancia junto con reforzar las medidas de autocuidado y de esta forma prevenir la ocurrencia de este tipo de delitos que han afectado principalmente a minimarket.<\/p>\n<p class=\"v1MsoNormal\" style=\"text-align: justify;\">\u00abLo cierto es que es altamente probable que las personas que cometen delitos de robos en la regi\u00f3n -particularmente en la comuna de Coyhaique- sean detenidos en el corto plazo. Cerca del 30% de las personas que cometen delitos son detenidos en flagrancia por parte de Carabineros. A la fecha llevamos cerca de 210 personas detenidas por hurto y por robo. Las por robo son 95 detenidos en lo que va del a\u00f1o, es decir, cada dos d\u00edas y medio Carabineros est\u00e1 deteniendo una persona por este delito\u00bb, expres\u00f3 el Jefe de Zona Ays\u00e9n, quien se\u00f1al\u00f3 que a la fecha la Instituci\u00f3n ha detenido a 3.872 personas por diversos delitos en la regi\u00f3n entre enero y el 15 de octubre reci\u00e9n pasado..<\/p>\n<p class=\"v1MsoNormal\" style=\"text-align: justify;\"><b>Mejor persecuci\u00f3n<\/b><\/p>\n<p class=\"v1MsoNormal\" style=\"text-align: justify;\">El Oficial General indic\u00f3 que a trav\u00e9s de esta reuni\u00f3n de trabajo se busca mejorar los procesos internos de persecuci\u00f3n con la PDI y la Fiscal\u00eda, de forma tal que dado estos hallazgos sea posible detectar o asociar estos hechos con otros delitos que han afectado a la comunidad.<\/p>\n<p class=\"v1MsoNormal\" style=\"text-align: justify;\">Frente a la ocurrencia de delitos, el General Santos destac\u00f3 en los locatarios su forma de actuar, en el sentido de entregar las especies y con ello proteger lo m\u00e1s importante que es la vida de las personas.<\/p>\n<p class=\"v1MsoNormal\" style=\"text-align: justify;\">\u00abSi le piden entregar (dinero o especies), h\u00e1galo. Lo m\u00e1s probable es que con Carabineros o la Polic\u00eda de Investigaciones, los detengamos. Lo segundo relevante es que denuncien los hechos. Anoche Carabineros detuvo en Ma\u00f1ihuales a una persona que el 13 de octubre hab\u00eda robado en un local comercial (&#8230;) la v\u00edctima no lo denunci\u00f3 a Carabineros, si no cuando vio por redes sociales que las especies se estaban transando en el mercado informal\u00bb, precis\u00f3.<\/p>\n<p class=\"v1MsoNormal\" style=\"text-align: justify;\">Carabineros tom\u00f3 conocimiento del hecho, siendo efectuadas las coordinaciones con Fiscal\u00eda, lo cual permiti\u00f3 la detenci\u00f3n de esta persona.<\/p>\n<p class=\"v1MsoNormal\" style=\"text-align: justify;\">\u00abDebemos trabajar en conjunto. La seguridad es tarea de todos, juntos con la comunidad, junto con Fiscal\u00eda, Polic\u00eda de Investigaciones y Carabineros, evidentemente vamos a estar m\u00e1s seguros y esperamos que los \u00f3rganos jurisdiccionales hagan su parte y las personas queden privadas de libertad -en lo posible- para que no vuelvan a cometer este tipo de delitos\u00bb, puntualiz\u00f3 el Jefe de Zona Ays\u00e9n.<\/p>\n<\/div><\/section><\/div><div  style='height:50px' class='hr hr-invisible   avia-builder-el-6  el_after_av_one_full  el_before_av_social_share '><span class='hr-inner ' ><span class='hr-inner-style'><\/span><\/span><\/div><\/p>\n<div  class='av-social-sharing-box  avia-builder-el-7  el_after_av_hr  el_before_av_hr  '><div class='av-share-box'><h5 class='av-share-link-description av-no-toc '>Compartir esta noticia<\/h5><ul class='av-share-box-list noLightbox'><li class='av-share-link av-social-link-facebook' ><a target=\"_blank\" aria-label=\"Compartir en Facebook\" href='https:\/\/www.facebook.com\/sharer.php?u=https:\/\/radiorevelacionfm.cl\/?p=36051&#038;t=Polic%C3%ADas%20y%20autoridades%20sostienen%20reuni%C3%B3n%20de%20coordinaci%C3%B3n%20por%20problem%C3%A1tica%20delictual%20que%20afecta%20al%20comercio' aria-hidden='false' data-av_icon='\ue8f3' data-av_iconfont='entypo-fontello' title='' data-avia-related-tooltip='Compartir en Facebook' rel=\"noopener\"><span class='avia_hidden_link_text'>Compartir en Facebook<\/span><\/a><\/li><li class='av-share-link av-social-link-twitter' ><a target=\"_blank\" aria-label=\"Compartir en Twitter\" href='https:\/\/twitter.com\/share?text=Polic%C3%ADas%20y%20autoridades%20sostienen%20reuni%C3%B3n%20de%20coordinaci%C3%B3n%20por%20problem%C3%A1tica%20delictual%20que%20afecta%20al%20comercio&#038;url=https:\/\/radiorevelacionfm.cl\/?p=36051' aria-hidden='false' data-av_icon='\ue8f1' data-av_iconfont='entypo-fontello' title='' data-avia-related-tooltip='Compartir en Twitter' rel=\"noopener\"><span class='avia_hidden_link_text'>Compartir en Twitter<\/span><\/a><\/li><li class='av-share-link av-social-link-whatsapp' ><a target=\"_blank\" aria-label=\"Compartir en Whatsapp\" href='https:\/\/api.whatsapp.com\/send?text=https:\/\/radiorevelacionfm.cl\/?p=36051' aria-hidden='false' data-av_icon='\uf232' data-av_iconfont='entypo-fontello' title='' data-avia-related-tooltip='Compartir en Whatsapp' rel=\"noopener\"><span class='avia_hidden_link_text'>Compartir en Whatsapp<\/span><\/a><\/li><li class='av-share-link av-social-link-linkedin' ><a target=\"_blank\" aria-label=\"Compartir en LinkedIn\" href='https:\/\/linkedin.com\/shareArticle?mini=true&#038;title=Polic%C3%ADas%20y%20autoridades%20sostienen%20reuni%C3%B3n%20de%20coordinaci%C3%B3n%20por%20problem%C3%A1tica%20delictual%20que%20afecta%20al%20comercio&#038;url=https:\/\/radiorevelacionfm.cl\/?p=36051' aria-hidden='false' data-av_icon='\ue8fc' data-av_iconfont='entypo-fontello' title='' data-avia-related-tooltip='Compartir en LinkedIn' rel=\"noopener\"><span class='avia_hidden_link_text'>Compartir en LinkedIn<\/span><\/a><\/li><li class='av-share-link av-social-link-mail' ><a  aria-label=\"Compartir por correo\" href='mailto:?subject=Polic%C3%ADas%20y%20autoridades%20sostienen%20reuni%C3%B3n%20de%20coordinaci%C3%B3n%20por%20problem%C3%A1tica%20delictual%20que%20afecta%20al%20comercio&#038;body=https:\/\/radiorevelacionfm.cl\/?p=36051' aria-hidden='false' data-av_icon='\ue805' data-av_iconfont='entypo-fontello' title='' data-avia-related-tooltip='Compartir por correo'><span class='avia_hidden_link_text'>Compartir por correo<\/span><\/a><\/li><\/ul><\/div><\/div>\n<div  style='height:50px' class='hr hr-invisible   avia-builder-el-8  el_after_av_social_share  el_before_av_comments_list '><span class='hr-inner ' ><span class='hr-inner-style'><\/span><\/span><\/div>\n<div  class='av-buildercomment  av-blog-meta-html-info-disabled av-blog-meta-tag-disabled  '><\/div>\n","protected":false},"excerpt":{"rendered":"","protected":false},"author":1,"featured_media":36052,"comment_status":"open","ping_status":"open","sticky":false,"template":"","format":"standard","meta":{"footnotes":""},"categories":[38],"tags":[],"class_list":["post-36051","post","type-post","status-publish","format-standard","has-post-thumbnail","hentry","category-regional"],"jetpack_featured_media_url":"https:\/\/radiorevelacionfm.cl\/wp-content\/uploads\/2023\/10\/F8vRecKWAAArBAw-1-1.jpg","_links":{"self":[{"href":"https:\/\/radiorevelacionfm.cl\/index.php?rest_route=\/wp\/v2\/posts\/36051","targetHints":{"allow":["GET"]}}],"collection":[{"href":"https:\/\/radiorevelacionfm.cl\/index.php?rest_route=\/wp\/v2\/posts"}],"about":[{"href":"https:\/\/radiorevelacionfm.cl\/index.php?rest_route=\/wp\/v2\/types\/post"}],"author":[{"embeddable":true,"href":"https:\/\/radiorevelacionfm.cl\/index.php?rest_route=\/wp\/v2\/users\/1"}],"replies":[{"embeddable":true,"href":"https:\/\/radiorevelacionfm.cl\/index.php?rest_route=%2Fwp%2Fv2%2Fcomments&post=36051"}],"version-history":[{"count":1,"href":"https:\/\/radiorevelacionfm.cl\/index.php?rest_route=\/wp\/v2\/posts\/36051\/revisions"}],"predecessor-version":[{"id":36053,"href":"https:\/\/radiorevelacionfm.cl\/index.php?rest_route=\/wp\/v2\/posts\/36051\/revisions\/36053"}],"wp:featuredmedia":[{"embeddable":true,"href":"https:\/\/radiorevelacionfm.cl\/index.php?rest_route=\/wp\/v2\/media\/36052"}],"wp:attachment":[{"href":"https:\/\/radiorevelacionfm.cl\/index.php?rest_route=%2Fwp%2Fv2%2Fmedia&parent=36051"}],"wp:term":[{"taxonomy":"category","embeddable":true,"href":"https:\/\/radiorevelacionfm.cl\/index.php?rest_route=%2Fwp%2Fv2%2Fcategories&post=36051"},{"taxonomy":"post_tag","embeddable":true,"href":"https:\/\/radiorevelacionfm.cl\/index.php?rest_route=%2Fwp%2Fv2%2Ftags&post=36051"}],"curies":[{"name":"wp","href":"https:\/\/api.w.org\/{rel}","templated":true}]}}