{"id":36049,"date":"2023-10-19T22:46:00","date_gmt":"2023-10-20T01:46:00","guid":{"rendered":"https:\/\/radiorevelacionfm.cl\/?p=36049"},"modified":"2023-10-19T22:46:00","modified_gmt":"2023-10-20T01:46:00","slug":"fiscalia-logra-condena-para-6-imputados-por-diversos-casos-de-trafico-de-drogas","status":"publish","type":"post","link":"https:\/\/radiorevelacionfm.cl\/?p=36049","title":{"rendered":"Fiscal\u00eda logra condena para 6 imputados por diversos casos de tr\u00e1fico de drogas"},"content":{"rendered":"<div class=\"flex_column av_one_full  flex_column_div av-zero-column-padding first  avia-builder-el-0  el_before_av_one_full  avia-builder-el-first  \" style='border-radius:0px; '><div  class='avia-image-container  av-styling-    avia-builder-el-1  avia-builder-el-no-sibling  avia-align-center '  itemprop=\"image\" itemscope=\"itemscope\" itemtype=\"https:\/\/schema.org\/ImageObject\"  ><div class='avia-image-container-inner'><div class='avia-image-overlay-wrap'><img decoding=\"async\" class='wp-image-30466 avia-img-lazy-loading-not-30466 avia_image' src=\"https:\/\/radiorevelacionfm.cl\/wp-content\/uploads\/2023\/04\/fiscalia-1_optimized.jpeg\" alt='' title='fiscalia-(1)_optimized' height=\"600\" width=\"919\"  itemprop=\"thumbnailUrl\" srcset=\"https:\/\/radiorevelacionfm.cl\/wp-content\/uploads\/2023\/04\/fiscalia-1_optimized.jpeg 919w, https:\/\/radiorevelacionfm.cl\/wp-content\/uploads\/2023\/04\/fiscalia-1_optimized-300x196.jpeg 300w, https:\/\/radiorevelacionfm.cl\/wp-content\/uploads\/2023\/04\/fiscalia-1_optimized-768x501.jpeg 768w, https:\/\/radiorevelacionfm.cl\/wp-content\/uploads\/2023\/04\/fiscalia-1_optimized-705x460.jpeg 705w, https:\/\/radiorevelacionfm.cl\/wp-content\/uploads\/2023\/04\/fiscalia-1_optimized-450x294.jpeg 450w, https:\/\/radiorevelacionfm.cl\/wp-content\/uploads\/2023\/04\/fiscalia-1_optimized-600x392.jpeg 600w\" sizes=\"(max-width: 919px) 100vw, 919px\" \/><\/div><\/div><\/div><\/div><div class=\"flex_column av_one_full  flex_column_div av-zero-column-padding first  avia-builder-el-2  el_after_av_one_full  el_before_av_one_full  column-top-margin\" style='border-radius:0px; '><section class=\"av_textblock_section \"  itemscope=\"itemscope\" itemtype=\"https:\/\/schema.org\/BlogPosting\" itemprop=\"blogPost\" ><div class='avia_textblock  '   itemprop=\"text\" ><p style=\"text-align: center;\"><span style=\"font-size: 18pt;\"><b><span lang=\"ES\">Fiscal\u00eda logra condena para 6 imputados por diversos casos de tr\u00e1fico de drogas<\/span><\/b><\/span><\/p>\n<div id=\"gtx-trans\" style=\"position: absolute; left: -50px; top: 4.31534px;\">\n<div class=\"gtx-trans-icon\"><\/div>\n<\/div>\n<\/div><\/section><\/div><div class=\"flex_column av_one_full  flex_column_div av-zero-column-padding first  avia-builder-el-4  el_after_av_one_full  el_before_av_hr  column-top-margin\" style='border-radius:0px; '><section class=\"av_textblock_section \"  itemscope=\"itemscope\" itemtype=\"https:\/\/schema.org\/BlogPosting\" itemprop=\"blogPost\" ><div class='avia_textblock  '   itemprop=\"text\" ><p style=\"font-weight: 400; text-align: justify;\">La Unidad de Drogas de la Fiscal\u00eda en la Regi\u00f3n de Ays\u00e9n logr\u00f3 condenas para seis personas en tres casos distintos de tr\u00e1fico de drogas, detectados el a\u00f1o 2022, tras diversas diligencias efectuadas por detectives de la PDI y Carabineros del OS-7, bajo la direcci\u00f3n del Ministerio P\u00fablico.<\/p>\n<p style=\"font-weight: 400; text-align: justify;\">En un primer caso, seg\u00fan explic\u00f3 la fiscal Mar\u00eda In\u00e9s N\u00fa\u00f1ez Briso, fue condenado un sujeto de 36 a\u00f1os, a la pena de cinco a\u00f1os y un d\u00eda de presidio y una multa de 10 UTM, es decir, cerca de 635 mil pesos, como autor de un delito de tr\u00e1fico il\u00edcito de drogas cometido en marzo del a\u00f1o 2022.<\/p>\n<p style=\"font-weight: 400; text-align: justify;\">El Tribunal de Juicio Oral en Lo Penal, en base a las pruebas presentadas por el Ministerio P\u00fablico, dio por acreditado que el 22 de marzo de 2022, el imputado envi\u00f3 droga desde Santiago hasta Coyhaique, al interior de un paquete que conten\u00eda clorhidrato de coca\u00edna, con un peso de 496 gramos y una bolsa 242 gramos de cannabis.<\/p>\n<p style=\"font-weight: 400; text-align: justify;\">Tras efectuar el retiro del env\u00edo el 30 de marzo, el imputado se dirigi\u00f3 al autom\u00f3vil en que se movilizaba, siendo detenido por personal del OS-7 de Carabineros.<\/p>\n<p style=\"font-weight: 400; text-align: justify;\">Posteriormente, en el inmueble donde se alojaba el sujeto en Coyhaique, Carabineros decomis\u00f3 6.73 gramos de ketamina. En un segundo cargamento del mismo imputado, se decomis\u00f3 el 4 de abril del a\u00f1o 2022 un kilo de clorhidrato de coca\u00edna.<\/p>\n<p style=\"font-weight: 400; text-align: justify;\">SEGUNDO CASO<\/p>\n<p style=\"font-weight: 400; text-align: justify;\">En un segundo caso de tr\u00e1fico de drogas, la Fiscal\u00eda logr\u00f3 probar en un juicio oral, la participaci\u00f3n de tres imputados oriundos de Coyhaique, de 32, 27 y 22 a\u00f1os, como coautores de tr\u00e1fico il\u00edcito de drogas ocurrido el d\u00eda 30 de noviembre de 2022 en la capital regional de Ays\u00e9n.<\/p>\n<p style=\"font-weight: 400; text-align: justify;\">El primero, detall\u00f3 la fiscal Mar\u00eda In\u00e9s N\u00fa\u00f1ez, fue sentenciado a seis a\u00f1os de presidio y los otros dos sujetos, a siete a\u00f1os de presidio, sumado a una multa de 24 UTM, un mill\u00f3n y medio de pesos aproximadamente.<\/p>\n<p style=\"font-weight: 400; text-align: justify;\">En este delito, el 24 de noviembre de 2022, personas no identificadas efectuaron un env\u00edo desde Puerto Montt con destino a Coyhaique. El 28 de noviembre de 2022, detectives de la Brigada Antinarc\u00f3ticos y contra el Crimen Organizado de la PDI, detectaron que el paquete conten\u00eda en su interior, 3 kilos 508 gramos de coca\u00edna.<\/p>\n<p style=\"font-weight: 400; text-align: justify;\">Posteriormente, el 30 de noviembre del a\u00f1o 2022, funcionarios de la PDI detuvieron a los tres imputados, quienes utilizaron un veh\u00edculo para desplazarse al lugar donde se encontraba el paquete.<\/p>\n<p style=\"font-weight: 400; text-align: justify;\">TERCER CASO<\/p>\n<p style=\"font-weight: 400; text-align: justify;\">En un tercer caso de tr\u00e1fico de drogas, dos imputados con domicilio en Puerto Montt, fueron condenados como autores de tr\u00e1fico de drogas, detectado el 23 de noviembre del a\u00f1o 2022 en la comuna de Cisnes.<\/p>\n<p style=\"font-weight: 400; text-align: justify;\">Un imputado de 44 a\u00f1os, fue condenado a seis a\u00f1os de presidio y una imputada, de 45 a\u00f1os, a siete a\u00f1os de presidio. Ambos deber\u00e1n pagar, adem\u00e1s, una multa de 24 UTM, es decir, un mill\u00f3n y medio de pesos aproximadamente.<\/p>\n<p style=\"font-weight: 400; text-align: justify;\">De acuerdo con los hechos acreditados ante el Tribunal, el 23 de noviembre del a\u00f1o 2022, los imputados se trasladaron desde la comuna de Chait\u00e9n hacia La Junta en un veh\u00edculo, donde fueron fiscalizados por detectives de la Brigada Antinarc\u00f3ticos y Contra el Crimen Organizado de la PDI. El equipo policial detect\u00f3 al interior del autom\u00f3vil, 347 gramos de cannabis y 560 gramos de clorhidrato de coca\u00edna, adem\u00e1s de 13,75 gramos de ketamina.<\/p>\n<p style=\"font-weight: 400; text-align: justify;\">Todas las penas mencionadas en estos casos, deben ser con cumplimiento efectivo, es decir, en la c\u00e1rcel.<\/p>\n<p style=\"font-weight: 400; text-align: justify;\">En relaci\u00f3n a la lucha contra el tr\u00e1fico de drogas, el Fiscal Regional, Carlos Palma, expres\u00f3 que el trabajo conjunto entre la Fiscal\u00eda, PDI y Carabineros contin\u00faa efectu\u00e1ndose a fin de detectar y poner a disposici\u00f3n de los Tribunales de Justician a los imputados por este tipo de delitos en la Regi\u00f3n de Ays\u00e9n.<\/p>\n<\/div><\/section><\/div><div  style='height:50px' class='hr hr-invisible   avia-builder-el-6  el_after_av_one_full  el_before_av_social_share '><span class='hr-inner ' ><span class='hr-inner-style'><\/span><\/span><\/div><\/p>\n<div  class='av-social-sharing-box  avia-builder-el-7  el_after_av_hr  el_before_av_hr  '><div class='av-share-box'><h5 class='av-share-link-description av-no-toc '>Compartir esta noticia<\/h5><ul class='av-share-box-list noLightbox'><li class='av-share-link av-social-link-facebook' ><a target=\"_blank\" aria-label=\"Compartir en Facebook\" href='https:\/\/www.facebook.com\/sharer.php?u=https:\/\/radiorevelacionfm.cl\/?p=36049&#038;t=Fiscal%C3%ADa%20logra%20condena%20para%206%20imputados%20por%20diversos%20casos%20de%20tr%C3%A1fico%20de%20drogas' aria-hidden='false' data-av_icon='\ue8f3' data-av_iconfont='entypo-fontello' title='' data-avia-related-tooltip='Compartir en Facebook' rel=\"noopener\"><span class='avia_hidden_link_text'>Compartir en Facebook<\/span><\/a><\/li><li class='av-share-link av-social-link-twitter' ><a target=\"_blank\" aria-label=\"Compartir en Twitter\" href='https:\/\/twitter.com\/share?text=Fiscal%C3%ADa%20logra%20condena%20para%206%20imputados%20por%20diversos%20casos%20de%20tr%C3%A1fico%20de%20drogas&#038;url=https:\/\/radiorevelacionfm.cl\/?p=36049' aria-hidden='false' data-av_icon='\ue8f1' data-av_iconfont='entypo-fontello' title='' data-avia-related-tooltip='Compartir en Twitter' rel=\"noopener\"><span class='avia_hidden_link_text'>Compartir en Twitter<\/span><\/a><\/li><li class='av-share-link av-social-link-whatsapp' ><a target=\"_blank\" aria-label=\"Compartir en Whatsapp\" href='https:\/\/api.whatsapp.com\/send?text=https:\/\/radiorevelacionfm.cl\/?p=36049' aria-hidden='false' data-av_icon='\uf232' data-av_iconfont='entypo-fontello' title='' data-avia-related-tooltip='Compartir en Whatsapp' rel=\"noopener\"><span class='avia_hidden_link_text'>Compartir en Whatsapp<\/span><\/a><\/li><li class='av-share-link av-social-link-linkedin' ><a target=\"_blank\" aria-label=\"Compartir en LinkedIn\" href='https:\/\/linkedin.com\/shareArticle?mini=true&#038;title=Fiscal%C3%ADa%20logra%20condena%20para%206%20imputados%20por%20diversos%20casos%20de%20tr%C3%A1fico%20de%20drogas&#038;url=https:\/\/radiorevelacionfm.cl\/?p=36049' aria-hidden='false' data-av_icon='\ue8fc' data-av_iconfont='entypo-fontello' title='' data-avia-related-tooltip='Compartir en LinkedIn' rel=\"noopener\"><span class='avia_hidden_link_text'>Compartir en LinkedIn<\/span><\/a><\/li><li class='av-share-link av-social-link-mail' ><a  aria-label=\"Compartir por correo\" href='mailto:?subject=Fiscal%C3%ADa%20logra%20condena%20para%206%20imputados%20por%20diversos%20casos%20de%20tr%C3%A1fico%20de%20drogas&#038;body=https:\/\/radiorevelacionfm.cl\/?p=36049' aria-hidden='false' data-av_icon='\ue805' data-av_iconfont='entypo-fontello' title='' data-avia-related-tooltip='Compartir por correo'><span class='avia_hidden_link_text'>Compartir por correo<\/span><\/a><\/li><\/ul><\/div><\/div>\n<div  style='height:50px' class='hr hr-invisible   avia-builder-el-8  el_after_av_social_share  el_before_av_comments_list '><span class='hr-inner ' ><span class='hr-inner-style'><\/span><\/span><\/div>\n<div  class='av-buildercomment  av-blog-meta-html-info-disabled av-blog-meta-tag-disabled  '><\/div>\n","protected":false},"excerpt":{"rendered":"","protected":false},"author":1,"featured_media":30466,"comment_status":"open","ping_status":"open","sticky":false,"template":"","format":"standard","meta":{"footnotes":""},"categories":[55],"tags":[],"class_list":["post-36049","post","type-post","status-publish","format-standard","has-post-thumbnail","hentry","category-justicia"],"jetpack_featured_media_url":"https:\/\/radiorevelacionfm.cl\/wp-content\/uploads\/2023\/04\/fiscalia-1_optimized.jpeg","_links":{"self":[{"href":"https:\/\/radiorevelacionfm.cl\/index.php?rest_route=\/wp\/v2\/posts\/36049","targetHints":{"allow":["GET"]}}],"collection":[{"href":"https:\/\/radiorevelacionfm.cl\/index.php?rest_route=\/wp\/v2\/posts"}],"about":[{"href":"https:\/\/radiorevelacionfm.cl\/index.php?rest_route=\/wp\/v2\/types\/post"}],"author":[{"embeddable":true,"href":"https:\/\/radiorevelacionfm.cl\/index.php?rest_route=\/wp\/v2\/users\/1"}],"replies":[{"embeddable":true,"href":"https:\/\/radiorevelacionfm.cl\/index.php?rest_route=%2Fwp%2Fv2%2Fcomments&post=36049"}],"version-history":[{"count":1,"href":"https:\/\/radiorevelacionfm.cl\/index.php?rest_route=\/wp\/v2\/posts\/36049\/revisions"}],"predecessor-version":[{"id":36050,"href":"https:\/\/radiorevelacionfm.cl\/index.php?rest_route=\/wp\/v2\/posts\/36049\/revisions\/36050"}],"wp:featuredmedia":[{"embeddable":true,"href":"https:\/\/radiorevelacionfm.cl\/index.php?rest_route=\/wp\/v2\/media\/30466"}],"wp:attachment":[{"href":"https:\/\/radiorevelacionfm.cl\/index.php?rest_route=%2Fwp%2Fv2%2Fmedia&parent=36049"}],"wp:term":[{"taxonomy":"category","embeddable":true,"href":"https:\/\/radiorevelacionfm.cl\/index.php?rest_route=%2Fwp%2Fv2%2Fcategories&post=36049"},{"taxonomy":"post_tag","embeddable":true,"href":"https:\/\/radiorevelacionfm.cl\/index.php?rest_route=%2Fwp%2Fv2%2Ftags&post=36049"}],"curies":[{"name":"wp","href":"https:\/\/api.w.org\/{rel}","templated":true}]}}