{"id":36046,"date":"2023-10-19T12:19:00","date_gmt":"2023-10-19T15:19:00","guid":{"rendered":"https:\/\/radiorevelacionfm.cl\/?p=36046"},"modified":"2023-10-19T12:19:00","modified_gmt":"2023-10-19T15:19:00","slug":"autoridades-refuerzan-medidas-para-la-seguridad-publica-en-sector-comercio","status":"publish","type":"post","link":"https:\/\/radiorevelacionfm.cl\/?p=36046","title":{"rendered":"Autoridades refuerzan medidas para la seguridad p\u00fablica en sector comercio"},"content":{"rendered":"<div class=\"flex_column av_one_full  flex_column_div av-zero-column-padding first  avia-builder-el-0  el_before_av_one_full  avia-builder-el-first  \" style='border-radius:0px; '><div  class='avia-image-container  av-styling-    avia-builder-el-1  avia-builder-el-no-sibling  avia-align-center '  itemprop=\"image\" itemscope=\"itemscope\" itemtype=\"https:\/\/schema.org\/ImageObject\"  ><div class='avia-image-container-inner'><div class='avia-image-overlay-wrap'><img decoding=\"async\" class='wp-image-36047 avia-img-lazy-loading-not-36047 avia_image' src=\"https:\/\/radiorevelacionfm.cl\/wp-content\/uploads\/2023\/10\/img_4036-1_optimized.jpg\" alt='' title='img_4036-(1)_optimized' height=\"600\" width=\"900\"  itemprop=\"thumbnailUrl\" srcset=\"https:\/\/radiorevelacionfm.cl\/wp-content\/uploads\/2023\/10\/img_4036-1_optimized.jpg 900w, https:\/\/radiorevelacionfm.cl\/wp-content\/uploads\/2023\/10\/img_4036-1_optimized-300x200.jpg 300w, https:\/\/radiorevelacionfm.cl\/wp-content\/uploads\/2023\/10\/img_4036-1_optimized-768x512.jpg 768w, https:\/\/radiorevelacionfm.cl\/wp-content\/uploads\/2023\/10\/img_4036-1_optimized-705x470.jpg 705w, https:\/\/radiorevelacionfm.cl\/wp-content\/uploads\/2023\/10\/img_4036-1_optimized-450x300.jpg 450w, https:\/\/radiorevelacionfm.cl\/wp-content\/uploads\/2023\/10\/img_4036-1_optimized-600x400.jpg 600w\" sizes=\"(max-width: 900px) 100vw, 900px\" \/><\/div><\/div><\/div><\/div><div class=\"flex_column av_one_full  flex_column_div av-zero-column-padding first  avia-builder-el-2  el_after_av_one_full  el_before_av_one_full  column-top-margin\" style='border-radius:0px; '><section class=\"av_textblock_section \"  itemscope=\"itemscope\" itemtype=\"https:\/\/schema.org\/BlogPosting\" itemprop=\"blogPost\" ><div class='avia_textblock  '   itemprop=\"text\" ><p style=\"font-weight: 400; text-align: center;\"><span style=\"font-size: 18pt;\"><strong>Autoridades refuerzan medidas para la seguridad p\u00fablica en sector comercio<\/strong><\/span><\/p>\n<p style=\"font-weight: 400;\"><strong>\u00a0<\/strong><\/p>\n<div id=\"gtx-trans\" style=\"position: absolute; left: -50px; top: 4.31534px;\">\n<div class=\"gtx-trans-icon\"><\/div>\n<\/div>\n<\/div><\/section><\/div><div class=\"flex_column av_one_full  flex_column_div av-zero-column-padding first  avia-builder-el-4  el_after_av_one_full  el_before_av_hr  column-top-margin\" style='border-radius:0px; '><section class=\"av_textblock_section \"  itemscope=\"itemscope\" itemtype=\"https:\/\/schema.org\/BlogPosting\" itemprop=\"blogPost\" ><div class='avia_textblock  '   itemprop=\"text\" ><p style=\"font-weight: 400; text-align: justify;\">El fortalecimiento de las medidas preventivas para una mayor seguridad p\u00fablica en el sector comercio, abordaron este mi\u00e9rcoles autoridades de Gobierno, del Ministerio P\u00fablico, polic\u00eda civil y uniformada y de la C\u00e1mara de Comercio de Coyhaique, ante los actos delictuales registrados en distintos locales comerciales de la ciudad.<\/p>\n<p style=\"font-weight: 400; text-align: justify;\">En la reuni\u00f3n participaron el Delegado Presidencial Regional, Rodrigo Araya, el Fiscal Regional Carlos Palma, el presidente de la C\u00e1mara de Comercio de Coyhaique, Rodrigo Canales, el Jefe de la XI Zona de Carabineros, general Patricio Santos, Prefecto de la Polic\u00eda de Investigaciones, Luis Torralba, y coordinadora regional de Seguridad P\u00fablica, Camila Covarrubias.<\/p>\n<p style=\"font-weight: 400; text-align: justify;\">Al t\u00e9rmino de la reuni\u00f3n, el Delegado Rodrigo Araya indic\u00f3 que la seguridad de las personas es una prioridad de la gesti\u00f3n de Gobierno, disponiendo los recursos necesarios para brindar seguridad p\u00fablica a la comunidad.<\/p>\n<p style=\"font-weight: 400; text-align: justify;\">\u201cHemos constatado que se iniciaron todos los procesos investigativos y vamos a tener noticias en los pr\u00f3ximos d\u00edas, de manera que se constata que todo el trabajo de investigaci\u00f3n y persecuci\u00f3n de delitos, sigue siendo muy eficiente en nuestra regi\u00f3n, por lo cual nos destacamos a nivel nacional. Tambi\u00e9n establecimos una seria de compromisos para continuar con las distintas mesas que est\u00e1n trabajando, pero ahondar en la prevenci\u00f3n de delitos, incorporando a los actores relevantes de nuestra regi\u00f3n\u201d, destac\u00f3.<\/p>\n<p style=\"font-weight: 400; text-align: justify;\">El fiscal Carlos Palma destac\u00f3 la efectividad del trabajo conjunto. \u201cUn nuevo ejemplo del trabajo mancomunado que hacemos en la Regi\u00f3n de Ays\u00e9n, con el Delegado Presidencial, con la oficina de Prevenci\u00f3n del Delito, con ambas polic\u00edas y hoy, adem\u00e1s, con la C\u00e1mara de Comercio, abordando las nuevas formas de enfrentar la delincuencia ac\u00e1, las nuevas estrategias y asumiendo ciertas cosas que nos van a ocurrir como regi\u00f3n, siempre vamos a tener delitos, lo importante y la diferencia est\u00e1 en c\u00f3mo reaccionamos ante ello. La Regi\u00f3n de Ays\u00e9n se ha caracterizado por actuar de manera r\u00e1pida, oportuna y con mano dura y hoy nuevamente actuamos de forma similar\u201d, recalc\u00f3.<\/p>\n<p style=\"font-weight: 400; text-align: justify;\">Rodrigo Canales valor\u00f3 la r\u00e1pida coordinaci\u00f3n. \u201cEstos hechos son aislados y no queremos que aumenten. Es muy importante la presencia de las c\u00e1maras bien ubicadas, ya que facilitan la gesti\u00f3n de las polic\u00edas y la investigaci\u00f3n y, al mismo tiempo, las denuncias oportunas. Esto genera que las reacciones sean m\u00e1s r\u00e1pidas y que los recursos se muevan m\u00e1s r\u00e1pido, para que los delitos no aumenten en nuestra ciudad ni en nuestra regi\u00f3n\u201d.<\/p>\n<p style=\"font-weight: 400; text-align: justify;\">El general Patricio Santos a\u00f1adi\u00f3 que \u201cla alta eficiencia y eficacia que tenemos con la Polic\u00eda de Investigaciones y con los procesos persecutorios de Fiscal\u00eda, van a hacer que detengamos a las personas. Dentro de los pr\u00f3ximos d\u00edas seguramente vamos a tener resultados positivos y las personas van a ser puestas a disposici\u00f3n de la justicia y debemos seguir previniendo. Carabineros previene a trav\u00e9s de los controles, desarrollamos cerca de 150 mil controles hasta esta fecha, con la idea de disuadir la acci\u00f3n delictual\u201d.<\/p>\n<p style=\"font-weight: 400; text-align: justify;\">En tanto, el prefecto Luis Torralba agreg\u00f3 que \u201ctenemos elementos que nos permiten aportar aquello para que el Ministerio P\u00fablico tenga una persecuci\u00f3n penal efectiva y una coordinaci\u00f3n con la C\u00e1mara de Comercio. Se\u00f1alar a todos los ciudadanos que conf\u00eden en las instituciones, que estamos trabajando mancomunadamente y eso entrega resultados positivos\u201d.<\/p>\n<p style=\"font-weight: 400; text-align: justify;\">Camila Covarrubias concluy\u00f3 que el Plan Regional de Seguridad P\u00fablica implica un trabajo mancomunado. Adem\u00e1s existe un Centro de Atenci\u00f3n a V\u00edctimas de Delitos Violento que contact\u00f3 a los locatarios afectados, insistiendo en la importancia de la denuncia a trav\u00e9s de Carabineros, Polic\u00eda de Investigaciones o del fono gratuito y an\u00f3nimo *4242.<\/p>\n<\/div><\/section><\/div><div  style='height:50px' class='hr hr-invisible   avia-builder-el-6  el_after_av_one_full  el_before_av_social_share '><span class='hr-inner ' ><span class='hr-inner-style'><\/span><\/span><\/div><\/p>\n<div  class='av-social-sharing-box  avia-builder-el-7  el_after_av_hr  el_before_av_hr  '><div class='av-share-box'><h5 class='av-share-link-description av-no-toc '>Compartir esta noticia<\/h5><ul class='av-share-box-list noLightbox'><li class='av-share-link av-social-link-facebook' ><a target=\"_blank\" aria-label=\"Compartir en Facebook\" href='https:\/\/www.facebook.com\/sharer.php?u=https:\/\/radiorevelacionfm.cl\/?p=36046&#038;t=Autoridades%20refuerzan%20medidas%20para%20la%20seguridad%20p%C3%BAblica%20en%20sector%20comercio' aria-hidden='false' data-av_icon='\ue8f3' data-av_iconfont='entypo-fontello' title='' data-avia-related-tooltip='Compartir en Facebook' rel=\"noopener\"><span class='avia_hidden_link_text'>Compartir en Facebook<\/span><\/a><\/li><li class='av-share-link av-social-link-twitter' ><a target=\"_blank\" aria-label=\"Compartir en Twitter\" href='https:\/\/twitter.com\/share?text=Autoridades%20refuerzan%20medidas%20para%20la%20seguridad%20p%C3%BAblica%20en%20sector%20comercio&#038;url=https:\/\/radiorevelacionfm.cl\/?p=36046' aria-hidden='false' data-av_icon='\ue8f1' data-av_iconfont='entypo-fontello' title='' data-avia-related-tooltip='Compartir en Twitter' rel=\"noopener\"><span class='avia_hidden_link_text'>Compartir en Twitter<\/span><\/a><\/li><li class='av-share-link av-social-link-whatsapp' ><a target=\"_blank\" aria-label=\"Compartir en Whatsapp\" href='https:\/\/api.whatsapp.com\/send?text=https:\/\/radiorevelacionfm.cl\/?p=36046' aria-hidden='false' data-av_icon='\uf232' data-av_iconfont='entypo-fontello' title='' data-avia-related-tooltip='Compartir en Whatsapp' rel=\"noopener\"><span class='avia_hidden_link_text'>Compartir en Whatsapp<\/span><\/a><\/li><li class='av-share-link av-social-link-linkedin' ><a target=\"_blank\" aria-label=\"Compartir en LinkedIn\" href='https:\/\/linkedin.com\/shareArticle?mini=true&#038;title=Autoridades%20refuerzan%20medidas%20para%20la%20seguridad%20p%C3%BAblica%20en%20sector%20comercio&#038;url=https:\/\/radiorevelacionfm.cl\/?p=36046' aria-hidden='false' data-av_icon='\ue8fc' data-av_iconfont='entypo-fontello' title='' data-avia-related-tooltip='Compartir en LinkedIn' rel=\"noopener\"><span class='avia_hidden_link_text'>Compartir en LinkedIn<\/span><\/a><\/li><li class='av-share-link av-social-link-mail' ><a  aria-label=\"Compartir por correo\" href='mailto:?subject=Autoridades%20refuerzan%20medidas%20para%20la%20seguridad%20p%C3%BAblica%20en%20sector%20comercio&#038;body=https:\/\/radiorevelacionfm.cl\/?p=36046' aria-hidden='false' data-av_icon='\ue805' data-av_iconfont='entypo-fontello' title='' data-avia-related-tooltip='Compartir por correo'><span class='avia_hidden_link_text'>Compartir por correo<\/span><\/a><\/li><\/ul><\/div><\/div>\n<div  style='height:50px' class='hr hr-invisible   avia-builder-el-8  el_after_av_social_share  el_before_av_comments_list '><span class='hr-inner ' ><span class='hr-inner-style'><\/span><\/span><\/div>\n<div  class='av-buildercomment  av-blog-meta-html-info-disabled av-blog-meta-tag-disabled  '><\/div>\n","protected":false},"excerpt":{"rendered":"","protected":false},"author":1,"featured_media":36047,"comment_status":"open","ping_status":"open","sticky":false,"template":"","format":"standard","meta":{"footnotes":""},"categories":[38],"tags":[],"class_list":["post-36046","post","type-post","status-publish","format-standard","has-post-thumbnail","hentry","category-regional"],"jetpack_featured_media_url":"https:\/\/radiorevelacionfm.cl\/wp-content\/uploads\/2023\/10\/img_4036-1_optimized.jpg","_links":{"self":[{"href":"https:\/\/radiorevelacionfm.cl\/index.php?rest_route=\/wp\/v2\/posts\/36046","targetHints":{"allow":["GET"]}}],"collection":[{"href":"https:\/\/radiorevelacionfm.cl\/index.php?rest_route=\/wp\/v2\/posts"}],"about":[{"href":"https:\/\/radiorevelacionfm.cl\/index.php?rest_route=\/wp\/v2\/types\/post"}],"author":[{"embeddable":true,"href":"https:\/\/radiorevelacionfm.cl\/index.php?rest_route=\/wp\/v2\/users\/1"}],"replies":[{"embeddable":true,"href":"https:\/\/radiorevelacionfm.cl\/index.php?rest_route=%2Fwp%2Fv2%2Fcomments&post=36046"}],"version-history":[{"count":1,"href":"https:\/\/radiorevelacionfm.cl\/index.php?rest_route=\/wp\/v2\/posts\/36046\/revisions"}],"predecessor-version":[{"id":36048,"href":"https:\/\/radiorevelacionfm.cl\/index.php?rest_route=\/wp\/v2\/posts\/36046\/revisions\/36048"}],"wp:featuredmedia":[{"embeddable":true,"href":"https:\/\/radiorevelacionfm.cl\/index.php?rest_route=\/wp\/v2\/media\/36047"}],"wp:attachment":[{"href":"https:\/\/radiorevelacionfm.cl\/index.php?rest_route=%2Fwp%2Fv2%2Fmedia&parent=36046"}],"wp:term":[{"taxonomy":"category","embeddable":true,"href":"https:\/\/radiorevelacionfm.cl\/index.php?rest_route=%2Fwp%2Fv2%2Fcategories&post=36046"},{"taxonomy":"post_tag","embeddable":true,"href":"https:\/\/radiorevelacionfm.cl\/index.php?rest_route=%2Fwp%2Fv2%2Ftags&post=36046"}],"curies":[{"name":"wp","href":"https:\/\/api.w.org\/{rel}","templated":true}]}}