{"id":36043,"date":"2023-10-19T11:18:55","date_gmt":"2023-10-19T14:18:55","guid":{"rendered":"https:\/\/radiorevelacionfm.cl\/?p=36043"},"modified":"2023-10-19T11:18:55","modified_gmt":"2023-10-19T14:18:55","slug":"afinan-detalles-y-llaman-a-ser-parte-de-la-corrida-familiar-aniversario-de-coyhaique","status":"publish","type":"post","link":"https:\/\/radiorevelacionfm.cl\/?p=36043","title":{"rendered":"Afinan detalles y llaman a ser parte de la corrida familiar Aniversario de Coyhaique"},"content":{"rendered":"<div class=\"flex_column av_one_full  flex_column_div av-zero-column-padding first  avia-builder-el-0  el_before_av_one_full  avia-builder-el-first  \" style='border-radius:0px; '><div  class='avia-image-container  av-styling-    avia-builder-el-1  avia-builder-el-no-sibling  avia-align-center '  itemprop=\"image\" itemscope=\"itemscope\" itemtype=\"https:\/\/schema.org\/ImageObject\"  ><div class='avia-image-container-inner'><div class='avia-image-overlay-wrap'><img decoding=\"async\" class='wp-image-36044 avia-img-lazy-loading-not-36044 avia_image' src=\"https:\/\/radiorevelacionfm.cl\/wp-content\/uploads\/2023\/10\/img-2013-1_optimized.jpg\" alt='' title='img-2013-(1)_optimized' height=\"600\" width=\"800\"  itemprop=\"thumbnailUrl\" srcset=\"https:\/\/radiorevelacionfm.cl\/wp-content\/uploads\/2023\/10\/img-2013-1_optimized.jpg 800w, https:\/\/radiorevelacionfm.cl\/wp-content\/uploads\/2023\/10\/img-2013-1_optimized-300x225.jpg 300w, https:\/\/radiorevelacionfm.cl\/wp-content\/uploads\/2023\/10\/img-2013-1_optimized-768x576.jpg 768w, https:\/\/radiorevelacionfm.cl\/wp-content\/uploads\/2023\/10\/img-2013-1_optimized-705x529.jpg 705w, https:\/\/radiorevelacionfm.cl\/wp-content\/uploads\/2023\/10\/img-2013-1_optimized-450x338.jpg 450w, https:\/\/radiorevelacionfm.cl\/wp-content\/uploads\/2023\/10\/img-2013-1_optimized-600x450.jpg 600w\" sizes=\"(max-width: 800px) 100vw, 800px\" \/><\/div><\/div><\/div><\/div><div class=\"flex_column av_one_full  flex_column_div av-zero-column-padding first  avia-builder-el-2  el_after_av_one_full  el_before_av_one_full  column-top-margin\" style='border-radius:0px; '><section class=\"av_textblock_section \"  itemscope=\"itemscope\" itemtype=\"https:\/\/schema.org\/BlogPosting\" itemprop=\"blogPost\" ><div class='avia_textblock  '   itemprop=\"text\" ><p style=\"text-align: center;\"><strong><span style=\"font-size: 18pt;\">Afinan detalles y llaman a ser parte de la corrida familiar Aniversario de Coyhaique<\/span><\/strong><\/p>\n<div id=\"gtx-trans\" style=\"position: absolute; left: -50px; top: 4.31534px;\">\n<div class=\"gtx-trans-icon\"><\/div>\n<\/div>\n<\/div><\/section><\/div><div class=\"flex_column av_one_full  flex_column_div av-zero-column-padding first  avia-builder-el-4  el_after_av_one_full  el_before_av_hr  column-top-margin\" style='border-radius:0px; '><section class=\"av_textblock_section \"  itemscope=\"itemscope\" itemtype=\"https:\/\/schema.org\/BlogPosting\" itemprop=\"blogPost\" ><div class='avia_textblock  '   itemprop=\"text\" ><p style=\"text-align: justify;\">La Corporaci\u00f3n de Deportes de la Ilustre Municipalidad de Coyhaique realizar\u00e1 este domingo una nueva versi\u00f3n de la Corrida Familiar, en el contexto del aniversario de la capital regional, actividad que cada a\u00f1o re\u00fane a ni\u00f1as, ni\u00f1os, adolescentes y familias completas en torno al deporte.<\/p>\n<p style=\"text-align: justify;\">Este evento se suma a otras tantas actividades que se han venido realizando durante el mes, las que dicen relaci\u00f3n con Rafting en el R\u00edo Coyhaique, salidas de senderismo, entre otras, las que han tenido \u00e9xito en sus convocatorias.<\/p>\n<p style=\"text-align: justify;\">En este sentido, el Alcalde de Coyhaique, Carlos Gatica, mencion\u00f3 que \u00abNuestras actividades aniversario han sido todo un \u00e9xito y muestra de aquello es las miles de personas que hemos podido reunir en cada una de ellas, es por eso que continuaremos con las actividades recreativas para todas las familias, as\u00ed que la invitaci\u00f3n est\u00e1 hecha para todas y todos quienes deseen ser parte de nuestra tradicional Corrida Familiar\u00bb.<\/p>\n<p style=\"text-align: justify;\">Las inscripciones, este a\u00f1o, se realizar\u00e1n previo a la corrida, por lo que desde la casa edilicia hicieron un llamado a la comunidad a poder llegar con antelaci\u00f3n el pr\u00f3ximo <strong>domingo 22 de octubre<\/strong> a la Plaza del Pionero, donde estar\u00e1n los funcionarios municipales desde las <strong>09:30 AM<\/strong>.<\/p>\n<p style=\"text-align: justify;\">Claudio Mu\u00f1oz Lorca, Director de la Corporaci\u00f3n Municipal de Deportes, dijo que \u201cesta es una actividad que se va consolidando cada a\u00f1o en nuestra comuna, en la que a trav\u00e9s de una corrida, las familias Coyhaquina se unen para celebrar a nuestro Coyhaique, en este caso, al cumplirse 94 a\u00f1os desde su fundaci\u00f3n\u201d.<\/p>\n<p style=\"text-align: justify;\">Cabe destacar que se trata de un evento inclusivo, por lo que tambi\u00e9n pueden participar personas en situaci\u00f3n de discapacidad.<\/p>\n<p style=\"text-align: justify;\">DETALLE POR CATEGOR\u00cdA<\/p>\n<p style=\"text-align: justify;\">Las categor\u00edas en competencia en esta versi\u00f3n ser\u00e1n las siguientes:<\/p>\n<ol>\n<li style=\"text-align: justify;\">CATEGOR\u00cdA SUPER MINI: Ni\u00f1os y Ni\u00f1as hasta 5 a\u00f1os (nacidos entre el 2018 y 2023).<\/li>\n<li style=\"text-align: justify;\">CATEGOR\u00cdA MINI: Ni\u00f1os y Ni\u00f1as desde 6 hasta 8 a\u00f1os de edad (nacidos entre los a\u00f1os 2015 y 2017).<\/li>\n<li style=\"text-align: justify;\">CATEGOR\u00cdA ADAPTADA: Damas y varones en situaci\u00f3n de discapacidad. Abierto a la comunidad.<\/li>\n<li style=\"text-align: justify;\">CATEGOR\u00cdA PREPARATORIA: Ni\u00f1os y Ni\u00f1as desde 9 hasta 11 a\u00f1os de edad (nacidos entre los a\u00f1os 2012 y 2014).<\/li>\n<li style=\"text-align: justify;\">CATEGOR\u00cdA INFANTIL: Damas y varones desde 12 hasta 14 a\u00f1os de edad (nacidos entre los a\u00f1os 2009 y 2011).<\/li>\n<li style=\"text-align: justify;\">CATEGOR\u00cdA JUVENIL: Damas y varones de 15 hasta 17 a\u00f1os (nacidos entre los a\u00f1os 2006 y 2008).<\/li>\n<li style=\"text-align: justify;\">CATEGOR\u00cdA TODO COMPETIDOR: Damas y varones de entre 18 hasta 39 a\u00f1os inclusive (nacidos entre los a\u00f1os 1984 y 2005).<\/li>\n<li style=\"text-align: justify;\">CATEGOR\u00cdA SENIOR: Damas y varones de entre 40 hasta 49 a\u00f1os (nacidos entre los a\u00f1os 1974 y 1983).<\/li>\n<li style=\"text-align: justify;\">CATEGOR\u00cdA M\u00c1STER: Damas y varones de entre 50 y 59 a\u00f1os (nacidos entre los a\u00f1os 1964 y 1973).<\/li>\n<li style=\"text-align: justify;\">CATEGOR\u00cdA SUPER MASTER: Damas y varones mayores a 60 a\u00f1os (nacidos hasta el a\u00f1o 1963).<\/li>\n<\/ol>\n<\/div><\/section><\/div><div  style='height:50px' class='hr hr-invisible   avia-builder-el-6  el_after_av_one_full  el_before_av_social_share '><span class='hr-inner ' ><span class='hr-inner-style'><\/span><\/span><\/div><\/p>\n<div  class='av-social-sharing-box  avia-builder-el-7  el_after_av_hr  el_before_av_hr  '><div class='av-share-box'><h5 class='av-share-link-description av-no-toc '>Compartir esta noticia<\/h5><ul class='av-share-box-list noLightbox'><li class='av-share-link av-social-link-facebook' ><a target=\"_blank\" aria-label=\"Compartir en Facebook\" href='https:\/\/www.facebook.com\/sharer.php?u=https:\/\/radiorevelacionfm.cl\/?p=36043&#038;t=Afinan%20detalles%20y%20llaman%20a%20ser%20parte%20de%20la%20corrida%20familiar%20Aniversario%20de%20Coyhaique' aria-hidden='false' data-av_icon='\ue8f3' data-av_iconfont='entypo-fontello' title='' data-avia-related-tooltip='Compartir en Facebook' rel=\"noopener\"><span class='avia_hidden_link_text'>Compartir en Facebook<\/span><\/a><\/li><li class='av-share-link av-social-link-twitter' ><a target=\"_blank\" aria-label=\"Compartir en Twitter\" href='https:\/\/twitter.com\/share?text=Afinan%20detalles%20y%20llaman%20a%20ser%20parte%20de%20la%20corrida%20familiar%20Aniversario%20de%20Coyhaique&#038;url=https:\/\/radiorevelacionfm.cl\/?p=36043' aria-hidden='false' data-av_icon='\ue8f1' data-av_iconfont='entypo-fontello' title='' data-avia-related-tooltip='Compartir en Twitter' rel=\"noopener\"><span class='avia_hidden_link_text'>Compartir en Twitter<\/span><\/a><\/li><li class='av-share-link av-social-link-whatsapp' ><a target=\"_blank\" aria-label=\"Compartir en Whatsapp\" href='https:\/\/api.whatsapp.com\/send?text=https:\/\/radiorevelacionfm.cl\/?p=36043' aria-hidden='false' data-av_icon='\uf232' data-av_iconfont='entypo-fontello' title='' data-avia-related-tooltip='Compartir en Whatsapp' rel=\"noopener\"><span class='avia_hidden_link_text'>Compartir en Whatsapp<\/span><\/a><\/li><li class='av-share-link av-social-link-linkedin' ><a target=\"_blank\" aria-label=\"Compartir en LinkedIn\" href='https:\/\/linkedin.com\/shareArticle?mini=true&#038;title=Afinan%20detalles%20y%20llaman%20a%20ser%20parte%20de%20la%20corrida%20familiar%20Aniversario%20de%20Coyhaique&#038;url=https:\/\/radiorevelacionfm.cl\/?p=36043' aria-hidden='false' data-av_icon='\ue8fc' data-av_iconfont='entypo-fontello' title='' data-avia-related-tooltip='Compartir en LinkedIn' rel=\"noopener\"><span class='avia_hidden_link_text'>Compartir en LinkedIn<\/span><\/a><\/li><li class='av-share-link av-social-link-mail' ><a  aria-label=\"Compartir por correo\" href='mailto:?subject=Afinan%20detalles%20y%20llaman%20a%20ser%20parte%20de%20la%20corrida%20familiar%20Aniversario%20de%20Coyhaique&#038;body=https:\/\/radiorevelacionfm.cl\/?p=36043' aria-hidden='false' data-av_icon='\ue805' data-av_iconfont='entypo-fontello' title='' data-avia-related-tooltip='Compartir por correo'><span class='avia_hidden_link_text'>Compartir por correo<\/span><\/a><\/li><\/ul><\/div><\/div>\n<div  style='height:50px' class='hr hr-invisible   avia-builder-el-8  el_after_av_social_share  el_before_av_comments_list '><span class='hr-inner ' ><span class='hr-inner-style'><\/span><\/span><\/div>\n<div  class='av-buildercomment  av-blog-meta-html-info-disabled av-blog-meta-tag-disabled  '><\/div>\n","protected":false},"excerpt":{"rendered":"","protected":false},"author":1,"featured_media":36044,"comment_status":"open","ping_status":"open","sticky":false,"template":"","format":"standard","meta":{"footnotes":""},"categories":[38],"tags":[],"class_list":["post-36043","post","type-post","status-publish","format-standard","has-post-thumbnail","hentry","category-regional"],"jetpack_featured_media_url":"https:\/\/radiorevelacionfm.cl\/wp-content\/uploads\/2023\/10\/img-2013-1_optimized.jpg","_links":{"self":[{"href":"https:\/\/radiorevelacionfm.cl\/index.php?rest_route=\/wp\/v2\/posts\/36043","targetHints":{"allow":["GET"]}}],"collection":[{"href":"https:\/\/radiorevelacionfm.cl\/index.php?rest_route=\/wp\/v2\/posts"}],"about":[{"href":"https:\/\/radiorevelacionfm.cl\/index.php?rest_route=\/wp\/v2\/types\/post"}],"author":[{"embeddable":true,"href":"https:\/\/radiorevelacionfm.cl\/index.php?rest_route=\/wp\/v2\/users\/1"}],"replies":[{"embeddable":true,"href":"https:\/\/radiorevelacionfm.cl\/index.php?rest_route=%2Fwp%2Fv2%2Fcomments&post=36043"}],"version-history":[{"count":1,"href":"https:\/\/radiorevelacionfm.cl\/index.php?rest_route=\/wp\/v2\/posts\/36043\/revisions"}],"predecessor-version":[{"id":36045,"href":"https:\/\/radiorevelacionfm.cl\/index.php?rest_route=\/wp\/v2\/posts\/36043\/revisions\/36045"}],"wp:featuredmedia":[{"embeddable":true,"href":"https:\/\/radiorevelacionfm.cl\/index.php?rest_route=\/wp\/v2\/media\/36044"}],"wp:attachment":[{"href":"https:\/\/radiorevelacionfm.cl\/index.php?rest_route=%2Fwp%2Fv2%2Fmedia&parent=36043"}],"wp:term":[{"taxonomy":"category","embeddable":true,"href":"https:\/\/radiorevelacionfm.cl\/index.php?rest_route=%2Fwp%2Fv2%2Fcategories&post=36043"},{"taxonomy":"post_tag","embeddable":true,"href":"https:\/\/radiorevelacionfm.cl\/index.php?rest_route=%2Fwp%2Fv2%2Ftags&post=36043"}],"curies":[{"name":"wp","href":"https:\/\/api.w.org\/{rel}","templated":true}]}}