{"id":36040,"date":"2023-10-19T10:36:26","date_gmt":"2023-10-19T13:36:26","guid":{"rendered":"https:\/\/radiorevelacionfm.cl\/?p=36040"},"modified":"2023-10-19T10:36:26","modified_gmt":"2023-10-19T13:36:26","slug":"culturas-aysen-lleva-microrresidencias-artisticas-a-las-10-comunas-de-la-region","status":"publish","type":"post","link":"https:\/\/radiorevelacionfm.cl\/?p=36040","title":{"rendered":"Culturas Ays\u00e9n lleva microrresidencias art\u00edsticas a las 10 comunas de la regi\u00f3n"},"content":{"rendered":"<div class=\"flex_column av_one_full  flex_column_div av-zero-column-padding first  avia-builder-el-0  el_before_av_one_full  avia-builder-el-first  \" style='border-radius:0px; '><div  class='avia-image-container  av-styling-    avia-builder-el-1  avia-builder-el-no-sibling  avia-align-center '  itemprop=\"image\" itemscope=\"itemscope\" itemtype=\"https:\/\/schema.org\/ImageObject\"  ><div class='avia-image-container-inner'><div class='avia-image-overlay-wrap'><img decoding=\"async\" class='wp-image-36041 avia-img-lazy-loading-not-36041 avia_image' src=\"https:\/\/radiorevelacionfm.cl\/wp-content\/uploads\/2023\/10\/microrresidencia-balmaceda4-1_optimized-1.jpg\" alt='' title='microrresidencia-balmaceda4-(1)_optimized (1)' height=\"600\" width=\"899\"  itemprop=\"thumbnailUrl\" srcset=\"https:\/\/radiorevelacionfm.cl\/wp-content\/uploads\/2023\/10\/microrresidencia-balmaceda4-1_optimized-1.jpg 899w, https:\/\/radiorevelacionfm.cl\/wp-content\/uploads\/2023\/10\/microrresidencia-balmaceda4-1_optimized-1-300x200.jpg 300w, https:\/\/radiorevelacionfm.cl\/wp-content\/uploads\/2023\/10\/microrresidencia-balmaceda4-1_optimized-1-768x513.jpg 768w, https:\/\/radiorevelacionfm.cl\/wp-content\/uploads\/2023\/10\/microrresidencia-balmaceda4-1_optimized-1-705x471.jpg 705w, https:\/\/radiorevelacionfm.cl\/wp-content\/uploads\/2023\/10\/microrresidencia-balmaceda4-1_optimized-1-450x300.jpg 450w, https:\/\/radiorevelacionfm.cl\/wp-content\/uploads\/2023\/10\/microrresidencia-balmaceda4-1_optimized-1-600x400.jpg 600w\" sizes=\"(max-width: 899px) 100vw, 899px\" \/><\/div><\/div><\/div><\/div><div class=\"flex_column av_one_full  flex_column_div av-zero-column-padding first  avia-builder-el-2  el_after_av_one_full  el_before_av_one_full  column-top-margin\" style='border-radius:0px; '><section class=\"av_textblock_section \"  itemscope=\"itemscope\" itemtype=\"https:\/\/schema.org\/BlogPosting\" itemprop=\"blogPost\" ><div class='avia_textblock  '   itemprop=\"text\" ><p style=\"text-align: center;\"><span style=\"font-size: 18pt;\"><b>Culturas Ays\u00e9n lleva microrresidencias art\u00edsticas a las 10 comunas de la regi\u00f3n<\/b><\/span><\/p>\n<div id=\"gtx-trans\" style=\"position: absolute; left: -50px; top: 4.31534px;\">\n<div class=\"gtx-trans-icon\"><\/div>\n<\/div>\n<\/div><\/section><\/div><div class=\"flex_column av_one_full  flex_column_div av-zero-column-padding first  avia-builder-el-4  el_after_av_one_full  el_before_av_hr  column-top-margin\" style='border-radius:0px; '><section class=\"av_textblock_section \"  itemscope=\"itemscope\" itemtype=\"https:\/\/schema.org\/BlogPosting\" itemprop=\"blogPost\" ><div class='avia_textblock  '   itemprop=\"text\" ><p style=\"text-align: justify;\">Hasta la localidad de Balmaceda se traslad\u00f3 el seremi de Culturas Ays\u00e9n, Felipe Quiroz, para ser testigo del cierre de la microrresidencia art\u00edstica de teatro que se desarroll\u00f3 durante toda una semana con la comunidad escolar de la Escuela B\u00e1sica Jose Antol\u00edn Silva Orme\u00f1o.<\/p>\n<p style=\"text-align: justify;\">El proyecto de microrresidencias art\u00edsticas, financiado por la Seremi de Culturas Ays\u00e9n a trav\u00e9s de los programas Nacional de Desarrollo Art\u00edstico en la Educaci\u00f3n, PNDAE y de Fortalecimiento de la Identidad Cultural Regional, FICR, tiene un alcance territorial que abarca las 10 comunas de la Regi\u00f3n de Ays\u00e9n.<\/p>\n<p style=\"text-align: justify;\">En el caso de Balmaceda, la actriz B\u00e1rbara Medina propuso un trabajo con la comunidad escolar que finaliz\u00f3 con un Recorrido Patrimonial del Viento por diferentes estaciones del pueblo fronterizo, entre ellas, la biblioteca, el museo y la plaza. Los y las estudiantes presentaron n\u00fameros art\u00edsticos que recogen las tradiciones ayseninas\u00a0 y narraciones orales se esa parte de la regi\u00f3n.<\/p>\n<p style=\"text-align: justify;\">Para el seremi de Culturas Ays\u00e9n, Felipe Quiroz, \u201ces muy potente llegar a todas las comunas de la Regi\u00f3n de Ays\u00e9n con nuestras microrresidencias art\u00edsticas. Estos proyectos son capaces de recomponer los tejidos sociales e ir resguardando la identidad territorial a trav\u00e9s de estos ejercicios comunitarios. Vemos el compromiso de las comunidades y de las y los creadores que se han involucrado con los territorios. Vamos en la l\u00ednea de trabajo que nos ha mandatado el Gobierno del presidente Boric que dice relaci\u00f3n con buscar descentralizar contenidos y esfuerzos. \u201d.<\/p>\n<p style=\"text-align: justify;\">El proyecto comenz\u00f3 en Ra\u00fal Mar\u00edn Balmaceda con la Microrresidencia Art\u00edstica de Fotograf\u00eda a cargo de Amelia Jara; sigui\u00f3 en Balmaceda, donde la actriz B\u00e1rbara. Medina llev\u00f3 a cabo su Microrresidencia y Laboratorio Art\u00edstico de Teatro. Hicieron lo propio el artista Dami\u00e1n Antiguez en Villa O\u2019Higgins y el fot\u00f3grafo Gabriel Asenie en Caleta Tortel.<\/p>\n<p style=\"text-align: justify;\">Dami\u00e1n Antiguez cont\u00f3 que \u201cpudimos hacer la muestra del t\u00edtere gigante y dar la vuelta por la Plaza de O\u2019Higgins. Pudimos construir m\u00e1scaras con parte de la comunidad,\u00a0 ni\u00f1os y ni\u00f1as\u201d.<\/p>\n<p style=\"text-align: justify;\">Hoy jueves comienza la microrresidencia en Puerto Guadal a cargo de la cantautora Naara Andariega y en noviembre la pintora urbana Denisse Olgu\u00edn trabajar\u00e1 un Laboratorio Art\u00edstico de Artes de la Visualidad en Cochrane. La bailarina y core\u00f3grafa Isamar Mansilla estar\u00e1 a partir del 6 de noviembre con la comunidad de Lago Verde dictando su Microrresidencia y Laboratorio Art\u00edstico de Danza.<\/p>\n<p style=\"text-align: justify;\">La actriz B\u00e1rbara Medina cerr\u00f3 con \u00e9xito su microrresidencia en Balmaceda: \u201clogramos hacer esta mezcla de encuentro entre la escuela y la biblioteca. Con la se\u00f1ora Ana D\u00edaz que es una gestora cultural de ac\u00e1. Trabajamos textos, recorridos patrimoniales, la historia de Balmaceda y muchas cosas que fuimos aprendiendo en com\u00fan. Creo que es un gran aporte\u201d.<\/p>\n<div id=\"m_-6704034017511785882Signature\" style=\"text-align: justify;\"><\/div>\n<\/div><\/section><\/div><div  style='height:50px' class='hr hr-invisible   avia-builder-el-6  el_after_av_one_full  el_before_av_social_share '><span class='hr-inner ' ><span class='hr-inner-style'><\/span><\/span><\/div><\/p>\n<div  class='av-social-sharing-box  avia-builder-el-7  el_after_av_hr  el_before_av_hr  '><div class='av-share-box'><h5 class='av-share-link-description av-no-toc '>Compartir esta noticia<\/h5><ul class='av-share-box-list noLightbox'><li class='av-share-link av-social-link-facebook' ><a target=\"_blank\" aria-label=\"Compartir en Facebook\" href='https:\/\/www.facebook.com\/sharer.php?u=https:\/\/radiorevelacionfm.cl\/?p=36040&#038;t=Culturas%20Ays%C3%A9n%20lleva%20microrresidencias%20art%C3%ADsticas%20a%20las%2010%20comunas%20de%20la%20regi%C3%B3n' aria-hidden='false' data-av_icon='\ue8f3' data-av_iconfont='entypo-fontello' title='' data-avia-related-tooltip='Compartir en Facebook' rel=\"noopener\"><span class='avia_hidden_link_text'>Compartir en Facebook<\/span><\/a><\/li><li class='av-share-link av-social-link-twitter' ><a target=\"_blank\" aria-label=\"Compartir en Twitter\" href='https:\/\/twitter.com\/share?text=Culturas%20Ays%C3%A9n%20lleva%20microrresidencias%20art%C3%ADsticas%20a%20las%2010%20comunas%20de%20la%20regi%C3%B3n&#038;url=https:\/\/radiorevelacionfm.cl\/?p=36040' aria-hidden='false' data-av_icon='\ue8f1' data-av_iconfont='entypo-fontello' title='' data-avia-related-tooltip='Compartir en Twitter' rel=\"noopener\"><span class='avia_hidden_link_text'>Compartir en Twitter<\/span><\/a><\/li><li class='av-share-link av-social-link-whatsapp' ><a target=\"_blank\" aria-label=\"Compartir en Whatsapp\" href='https:\/\/api.whatsapp.com\/send?text=https:\/\/radiorevelacionfm.cl\/?p=36040' aria-hidden='false' data-av_icon='\uf232' data-av_iconfont='entypo-fontello' title='' data-avia-related-tooltip='Compartir en Whatsapp' rel=\"noopener\"><span class='avia_hidden_link_text'>Compartir en Whatsapp<\/span><\/a><\/li><li class='av-share-link av-social-link-linkedin' ><a target=\"_blank\" aria-label=\"Compartir en LinkedIn\" href='https:\/\/linkedin.com\/shareArticle?mini=true&#038;title=Culturas%20Ays%C3%A9n%20lleva%20microrresidencias%20art%C3%ADsticas%20a%20las%2010%20comunas%20de%20la%20regi%C3%B3n&#038;url=https:\/\/radiorevelacionfm.cl\/?p=36040' aria-hidden='false' data-av_icon='\ue8fc' data-av_iconfont='entypo-fontello' title='' data-avia-related-tooltip='Compartir en LinkedIn' rel=\"noopener\"><span class='avia_hidden_link_text'>Compartir en LinkedIn<\/span><\/a><\/li><li class='av-share-link av-social-link-mail' ><a  aria-label=\"Compartir por correo\" href='mailto:?subject=Culturas%20Ays%C3%A9n%20lleva%20microrresidencias%20art%C3%ADsticas%20a%20las%2010%20comunas%20de%20la%20regi%C3%B3n&#038;body=https:\/\/radiorevelacionfm.cl\/?p=36040' aria-hidden='false' data-av_icon='\ue805' data-av_iconfont='entypo-fontello' title='' data-avia-related-tooltip='Compartir por correo'><span class='avia_hidden_link_text'>Compartir por correo<\/span><\/a><\/li><\/ul><\/div><\/div>\n<div  style='height:50px' class='hr hr-invisible   avia-builder-el-8  el_after_av_social_share  el_before_av_comments_list '><span class='hr-inner ' ><span class='hr-inner-style'><\/span><\/span><\/div>\n<div  class='av-buildercomment  av-blog-meta-html-info-disabled av-blog-meta-tag-disabled  '><\/div>\n","protected":false},"excerpt":{"rendered":"","protected":false},"author":1,"featured_media":36041,"comment_status":"open","ping_status":"open","sticky":false,"template":"","format":"standard","meta":{"footnotes":""},"categories":[52],"tags":[],"class_list":["post-36040","post","type-post","status-publish","format-standard","has-post-thumbnail","hentry","category-cultura"],"jetpack_featured_media_url":"https:\/\/radiorevelacionfm.cl\/wp-content\/uploads\/2023\/10\/microrresidencia-balmaceda4-1_optimized-1.jpg","_links":{"self":[{"href":"https:\/\/radiorevelacionfm.cl\/index.php?rest_route=\/wp\/v2\/posts\/36040","targetHints":{"allow":["GET"]}}],"collection":[{"href":"https:\/\/radiorevelacionfm.cl\/index.php?rest_route=\/wp\/v2\/posts"}],"about":[{"href":"https:\/\/radiorevelacionfm.cl\/index.php?rest_route=\/wp\/v2\/types\/post"}],"author":[{"embeddable":true,"href":"https:\/\/radiorevelacionfm.cl\/index.php?rest_route=\/wp\/v2\/users\/1"}],"replies":[{"embeddable":true,"href":"https:\/\/radiorevelacionfm.cl\/index.php?rest_route=%2Fwp%2Fv2%2Fcomments&post=36040"}],"version-history":[{"count":1,"href":"https:\/\/radiorevelacionfm.cl\/index.php?rest_route=\/wp\/v2\/posts\/36040\/revisions"}],"predecessor-version":[{"id":36042,"href":"https:\/\/radiorevelacionfm.cl\/index.php?rest_route=\/wp\/v2\/posts\/36040\/revisions\/36042"}],"wp:featuredmedia":[{"embeddable":true,"href":"https:\/\/radiorevelacionfm.cl\/index.php?rest_route=\/wp\/v2\/media\/36041"}],"wp:attachment":[{"href":"https:\/\/radiorevelacionfm.cl\/index.php?rest_route=%2Fwp%2Fv2%2Fmedia&parent=36040"}],"wp:term":[{"taxonomy":"category","embeddable":true,"href":"https:\/\/radiorevelacionfm.cl\/index.php?rest_route=%2Fwp%2Fv2%2Fcategories&post=36040"},{"taxonomy":"post_tag","embeddable":true,"href":"https:\/\/radiorevelacionfm.cl\/index.php?rest_route=%2Fwp%2Fv2%2Ftags&post=36040"}],"curies":[{"name":"wp","href":"https:\/\/api.w.org\/{rel}","templated":true}]}}