{"id":36037,"date":"2023-10-19T09:58:02","date_gmt":"2023-10-19T12:58:02","guid":{"rendered":"https:\/\/radiorevelacionfm.cl\/?p=36037"},"modified":"2023-10-19T09:58:02","modified_gmt":"2023-10-19T12:58:02","slug":"subsecretaria-de-vivienda-dio-la-partida-a-la-anhelada-pavimentacion-de-7-cuadras-de-avenida-divisadero-oriente-de-coyhaique","status":"publish","type":"post","link":"https:\/\/radiorevelacionfm.cl\/?p=36037","title":{"rendered":"Subsecretaria de Vivienda dio la partida a la anhelada pavimentaci\u00f3n de 7 cuadras de Avenida Divisadero Oriente de Coyhaique"},"content":{"rendered":"<div class=\"flex_column av_one_full  flex_column_div av-zero-column-padding first  avia-builder-el-0  el_before_av_one_full  avia-builder-el-first  \" style='border-radius:0px; '><div  class='avia-image-container  av-styling-    avia-builder-el-1  avia-builder-el-no-sibling  avia-align-center '  itemprop=\"image\" itemscope=\"itemscope\" itemtype=\"https:\/\/schema.org\/ImageObject\"  ><div class='avia-image-container-inner'><div class='avia-image-overlay-wrap'><img decoding=\"async\" class='wp-image-36038 avia-img-lazy-loading-not-36038 avia_image' src=\"https:\/\/radiorevelacionfm.cl\/wp-content\/uploads\/2023\/10\/subsecretaria-de-vivienda-autoridades-u-vecinos-dan-el-vamos-a-la-pavimentacion-de-avenida-divisadero-oriente-1_optimized.jpg\" alt='' title='subsecretaria-de-vivienda,-autoridades-u-vecinos-dan-el-vamos-a-la-pavimentaci\u00f3n-de-avenida-divisadero-oriente-(1)_optimized' height=\"600\" width=\"900\"  itemprop=\"thumbnailUrl\" srcset=\"https:\/\/radiorevelacionfm.cl\/wp-content\/uploads\/2023\/10\/subsecretaria-de-vivienda-autoridades-u-vecinos-dan-el-vamos-a-la-pavimentacion-de-avenida-divisadero-oriente-1_optimized.jpg 900w, https:\/\/radiorevelacionfm.cl\/wp-content\/uploads\/2023\/10\/subsecretaria-de-vivienda-autoridades-u-vecinos-dan-el-vamos-a-la-pavimentacion-de-avenida-divisadero-oriente-1_optimized-300x200.jpg 300w, https:\/\/radiorevelacionfm.cl\/wp-content\/uploads\/2023\/10\/subsecretaria-de-vivienda-autoridades-u-vecinos-dan-el-vamos-a-la-pavimentacion-de-avenida-divisadero-oriente-1_optimized-768x512.jpg 768w, https:\/\/radiorevelacionfm.cl\/wp-content\/uploads\/2023\/10\/subsecretaria-de-vivienda-autoridades-u-vecinos-dan-el-vamos-a-la-pavimentacion-de-avenida-divisadero-oriente-1_optimized-705x470.jpg 705w, https:\/\/radiorevelacionfm.cl\/wp-content\/uploads\/2023\/10\/subsecretaria-de-vivienda-autoridades-u-vecinos-dan-el-vamos-a-la-pavimentacion-de-avenida-divisadero-oriente-1_optimized-450x300.jpg 450w, https:\/\/radiorevelacionfm.cl\/wp-content\/uploads\/2023\/10\/subsecretaria-de-vivienda-autoridades-u-vecinos-dan-el-vamos-a-la-pavimentacion-de-avenida-divisadero-oriente-1_optimized-600x400.jpg 600w\" sizes=\"(max-width: 900px) 100vw, 900px\" \/><\/div><\/div><\/div><\/div><div class=\"flex_column av_one_full  flex_column_div av-zero-column-padding first  avia-builder-el-2  el_after_av_one_full  el_before_av_one_full  column-top-margin\" style='border-radius:0px; '><section class=\"av_textblock_section \"  itemscope=\"itemscope\" itemtype=\"https:\/\/schema.org\/BlogPosting\" itemprop=\"blogPost\" ><div class='avia_textblock  '   itemprop=\"text\" ><p style=\"text-align: center;\"><span style=\"font-size: 18pt;\"><strong>Subsecretaria de Vivienda dio la partida a la anhelada pavimentaci\u00f3n de 7 cuadras de Avenida Divisadero Oriente de Coyhaique<\/strong><\/span><\/p>\n<div id=\"gtx-trans\" style=\"position: absolute; left: -50px; top: 4.31534px;\">\n<div class=\"gtx-trans-icon\"><\/div>\n<\/div>\n<\/div><\/section><\/div><div class=\"flex_column av_one_full  flex_column_div av-zero-column-padding first  avia-builder-el-4  el_after_av_one_full  el_before_av_hr  column-top-margin\" style='border-radius:0px; '><section class=\"av_textblock_section \"  itemscope=\"itemscope\" itemtype=\"https:\/\/schema.org\/BlogPosting\" itemprop=\"blogPost\" ><div class='avia_textblock  '   itemprop=\"text\" ><p style=\"text-align: justify;\">Con su participaci\u00f3n en la ceremonia de inicio oficial de obras para la pavimentaci\u00f3n de 770 metros lineales de la faja norte de la avenida Divisadero Oriente de Coyhaique, la Subsecretaria de Vivienda y Urbanismo, Gabriela Elgueta Poblete, inici\u00f3 este mi\u00e9rcoles una visita de dos d\u00edas a la regi\u00f3n de Ays\u00e9n, donde se contempla reuniones de trabajo y visita a proyectos urbanos y habitacionales en las comunas de Ays\u00e9n y Coyhaique.<\/p>\n<p style=\"text-align: justify;\">La autoridad nacional valor\u00f3 la oportunidad de compartir con los dirigentes de varias unidades vecinales que suman m\u00e1s de mil familias del sector alto de la ciudad, que ser\u00e1n beneficiadas en forma directa con la pavimentaci\u00f3n de la v\u00eda, obra que se ejecuta en el marco del Programa de Pavimentaci\u00f3n Participativa del Ministerio de Vivienda y que era esperada y solicitada por los vecinos durante m\u00e1s de una d\u00e9cada.<\/p>\n<p style=\"text-align: justify;\">\u201cIniciamos nuestra visita a la regi\u00f3n de Ays\u00e9n con esta actividad de un programa muy valorado de nuestro Ministerio que es el de Pavimentaci\u00f3n Participativa y en particular en este llamado esta comunidad va a recibir mil 166 millones de pesos, donde hay un aporte importante del Gobierno Regional, as\u00ed que tambi\u00e9n agradecemos a la Gobernadora Mac\u00edas y su Consejo Regional por este aporte, el trabajo tambi\u00e9n de la municipalidad de Coyhaique y a los vecinos. Ac\u00e1 est\u00e1 la dirigente en representaci\u00f3n de al menos 7 poblaciones que se van a ver beneficiadas, m\u00e1s de mil familias, que llevaban m\u00e1s de 13 a\u00f1os esperando, as\u00ed que estamos muy contentos de poder dar inicio a esta obra\u201d, precis\u00f3 la Subsecretaria de Vivienda.<\/p>\n<p style=\"text-align: justify;\">La Presidenta de la Junta de Vecinos Ach\u00e9n de la poblaci\u00f3n Ampliaci\u00f3n <u>P<\/u>ablo Neruda, Ver\u00f3nica Legue, valor\u00f3 tambi\u00e9n lo que ser\u00e1 este gran adelanto para miles de vecinos. \u201cFelices y contentos, como le dec\u00eda a la Subsecretaria son m\u00e1s de 13 a\u00f1os esperando la pavimentaci\u00f3n de esta calle que no solo es de la poblaci\u00f3n, ac\u00e1 son varias poblaciones que van a ser beneficiadas con este proyecto. As\u00ed que feliz de que despu\u00e9s de tanta espera ya se va a iniciar esto. Dar las gracias a las autoridades, al alcalde, al Minvu, al Consejo Regional y la Gobernadora por el trabajo en conjunto que se hizo. Ahora felices porque la espera ya termin\u00f3 y pronto estaremos caminando ya no en tierra sino en pavimento\u201d, manifest\u00f3.<\/p>\n<p style=\"text-align: justify;\">Tambi\u00e9n el Delegado Presidencial Regional, Rodrigo Araya, expres\u00f3 su satisfacci\u00f3n de participar en una actividad tan relevante para los vecinos y su futuro. \u201cPara nuestro Presidente Gabriel Boric, para nuestro Gobierno, lograr mejoras en la calidad de vida de las comunidades es un eje transversal y lo que dirige todas nuestras pol\u00edticas y este anuncio de pavimentaci\u00f3n participativa que tiene un tremendo aporte del Gobierno Regional, lo estamos reflejando y simbolizando ac\u00e1. Este es un programa que va a beneficiar a muchas comunas en nuestro territorio y hacemos votos tambi\u00e9n porque se siga potenciando el ejercicio de trabajar en conjunto, que tambi\u00e9n es un mandato presidencial, el poder establecer vinculaciones con todos los sectores, con los servicios p\u00fablicos, pero tambi\u00e9n con los Gobiernos locales y sobre todo con la misma comunidad\u201d, afirm\u00f3.<\/p>\n<p style=\"text-align: justify;\">De igual forma el Alcalde de Coyhaique, Carlos Gatica, expres\u00f3 su alegr\u00eda al confirmar que trabajando en coordinaci\u00f3n se logran grandes adelantos para la comunidad. \u201cLa verdad es que este proyecto de casi mil 200 millones de pesos va a beneficiar a varias unidades vecinales, ya que son cerca de mil familias las que se podr\u00e1n ver beneficiadas en forma directa y muchas m\u00e1s que usan este trayecto como v\u00eda alternativa de transporte en nuestra ciudad. As\u00ed que esperar que todo salga como corresponde en tiempo y forma y por supuesto seguir trabajando en conjunto que es la \u00fanica manera de sacar adelante un proyecto so\u00f1ado que llevaban mucho tiempo esperando los vecinos, esa es la t\u00f3nica, que estamos trabajando todos juntos para mejorar la calidad de vida de nuestra gente\u201d, indic\u00f3.<\/p>\n<p style=\"text-align: justify;\">Finalmente, el Gobernador (S) de Ays\u00e9n, Francisco Lara, destac\u00f3 la oportunidad de contribuir desde todos los sectores para seguir cumpliendo los sue\u00f1os de miles de familias. \u201cDestacar este trabajo entre distintas instituciones p\u00fablicas, el Gobierno local, el Gobierno nacional desde el Ministerio de Vivienda y Urbanismo y tambi\u00e9n el aporte que pudimos realizar desde el Gobierno Regional, tanto para esta iniciativa como para muchas otras, ya que ac\u00e1 son cerca de 700 millones de pesos, pero este ejemplo de pavimentos participativos en Coyhaique se replica en las diez comunas de la regi\u00f3n y son m\u00e1s de 3 mil 700 millones de pesos que ha aportado el Gobierno regional y su Consejo para poder materializar estas obras tan importantes\u201d, puntualiz\u00f3.<\/p>\n<p style=\"text-align: justify;\">La pavimentaci\u00f3n de la faja norte de Avenida Divisadero oriente de Coyhaique ser\u00e1 ejecutada por la empresa de Crist\u00f3bal Galleguillos Estay en un tramo que va desde la Calle Gast\u00f3n Adarme hasta calle Oscar del R\u00edo, con un plazo de 270 d\u00edas, por lo que las obras f\u00edsicas del proyecto deber\u00edan estar terminadas en el mes de julio del pr\u00f3ximo a\u00f1o.<\/p>\n<\/div><\/section><\/div><div  style='height:50px' class='hr hr-invisible   avia-builder-el-6  el_after_av_one_full  el_before_av_social_share '><span class='hr-inner ' ><span class='hr-inner-style'><\/span><\/span><\/div><\/p>\n<div  class='av-social-sharing-box  avia-builder-el-7  el_after_av_hr  el_before_av_hr  '><div class='av-share-box'><h5 class='av-share-link-description av-no-toc '>Compartir esta noticia<\/h5><ul class='av-share-box-list noLightbox'><li class='av-share-link av-social-link-facebook' ><a target=\"_blank\" aria-label=\"Compartir en Facebook\" href='https:\/\/www.facebook.com\/sharer.php?u=https:\/\/radiorevelacionfm.cl\/?p=36037&#038;t=Subsecretaria%20de%20Vivienda%20dio%20la%20partida%20a%20la%20anhelada%20pavimentaci%C3%B3n%20de%207%20cuadras%20de%20Avenida%20Divisadero%20Oriente%20de%20Coyhaique' aria-hidden='false' data-av_icon='\ue8f3' data-av_iconfont='entypo-fontello' title='' data-avia-related-tooltip='Compartir en Facebook' rel=\"noopener\"><span class='avia_hidden_link_text'>Compartir en Facebook<\/span><\/a><\/li><li class='av-share-link av-social-link-twitter' ><a target=\"_blank\" aria-label=\"Compartir en Twitter\" href='https:\/\/twitter.com\/share?text=Subsecretaria%20de%20Vivienda%20dio%20la%20partida%20a%20la%20anhelada%20pavimentaci%C3%B3n%20de%207%20cuadras%20de%20Avenida%20Divisadero%20Oriente%20de%20Coyhaique&#038;url=https:\/\/radiorevelacionfm.cl\/?p=36037' aria-hidden='false' data-av_icon='\ue8f1' data-av_iconfont='entypo-fontello' title='' data-avia-related-tooltip='Compartir en Twitter' rel=\"noopener\"><span class='avia_hidden_link_text'>Compartir en Twitter<\/span><\/a><\/li><li class='av-share-link av-social-link-whatsapp' ><a target=\"_blank\" aria-label=\"Compartir en Whatsapp\" href='https:\/\/api.whatsapp.com\/send?text=https:\/\/radiorevelacionfm.cl\/?p=36037' aria-hidden='false' data-av_icon='\uf232' data-av_iconfont='entypo-fontello' title='' data-avia-related-tooltip='Compartir en Whatsapp' rel=\"noopener\"><span class='avia_hidden_link_text'>Compartir en Whatsapp<\/span><\/a><\/li><li class='av-share-link av-social-link-linkedin' ><a target=\"_blank\" aria-label=\"Compartir en LinkedIn\" href='https:\/\/linkedin.com\/shareArticle?mini=true&#038;title=Subsecretaria%20de%20Vivienda%20dio%20la%20partida%20a%20la%20anhelada%20pavimentaci%C3%B3n%20de%207%20cuadras%20de%20Avenida%20Divisadero%20Oriente%20de%20Coyhaique&#038;url=https:\/\/radiorevelacionfm.cl\/?p=36037' aria-hidden='false' data-av_icon='\ue8fc' data-av_iconfont='entypo-fontello' title='' data-avia-related-tooltip='Compartir en LinkedIn' rel=\"noopener\"><span class='avia_hidden_link_text'>Compartir en LinkedIn<\/span><\/a><\/li><li class='av-share-link av-social-link-mail' ><a  aria-label=\"Compartir por correo\" href='mailto:?subject=Subsecretaria%20de%20Vivienda%20dio%20la%20partida%20a%20la%20anhelada%20pavimentaci%C3%B3n%20de%207%20cuadras%20de%20Avenida%20Divisadero%20Oriente%20de%20Coyhaique&#038;body=https:\/\/radiorevelacionfm.cl\/?p=36037' aria-hidden='false' data-av_icon='\ue805' data-av_iconfont='entypo-fontello' title='' data-avia-related-tooltip='Compartir por correo'><span class='avia_hidden_link_text'>Compartir por correo<\/span><\/a><\/li><\/ul><\/div><\/div>\n<div  style='height:50px' class='hr hr-invisible   avia-builder-el-8  el_after_av_social_share  el_before_av_comments_list '><span class='hr-inner ' ><span class='hr-inner-style'><\/span><\/span><\/div>\n<div  class='av-buildercomment  av-blog-meta-html-info-disabled av-blog-meta-tag-disabled  '><\/div>\n","protected":false},"excerpt":{"rendered":"","protected":false},"author":1,"featured_media":36038,"comment_status":"open","ping_status":"open","sticky":false,"template":"","format":"standard","meta":{"footnotes":""},"categories":[57],"tags":[],"class_list":["post-36037","post","type-post","status-publish","format-standard","has-post-thumbnail","hentry","category-vivienda"],"jetpack_featured_media_url":"https:\/\/radiorevelacionfm.cl\/wp-content\/uploads\/2023\/10\/subsecretaria-de-vivienda-autoridades-u-vecinos-dan-el-vamos-a-la-pavimentacion-de-avenida-divisadero-oriente-1_optimized.jpg","_links":{"self":[{"href":"https:\/\/radiorevelacionfm.cl\/index.php?rest_route=\/wp\/v2\/posts\/36037","targetHints":{"allow":["GET"]}}],"collection":[{"href":"https:\/\/radiorevelacionfm.cl\/index.php?rest_route=\/wp\/v2\/posts"}],"about":[{"href":"https:\/\/radiorevelacionfm.cl\/index.php?rest_route=\/wp\/v2\/types\/post"}],"author":[{"embeddable":true,"href":"https:\/\/radiorevelacionfm.cl\/index.php?rest_route=\/wp\/v2\/users\/1"}],"replies":[{"embeddable":true,"href":"https:\/\/radiorevelacionfm.cl\/index.php?rest_route=%2Fwp%2Fv2%2Fcomments&post=36037"}],"version-history":[{"count":1,"href":"https:\/\/radiorevelacionfm.cl\/index.php?rest_route=\/wp\/v2\/posts\/36037\/revisions"}],"predecessor-version":[{"id":36039,"href":"https:\/\/radiorevelacionfm.cl\/index.php?rest_route=\/wp\/v2\/posts\/36037\/revisions\/36039"}],"wp:featuredmedia":[{"embeddable":true,"href":"https:\/\/radiorevelacionfm.cl\/index.php?rest_route=\/wp\/v2\/media\/36038"}],"wp:attachment":[{"href":"https:\/\/radiorevelacionfm.cl\/index.php?rest_route=%2Fwp%2Fv2%2Fmedia&parent=36037"}],"wp:term":[{"taxonomy":"category","embeddable":true,"href":"https:\/\/radiorevelacionfm.cl\/index.php?rest_route=%2Fwp%2Fv2%2Fcategories&post=36037"},{"taxonomy":"post_tag","embeddable":true,"href":"https:\/\/radiorevelacionfm.cl\/index.php?rest_route=%2Fwp%2Fv2%2Ftags&post=36037"}],"curies":[{"name":"wp","href":"https:\/\/api.w.org\/{rel}","templated":true}]}}