{"id":36034,"date":"2023-10-19T10:23:45","date_gmt":"2023-10-19T13:23:45","guid":{"rendered":"https:\/\/radiorevelacionfm.cl\/?p=36034"},"modified":"2023-10-19T10:23:45","modified_gmt":"2023-10-19T13:23:45","slug":"alcalde-de-aysen-y-directora-regional-de-sernameg-visitan-nuevas-instalaciones-del-centro-de-la-mujer","status":"publish","type":"post","link":"https:\/\/radiorevelacionfm.cl\/?p=36034","title":{"rendered":"Alcalde de Ays\u00e9n y Directora Regional de Sernameg visitan nuevas instalaciones del Centro de la Mujer"},"content":{"rendered":"<div class=\"flex_column av_one_full  flex_column_div av-zero-column-padding first  avia-builder-el-0  el_before_av_one_full  avia-builder-el-first  \" style='border-radius:0px; '><div  class='avia-image-container  av-styling-    avia-builder-el-1  avia-builder-el-no-sibling  avia-align-center '  itemprop=\"image\" itemscope=\"itemscope\" itemtype=\"https:\/\/schema.org\/ImageObject\"  ><div class='avia-image-container-inner'><div class='avia-image-overlay-wrap'><img decoding=\"async\" class='wp-image-36035 avia-img-lazy-loading-not-36035 avia_image' src=\"https:\/\/radiorevelacionfm.cl\/wp-content\/uploads\/2023\/10\/reunion-directora-sernameg-2-1_optimized-1.jpg\" alt='' title='reunion-directora-sernameg-2-(1)_optimized (1)' height=\"600\" width=\"1067\"  itemprop=\"thumbnailUrl\" srcset=\"https:\/\/radiorevelacionfm.cl\/wp-content\/uploads\/2023\/10\/reunion-directora-sernameg-2-1_optimized-1.jpg 1067w, https:\/\/radiorevelacionfm.cl\/wp-content\/uploads\/2023\/10\/reunion-directora-sernameg-2-1_optimized-1-300x169.jpg 300w, https:\/\/radiorevelacionfm.cl\/wp-content\/uploads\/2023\/10\/reunion-directora-sernameg-2-1_optimized-1-1030x579.jpg 1030w, https:\/\/radiorevelacionfm.cl\/wp-content\/uploads\/2023\/10\/reunion-directora-sernameg-2-1_optimized-1-768x432.jpg 768w, https:\/\/radiorevelacionfm.cl\/wp-content\/uploads\/2023\/10\/reunion-directora-sernameg-2-1_optimized-1-705x396.jpg 705w, https:\/\/radiorevelacionfm.cl\/wp-content\/uploads\/2023\/10\/reunion-directora-sernameg-2-1_optimized-1-450x253.jpg 450w, https:\/\/radiorevelacionfm.cl\/wp-content\/uploads\/2023\/10\/reunion-directora-sernameg-2-1_optimized-1-600x337.jpg 600w\" sizes=\"(max-width: 1067px) 100vw, 1067px\" \/><\/div><\/div><\/div><\/div><div class=\"flex_column av_one_full  flex_column_div av-zero-column-padding first  avia-builder-el-2  el_after_av_one_full  el_before_av_one_full  column-top-margin\" style='border-radius:0px; '><section class=\"av_textblock_section \"  itemscope=\"itemscope\" itemtype=\"https:\/\/schema.org\/BlogPosting\" itemprop=\"blogPost\" ><div class='avia_textblock  '   itemprop=\"text\" ><p style=\"text-align: center;\"><strong><span style=\"font-size: 18pt;\">Alcalde de Ays\u00e9n y Directora Regional de Sernameg visitan nuevas instalaciones del Centro de la Mujer<\/span><\/strong><\/p>\n<div id=\"gtx-trans\" style=\"position: absolute; left: -50px; top: 4.31534px;\">\n<div class=\"gtx-trans-icon\"><\/div>\n<\/div>\n<\/div><\/section><\/div><div class=\"flex_column av_one_full  flex_column_div av-zero-column-padding first  avia-builder-el-4  el_after_av_one_full  el_before_av_hr  column-top-margin\" style='border-radius:0px; '><section class=\"av_textblock_section \"  itemscope=\"itemscope\" itemtype=\"https:\/\/schema.org\/BlogPosting\" itemprop=\"blogPost\" ><div class='avia_textblock  '   itemprop=\"text\" ><p style=\"text-align: justify;\"><em>Esto ocurre en el contexto de la visita protocolar de la nueva autoridad regional Patricia Baeza, con quien el Alcalde Julio Uribe, evalu\u00f3 positivamente los programas que el Municipio y Sernameg desarrollan en conjunto.<\/em><\/p>\n<p style=\"text-align: justify;\">Esta semana, la nueva directora regional del Servicio Nacional de la Mujer y Equidad de G\u00e9nero, Patricia Baeza, realiz\u00f3 saludo protocolar al Alcalde de la comuna de Ays\u00e9n, Julio Uribe, oportunidad en la que analizaron de manera positiva el trabajo mancomunado entre la Ilustre Municipalidad de Ays\u00e9n y Sernameg.<\/p>\n<p style=\"text-align: justify;\">La autoridad comunal, relev\u00f3 el buen desarrollo de los programas 4 a 7, Mujeres Jefas de Hogar y el Centro de la Mujer, este \u00faltimo tambi\u00e9n alberga el programa de prevenci\u00f3n de violencia contra la mujer.<\/p>\n<p style=\"text-align: justify;\">\u201cTuvimos la visita protocolar de Patricia Baeza, quien es la nueva directora regional de Sernameg, donde nos felicitaron por los programas que estamos ejecutando como el de prevenci\u00f3n de violencia contra la mujer y 4 a 7, que han sido muy destacados a nivel regional, eso nos llena de orgullo. Tambi\u00e9n pudimos visitar las nuevas instalaciones del Centro de la Mujer, porque est\u00e1bamos en una casa que no reun\u00eda todas las condiciones para el buen funcionamiento. Hoy los funcionarios est\u00e1n muy complacidos en las nuevas instalaciones, con mucha luminosidad y eso nos pone orgullosos, porque estamos mejorando los espacios para los funcionarios, as\u00ed es que, nada m\u00e1s que agradecer la visita de la directora regional\u201d.<\/p>\n<p style=\"text-align: justify;\">Por su parte, la nueva directora regional de Senameg, Patricia Baeza, destac\u00f3 el encuentro con Alcalde de Ays\u00e9n y la posibilidad de visitar las nuevas instalaciones del Centro de la Mujer.<\/p>\n<p style=\"text-align: justify;\">\u201cNos encontramos conociendo las nuevas instalaciones del Centro y nos vamos tremendamente contentos porque hemos visto el cambio, esto favorece en gran medida la atenci\u00f3n a las mujeres y a toda la comunidad en general para trabajar la prevenci\u00f3n en violencia, atenci\u00f3n y sobre todo con un tema de calidad. Yo creo que eso es lo que hay que relevar, porque los equipos ya est\u00e1n instalados y esto permite brindar una atenci\u00f3n mucho mejor a todas las personas que requieren de nuestro servicio. Tenemos en Puerto Ays\u00e9n, nuestro programa de prevenci\u00f3n por una parte y el Centro de la Mujer, ambos con muy buenos resultados en el tema de la implementaci\u00f3n y ejecuci\u00f3n, por lo tanto, nuestro inter\u00e9s y del Servicio Nacional de la Mujer y Equidad de G\u00e9nero es seguir apoyando con nuestros equipos t\u00e9cnicos el trabajo que se est\u00e1 realizando ac\u00e1 en la comuna\u201d.<\/p>\n<p style=\"text-align: justify;\">Finalmente, la Directora Regional de Sernameg, Patricia Baeza y el Alcalde de la comuna de Ays\u00e9n, Julio Uribe, acordaron mantener la coordinaci\u00f3n permanentemente entre ambos servicios, con el fin de seguir obteniendo buenos resultados en beneficio de la comunidad.<\/p>\n<\/div><\/section><\/div><div  style='height:50px' class='hr hr-invisible   avia-builder-el-6  el_after_av_one_full  el_before_av_social_share '><span class='hr-inner ' ><span class='hr-inner-style'><\/span><\/span><\/div><\/p>\n<div  class='av-social-sharing-box  avia-builder-el-7  el_after_av_hr  el_before_av_hr  '><div class='av-share-box'><h5 class='av-share-link-description av-no-toc '>Compartir esta noticia<\/h5><ul class='av-share-box-list noLightbox'><li class='av-share-link av-social-link-facebook' ><a target=\"_blank\" aria-label=\"Compartir en Facebook\" href='https:\/\/www.facebook.com\/sharer.php?u=https:\/\/radiorevelacionfm.cl\/?p=36034&#038;t=Alcalde%20de%20Ays%C3%A9n%20y%20Directora%20Regional%20de%20Sernameg%20visitan%20nuevas%20instalaciones%20del%20Centro%20de%20la%20Mujer' aria-hidden='false' data-av_icon='\ue8f3' data-av_iconfont='entypo-fontello' title='' data-avia-related-tooltip='Compartir en Facebook' rel=\"noopener\"><span class='avia_hidden_link_text'>Compartir en Facebook<\/span><\/a><\/li><li class='av-share-link av-social-link-twitter' ><a target=\"_blank\" aria-label=\"Compartir en Twitter\" href='https:\/\/twitter.com\/share?text=Alcalde%20de%20Ays%C3%A9n%20y%20Directora%20Regional%20de%20Sernameg%20visitan%20nuevas%20instalaciones%20del%20Centro%20de%20la%20Mujer&#038;url=https:\/\/radiorevelacionfm.cl\/?p=36034' aria-hidden='false' data-av_icon='\ue8f1' data-av_iconfont='entypo-fontello' title='' data-avia-related-tooltip='Compartir en Twitter' rel=\"noopener\"><span class='avia_hidden_link_text'>Compartir en Twitter<\/span><\/a><\/li><li class='av-share-link av-social-link-whatsapp' ><a target=\"_blank\" aria-label=\"Compartir en Whatsapp\" href='https:\/\/api.whatsapp.com\/send?text=https:\/\/radiorevelacionfm.cl\/?p=36034' aria-hidden='false' data-av_icon='\uf232' data-av_iconfont='entypo-fontello' title='' data-avia-related-tooltip='Compartir en Whatsapp' rel=\"noopener\"><span class='avia_hidden_link_text'>Compartir en Whatsapp<\/span><\/a><\/li><li class='av-share-link av-social-link-linkedin' ><a target=\"_blank\" aria-label=\"Compartir en LinkedIn\" href='https:\/\/linkedin.com\/shareArticle?mini=true&#038;title=Alcalde%20de%20Ays%C3%A9n%20y%20Directora%20Regional%20de%20Sernameg%20visitan%20nuevas%20instalaciones%20del%20Centro%20de%20la%20Mujer&#038;url=https:\/\/radiorevelacionfm.cl\/?p=36034' aria-hidden='false' data-av_icon='\ue8fc' data-av_iconfont='entypo-fontello' title='' data-avia-related-tooltip='Compartir en LinkedIn' rel=\"noopener\"><span class='avia_hidden_link_text'>Compartir en LinkedIn<\/span><\/a><\/li><li class='av-share-link av-social-link-mail' ><a  aria-label=\"Compartir por correo\" href='mailto:?subject=Alcalde%20de%20Ays%C3%A9n%20y%20Directora%20Regional%20de%20Sernameg%20visitan%20nuevas%20instalaciones%20del%20Centro%20de%20la%20Mujer&#038;body=https:\/\/radiorevelacionfm.cl\/?p=36034' aria-hidden='false' data-av_icon='\ue805' data-av_iconfont='entypo-fontello' title='' data-avia-related-tooltip='Compartir por correo'><span class='avia_hidden_link_text'>Compartir por correo<\/span><\/a><\/li><\/ul><\/div><\/div>\n<div  style='height:50px' class='hr hr-invisible   avia-builder-el-8  el_after_av_social_share  el_before_av_comments_list '><span class='hr-inner ' ><span class='hr-inner-style'><\/span><\/span><\/div>\n<div  class='av-buildercomment  av-blog-meta-html-info-disabled av-blog-meta-tag-disabled  '><\/div>\n","protected":false},"excerpt":{"rendered":"","protected":false},"author":1,"featured_media":36035,"comment_status":"open","ping_status":"open","sticky":false,"template":"","format":"standard","meta":{"footnotes":""},"categories":[38],"tags":[],"class_list":["post-36034","post","type-post","status-publish","format-standard","has-post-thumbnail","hentry","category-regional"],"jetpack_featured_media_url":"https:\/\/radiorevelacionfm.cl\/wp-content\/uploads\/2023\/10\/reunion-directora-sernameg-2-1_optimized-1.jpg","_links":{"self":[{"href":"https:\/\/radiorevelacionfm.cl\/index.php?rest_route=\/wp\/v2\/posts\/36034","targetHints":{"allow":["GET"]}}],"collection":[{"href":"https:\/\/radiorevelacionfm.cl\/index.php?rest_route=\/wp\/v2\/posts"}],"about":[{"href":"https:\/\/radiorevelacionfm.cl\/index.php?rest_route=\/wp\/v2\/types\/post"}],"author":[{"embeddable":true,"href":"https:\/\/radiorevelacionfm.cl\/index.php?rest_route=\/wp\/v2\/users\/1"}],"replies":[{"embeddable":true,"href":"https:\/\/radiorevelacionfm.cl\/index.php?rest_route=%2Fwp%2Fv2%2Fcomments&post=36034"}],"version-history":[{"count":1,"href":"https:\/\/radiorevelacionfm.cl\/index.php?rest_route=\/wp\/v2\/posts\/36034\/revisions"}],"predecessor-version":[{"id":36036,"href":"https:\/\/radiorevelacionfm.cl\/index.php?rest_route=\/wp\/v2\/posts\/36034\/revisions\/36036"}],"wp:featuredmedia":[{"embeddable":true,"href":"https:\/\/radiorevelacionfm.cl\/index.php?rest_route=\/wp\/v2\/media\/36035"}],"wp:attachment":[{"href":"https:\/\/radiorevelacionfm.cl\/index.php?rest_route=%2Fwp%2Fv2%2Fmedia&parent=36034"}],"wp:term":[{"taxonomy":"category","embeddable":true,"href":"https:\/\/radiorevelacionfm.cl\/index.php?rest_route=%2Fwp%2Fv2%2Fcategories&post=36034"},{"taxonomy":"post_tag","embeddable":true,"href":"https:\/\/radiorevelacionfm.cl\/index.php?rest_route=%2Fwp%2Fv2%2Ftags&post=36034"}],"curies":[{"name":"wp","href":"https:\/\/api.w.org\/{rel}","templated":true}]}}