{"id":36031,"date":"2023-10-21T23:07:34","date_gmt":"2023-10-22T02:07:34","guid":{"rendered":"https:\/\/radiorevelacionfm.cl\/?p=36031"},"modified":"2023-10-21T23:07:34","modified_gmt":"2023-10-22T02:07:34","slug":"seremi-de-la-mujer-debemos-comprender-la-violencia-de-genero-como-una-problematica-de-estado","status":"publish","type":"post","link":"https:\/\/radiorevelacionfm.cl\/?p=36031","title":{"rendered":"Seremi de la Mujer: \u201cDebemos comprender la violencia de g\u00e9nero como una problem\u00e1tica de Estado\u201d"},"content":{"rendered":"<div class=\"flex_column av_one_full  flex_column_div av-zero-column-padding first  avia-builder-el-0  el_before_av_one_full  avia-builder-el-first  \" style='border-radius:0px; '><div  class='avia-image-container  av-styling-    avia-builder-el-1  avia-builder-el-no-sibling  avia-align-center '  itemprop=\"image\" itemscope=\"itemscope\" itemtype=\"https:\/\/schema.org\/ImageObject\"  ><div class='avia-image-container-inner'><div class='avia-image-overlay-wrap'><img decoding=\"async\" class='wp-image-36032 avia-img-lazy-loading-not-36032 avia_image' src=\"https:\/\/radiorevelacionfm.cl\/wp-content\/uploads\/2023\/10\/IMG-20231018-WA0000-1-1.jpg\" alt='' title='IMG-20231018-WA0000 (1) (1)' height=\"600\" width=\"797\"  itemprop=\"thumbnailUrl\" srcset=\"https:\/\/radiorevelacionfm.cl\/wp-content\/uploads\/2023\/10\/IMG-20231018-WA0000-1-1.jpg 797w, https:\/\/radiorevelacionfm.cl\/wp-content\/uploads\/2023\/10\/IMG-20231018-WA0000-1-1-300x226.jpg 300w, https:\/\/radiorevelacionfm.cl\/wp-content\/uploads\/2023\/10\/IMG-20231018-WA0000-1-1-768x578.jpg 768w, https:\/\/radiorevelacionfm.cl\/wp-content\/uploads\/2023\/10\/IMG-20231018-WA0000-1-1-705x531.jpg 705w, https:\/\/radiorevelacionfm.cl\/wp-content\/uploads\/2023\/10\/IMG-20231018-WA0000-1-1-450x339.jpg 450w, https:\/\/radiorevelacionfm.cl\/wp-content\/uploads\/2023\/10\/IMG-20231018-WA0000-1-1-600x452.jpg 600w\" sizes=\"(max-width: 797px) 100vw, 797px\" \/><\/div><\/div><\/div><\/div><div class=\"flex_column av_one_full  flex_column_div av-zero-column-padding first  avia-builder-el-2  el_after_av_one_full  el_before_av_one_full  column-top-margin\" style='border-radius:0px; '><section class=\"av_textblock_section \"  itemscope=\"itemscope\" itemtype=\"https:\/\/schema.org\/BlogPosting\" itemprop=\"blogPost\" ><div class='avia_textblock  '   itemprop=\"text\" ><p style=\"text-align: center;\"><strong><span style=\"font-size: 18pt;\">Seremi de la Mujer: \u201cDebemos comprender la violencia de g\u00e9nero como una problem\u00e1tica de Estado\u201d<\/span><\/strong><\/p>\n<div id=\"gtx-trans\" style=\"position: absolute; left: -50px; top: 4.31534px;\">\n<div class=\"gtx-trans-icon\"><\/div>\n<\/div>\n<\/div><\/section><\/div><div class=\"flex_column av_one_full  flex_column_div av-zero-column-padding first  avia-builder-el-4  el_after_av_one_full  el_before_av_hr  column-top-margin\" style='border-radius:0px; '><section class=\"av_textblock_section \"  itemscope=\"itemscope\" itemtype=\"https:\/\/schema.org\/BlogPosting\" itemprop=\"blogPost\" ><div class='avia_textblock  '   itemprop=\"text\" ><p style=\"text-align: justify;\">En la Comisi\u00f3n de Seguridad P\u00fablica del Gobierno Regional de Ays\u00e9n, la seremi Andrea M\u00e9ndez expuso la necesidad de enfrentar la problem\u00e1tica de la violencia intrafamiliar, de manera conjunta y coordinada.<\/p>\n<p style=\"text-align: justify;\">En la \u00faltima presentaci\u00f3n de las estad\u00edsticas delictuales de Carabineros de Chile, se revel\u00f3 un preocupante aumento de delitos de Violencia Intrafamiliar (VIF) en la regi\u00f3n, con un impacto significativo en mujeres, representando un 79,7% de las v\u00edctimas. A ra\u00edz de estas cifras, la seremi de la Mujer y la Equidad de G\u00e9nero, Andrea M\u00e9ndez Valenzuela, fue convocada a la sesi\u00f3n de la Comisi\u00f3n de Seguridad P\u00fablica del Gobierno Regional de Ays\u00e9n por la consejera Paula Acu\u00f1a Ojeda.<\/p>\n<p style=\"text-align: justify;\">Durante su exposici\u00f3n, la seremi de la Mujer destac\u00f3 la necesidad imperativa de adoptar una perspectiva hol\u00edstica de la seguridad, considerando los desaf\u00edos espec\u00edficos de la regi\u00f3n y la importancia de una acci\u00f3n coordinada para abordar esta problem\u00e1tica; no solo desde el \u00e1mbito p\u00fablico, sino tambi\u00e9n en el privado.<\/p>\n<p style=\"text-align: justify;\">\u00abA nivel mundial, las violaciones y la violencia extrema persisten como delitos prevalentes contra ni\u00f1as y mujeres, con secuelas de por vida. Estos actos, son mayormente perpetrados en el hogar, en el \u00e1mbito privado. Y es aqu\u00ed donde radica el nudo problem\u00e1tico que debemos sortear: si insistimos en que los problemas de seguridad se encuentran fundamentalmente en los espacios p\u00fablicos, c\u00f3mo fortalecemos nuestra respuesta institucional hacia las ni\u00f1as y mujeres que padecen violencias en el \u00e1mbito privado\u201d, enfatiz\u00f3 la seremi Andrea M\u00e9ndez.<\/p>\n<p style=\"text-align: justify;\">La sesi\u00f3n cont\u00f3 tambi\u00e9n con la participaci\u00f3n de varias personas expertas en la materia, entre ellas Carla Arriagada Malague\u00f1a, encargada de \u00e1rea de Violencia Contra la Mujer (VCM) de SernamEG, y Camila Covarrubias Retamal, coordinadora regional de Seguridad P\u00fablica. Ambas autoridades ofrecieron valiosos aportes sobre la complejidad de la situaci\u00f3n y las posibles estrategias para abordarla de manera m\u00e1s efectiva.<\/p>\n<p style=\"text-align: justify;\">La seremi de la Mujer adem\u00e1s hizo hincapi\u00e9 en que el abordaje de las tem\u00e1ticas de violencia debe ser de manera coordinada y con una perspectiva multisectorial: \u201cDebemos comprender la violencia de g\u00e9nero como una problem\u00e1tica de Estado. Nuestra cartera de g\u00e9nero tiene una visi\u00f3n ambiciosa en cuanto a seguridad, nos interesa que todas las instituciones de la regi\u00f3n nos acompa\u00f1en en la necesaria tarea de comprender la violencia como una problem\u00e1tica que se expresa tanto en el \u00e1mbito p\u00fablico como en el privado y que, en consecuencia, nuestros esfuerzos institucionales deben darse en ambas direcciones.\u201d<\/p>\n<p style=\"text-align: justify;\">Paula Acu\u00f1a respald\u00f3 firmemente este enfoque integral y subray\u00f3 la importancia de la colaboraci\u00f3n entre todas las instituciones pertinentes en la regi\u00f3n: \u201cLa Comisi\u00f3n de Seguridad y emergencia ante el consejo regional, tocamos la tem\u00e1tica de la violencia de mujeres en la Regi\u00f3n de Ays\u00e9n, por ello convocamos a estos tres servicios para empezar a articular un trabajo en conjunto con el consejo regional y as\u00ed abordar las diversas problem\u00e1ticas asociadas a la violencia de g\u00e9nero, principalmente a la que les afecta a las mujeres, tanto de Coyhaique como de las localidades rurales de la Regi\u00f3n. En este sentido fue super importante conocer tambi\u00e9n la oferta program\u00e1tica de la Seremi y de SernamEG, tanto en prevenci\u00f3n de violencia, como en el abordaje de la violencia propiamente tal hacia las mujeres. Felicitamos la instancia, esperamos volver a reunirnos en la comisi\u00f3n de seguridad y seguir trabajando en una tem\u00e1tica que para nosotros\/as es sumamente relevante, logrando de esa forma bajar los \u00edndices de violencia de g\u00e9nero, generando mayores oportunidades para las mujeres y adem\u00e1s de prevenir la violencia en todos los \u00e1mbitos posibles en la regi\u00f3n de Ays\u00e9n\u201d.<\/p>\n<\/div><\/section><\/div><div  style='height:50px' class='hr hr-invisible   avia-builder-el-6  el_after_av_one_full  el_before_av_social_share '><span class='hr-inner ' ><span class='hr-inner-style'><\/span><\/span><\/div><\/p>\n<div  class='av-social-sharing-box  avia-builder-el-7  el_after_av_hr  el_before_av_hr  '><div class='av-share-box'><h5 class='av-share-link-description av-no-toc '>Compartir esta noticia<\/h5><ul class='av-share-box-list noLightbox'><li class='av-share-link av-social-link-facebook' ><a target=\"_blank\" aria-label=\"Compartir en Facebook\" href='https:\/\/www.facebook.com\/sharer.php?u=https:\/\/radiorevelacionfm.cl\/?p=36031&#038;t=Seremi%20de%20la%20Mujer%3A%20%E2%80%9CDebemos%20comprender%20la%20violencia%20de%20g%C3%A9nero%20como%20una%20problem%C3%A1tica%20de%20Estado%E2%80%9D' aria-hidden='false' data-av_icon='\ue8f3' data-av_iconfont='entypo-fontello' title='' data-avia-related-tooltip='Compartir en Facebook' rel=\"noopener\"><span class='avia_hidden_link_text'>Compartir en Facebook<\/span><\/a><\/li><li class='av-share-link av-social-link-twitter' ><a target=\"_blank\" aria-label=\"Compartir en Twitter\" href='https:\/\/twitter.com\/share?text=Seremi%20de%20la%20Mujer%3A%20%E2%80%9CDebemos%20comprender%20la%20violencia%20de%20g%C3%A9nero%20como%20una%20problem%C3%A1tica%20de%20Estado%E2%80%9D&#038;url=https:\/\/radiorevelacionfm.cl\/?p=36031' aria-hidden='false' data-av_icon='\ue8f1' data-av_iconfont='entypo-fontello' title='' data-avia-related-tooltip='Compartir en Twitter' rel=\"noopener\"><span class='avia_hidden_link_text'>Compartir en Twitter<\/span><\/a><\/li><li class='av-share-link av-social-link-whatsapp' ><a target=\"_blank\" aria-label=\"Compartir en Whatsapp\" href='https:\/\/api.whatsapp.com\/send?text=https:\/\/radiorevelacionfm.cl\/?p=36031' aria-hidden='false' data-av_icon='\uf232' data-av_iconfont='entypo-fontello' title='' data-avia-related-tooltip='Compartir en Whatsapp' rel=\"noopener\"><span class='avia_hidden_link_text'>Compartir en Whatsapp<\/span><\/a><\/li><li class='av-share-link av-social-link-linkedin' ><a target=\"_blank\" aria-label=\"Compartir en LinkedIn\" href='https:\/\/linkedin.com\/shareArticle?mini=true&#038;title=Seremi%20de%20la%20Mujer%3A%20%E2%80%9CDebemos%20comprender%20la%20violencia%20de%20g%C3%A9nero%20como%20una%20problem%C3%A1tica%20de%20Estado%E2%80%9D&#038;url=https:\/\/radiorevelacionfm.cl\/?p=36031' aria-hidden='false' data-av_icon='\ue8fc' data-av_iconfont='entypo-fontello' title='' data-avia-related-tooltip='Compartir en LinkedIn' rel=\"noopener\"><span class='avia_hidden_link_text'>Compartir en LinkedIn<\/span><\/a><\/li><li class='av-share-link av-social-link-mail' ><a  aria-label=\"Compartir por correo\" href='mailto:?subject=Seremi%20de%20la%20Mujer%3A%20%E2%80%9CDebemos%20comprender%20la%20violencia%20de%20g%C3%A9nero%20como%20una%20problem%C3%A1tica%20de%20Estado%E2%80%9D&#038;body=https:\/\/radiorevelacionfm.cl\/?p=36031' aria-hidden='false' data-av_icon='\ue805' data-av_iconfont='entypo-fontello' title='' data-avia-related-tooltip='Compartir por correo'><span class='avia_hidden_link_text'>Compartir por correo<\/span><\/a><\/li><\/ul><\/div><\/div>\n<div  style='height:50px' class='hr hr-invisible   avia-builder-el-8  el_after_av_social_share  el_before_av_comments_list '><span class='hr-inner ' ><span class='hr-inner-style'><\/span><\/span><\/div>\n<div  class='av-buildercomment  av-blog-meta-html-info-disabled av-blog-meta-tag-disabled  '><\/div>\n","protected":false},"excerpt":{"rendered":"","protected":false},"author":1,"featured_media":36032,"comment_status":"open","ping_status":"open","sticky":false,"template":"","format":"standard","meta":{"footnotes":""},"categories":[38],"tags":[],"class_list":["post-36031","post","type-post","status-publish","format-standard","has-post-thumbnail","hentry","category-regional"],"jetpack_featured_media_url":"https:\/\/radiorevelacionfm.cl\/wp-content\/uploads\/2023\/10\/IMG-20231018-WA0000-1-1.jpg","_links":{"self":[{"href":"https:\/\/radiorevelacionfm.cl\/index.php?rest_route=\/wp\/v2\/posts\/36031","targetHints":{"allow":["GET"]}}],"collection":[{"href":"https:\/\/radiorevelacionfm.cl\/index.php?rest_route=\/wp\/v2\/posts"}],"about":[{"href":"https:\/\/radiorevelacionfm.cl\/index.php?rest_route=\/wp\/v2\/types\/post"}],"author":[{"embeddable":true,"href":"https:\/\/radiorevelacionfm.cl\/index.php?rest_route=\/wp\/v2\/users\/1"}],"replies":[{"embeddable":true,"href":"https:\/\/radiorevelacionfm.cl\/index.php?rest_route=%2Fwp%2Fv2%2Fcomments&post=36031"}],"version-history":[{"count":1,"href":"https:\/\/radiorevelacionfm.cl\/index.php?rest_route=\/wp\/v2\/posts\/36031\/revisions"}],"predecessor-version":[{"id":36033,"href":"https:\/\/radiorevelacionfm.cl\/index.php?rest_route=\/wp\/v2\/posts\/36031\/revisions\/36033"}],"wp:featuredmedia":[{"embeddable":true,"href":"https:\/\/radiorevelacionfm.cl\/index.php?rest_route=\/wp\/v2\/media\/36032"}],"wp:attachment":[{"href":"https:\/\/radiorevelacionfm.cl\/index.php?rest_route=%2Fwp%2Fv2%2Fmedia&parent=36031"}],"wp:term":[{"taxonomy":"category","embeddable":true,"href":"https:\/\/radiorevelacionfm.cl\/index.php?rest_route=%2Fwp%2Fv2%2Fcategories&post=36031"},{"taxonomy":"post_tag","embeddable":true,"href":"https:\/\/radiorevelacionfm.cl\/index.php?rest_route=%2Fwp%2Fv2%2Ftags&post=36031"}],"curies":[{"name":"wp","href":"https:\/\/api.w.org\/{rel}","templated":true}]}}