{"id":3603,"date":"2021-04-28T16:44:06","date_gmt":"2021-04-28T19:44:06","guid":{"rendered":"https:\/\/radiorevelacionfm.cl\/?p=3603"},"modified":"2021-04-28T16:44:06","modified_gmt":"2021-04-28T19:44:06","slug":"autoridades-del-trabajo-exigen-cumplimiento-de-normativa-laboral-ante-aumento-de-casos-de-accidentes-laborales-en-sector-acuicola-y-que-empresas-principales-adopten-un-rol-mas-activo","status":"publish","type":"post","link":"https:\/\/radiorevelacionfm.cl\/?p=3603","title":{"rendered":"Autoridades del trabajo exigen cumplimiento de normativa laboral ante aumento de casos de accidentes laborales en sector acu\u00edcola y que empresas principales adopten un rol m\u00e1s activo"},"content":{"rendered":"<div class=\"flex_column av_one_full  flex_column_div av-zero-column-padding first  avia-builder-el-0  el_before_av_one_full  avia-builder-el-first  \" style='border-radius:0px; '><div  class='avia-image-container  av-styling-    avia-builder-el-1  avia-builder-el-no-sibling  avia-align-center '  itemprop=\"image\" itemscope=\"itemscope\" itemtype=\"https:\/\/schema.org\/ImageObject\"  ><div class='avia-image-container-inner'><div class='avia-image-overlay-wrap'><img decoding=\"async\" class='wp-image-0 avia-img-lazy-loading-not-0 avia_image' src=\"https:\/\/radiorevelacionfm.cl\/wp-content\/uploads\/2021\/04\/aysen_optimized.jpg\" alt='' title=''   itemprop=\"thumbnailUrl\"  \/><\/div><\/div><\/div><\/div><div class=\"flex_column av_one_full  flex_column_div av-zero-column-padding first  avia-builder-el-2  el_after_av_one_full  el_before_av_one_full  column-top-margin\" style='border-radius:0px; '><section class=\"av_textblock_section \"  itemscope=\"itemscope\" itemtype=\"https:\/\/schema.org\/BlogPosting\" itemprop=\"blogPost\" ><div class='avia_textblock  '   itemprop=\"text\" ><p style=\"text-align: center;\"><span style=\"font-size: 18pt;\"><strong>Autoridades del trabajo exigen cumplimiento de normativa laboral ante aumento de casos de accidentes laborales en sector acu\u00edcola y que empresas principales adopten un rol m\u00e1s activo<\/strong><\/span><\/p>\n<div id=\"gtx-trans\" style=\"position: absolute; left: -50px; top: 4.31534px;\">\n<div class=\"gtx-trans-icon\"><\/div>\n<\/div>\n<\/div><\/section><\/div><div class=\"flex_column av_one_full  flex_column_div av-zero-column-padding first  avia-builder-el-4  el_after_av_one_full  el_before_av_hr  column-top-margin\" style='border-radius:0px; '><section class=\"av_textblock_section \"  itemscope=\"itemscope\" itemtype=\"https:\/\/schema.org\/BlogPosting\" itemprop=\"blogPost\" ><div class='avia_textblock  '   itemprop=\"text\" ><p style=\"text-align: justify;\">Las autoridades llaman a revisar los protocolos de seguridad y su implementaci\u00f3n en el sector acu\u00edcola, ya que en los primeros meses de este a\u00f1o 2021 se han registrado en la regi\u00f3n ocho accidentes laborales graves, entre ellos, el fallecimiento de tres buzos.<\/p>\n<p class=\"v1MsoNormal\" style=\"text-align: justify;\">Preocupaci\u00f3n manifiestan las autoridades laborales regionales, Seremi del Trabajo y Previsi\u00f3n Social, Andrea Ponce y el Director Regional(s) del Trabajo, Christian Aros, por el aumento de los casos graves y fatales que se han registrado en estos meses del 2021 en el rubro acu\u00edcola, ya que han sido ocho los accidentes que han puesto en riesgo la vida de los trabajadores, entre ellos, han sido tres los buzos que han perdido la vida.<\/p>\n<p class=\"v1MsoNormal\" style=\"text-align: justify;\">As\u00ed lo afirm\u00f3 la Seremi de Trabajo y Previsi\u00f3n Social, Andrea Ponce, \u00abComo autoridades del trabajo estamos alarmados. Son ocho los accidentes laborales graves y tres de ellos donde lamentablemente los trabajadores perdieron la vida, realizando maniobras de buceos en el sector acu\u00edcola. Hay que revisar qu\u00e9 est\u00e1 sucediendo en el rubro y por ello nuevamente convocaremos a las empresas principales del sector acu\u00edcola y pesquero a una reuni\u00f3n, para conversar con ellos y exigir el cumplimiento de la normativa legal y la revisi\u00f3n de los protocolos de seguridad y su implementaci\u00f3n en faenas, obligaci\u00f3n que tienen tanto ellos como empresas mandantes como las empresas contratistas, de las cuales son gran parte estos trabajadores. Esta iniciativa la realizaremos tal como lo hemos venido haciendo hace varios meses junto a la Direcci\u00f3n del Trabajo para tratar el tema de la pandemia de Covid 19, donde hemos visto mejoras, resultados positivos y disminuci\u00f3n de los brotes laborales\u00bb.<\/p>\n<p class=\"v1MsoNormal\" style=\"text-align: justify;\">La autoridad regional adem\u00e1s a\u00f1adi\u00f3, \u00abLa Direcci\u00f3n del Trabajo el a\u00f1o 2020 efectu\u00f3 62 fiscalizaciones presenciales y 106 de manera remota en el sector acu\u00edcola, las \u00faltimas revisando sobre todo aspectos relacionados a la implementaci\u00f3n de los protocolos de coronavirus a trav\u00e9s del Formulario \u00danico de Fiscalizaci\u00f3n. Sin embargo, es importante tambi\u00e9n para nosotros, contar con denuncias por parte de los trabajadores ante las Inspecciones del Trabajo, para realizar las fiscalizaciones pertinentes para protegerlos y tambi\u00e9n ofrecer el apoyo a trav\u00e9s de orientaciones a las peque\u00f1as, medianas y grandes empresas de la regi\u00f3n, para que de esta forma, desarrollen sus labores cumpliendo con las normas y los est\u00e1ndares que se requieren hoy en d\u00eda, ya que es un deber legal del empleador asegurar la salud y vida de sus trabajadores\u00bb, concluy\u00f3 Ponce.<\/p>\n<p class=\"v1MsoNormal\" style=\"text-align: justify;\">Con respecto a las fiscalizaciones realizadas durante el a\u00f1o 2020, el Director Regional(s) del Trabajo, Christian Aros, entreg\u00f3 algunos detalles, \u00abDurante el a\u00f1o pasado como Direcci\u00f3n del Trabajo realizamos 62 fiscalizaciones presenciales de oficio, sin contar las que realizamos por denuncia en el sector acu\u00edcola, 34 a empresas contratistas y 28 a centros de cultivos de empresas principales. De ellas, en 37 casos hubo sanciones.\u00bb<\/p>\n<p class=\"v1MsoNormal\" style=\"text-align: justify;\">\u00abAdem\u00e1s, de forma remota durante el 2020 efectuamos 106 fiscalizaciones, sobre todo en temas de higiene y seguridad relacionados con los protocolos Covid. De ellas, 9 resultaron con sanciones. Finalmente, hacemos un llamado tanto a las empresas contratistas como a las principales a respetar los protocolos de seguridad para que estos accidentes no sigan ocurriendo, y a las empresas principales, sobre todo, a adoptar un rol m\u00e1s activo en la vigilancia de las empresas contratistas, pues es en ellas donde se ha registrado el mayor n\u00famero de accidentes\u00bb, afirm\u00f3 Aros.<\/p>\n<p class=\"v1MsoNormal\" style=\"text-align: justify;\">Cabe aclarar que el adolescente de 16 a\u00f1os que perdi\u00f3 la vida en febrero, luego de realizar actividades de buceo, se determin\u00f3 que no era un caso laboral, sino que fue en un contexto familiar, sin acreditarse v\u00ednculo de subordinaci\u00f3n y dependencia, ello despu\u00e9s de las investigaciones desarrolladas por el Ministerio P\u00fablico y la Inspecci\u00f3n del Trabajo de Cisnes.<\/p>\n<p class=\"v1MsoNormal\" style=\"text-align: justify;\">En relaci\u00f3n al \u00faltimo lamentable fallecimiento, de Andr\u00e9s Teigel Coliague, el Ministerio P\u00fablico est\u00e1 realizando las pesquisas para determinar la causa de muerte, radicando adem\u00e1s la investigaci\u00f3n en la Seremi de Salud ya que fueron los primeros en ser notificados y por su parte, la Inspecci\u00f3n del Trabajo de Cisnes tendr\u00e1 a su cargo la revisi\u00f3n de los temas laborales.<\/p>\n<p class=\"v1MsoNormal\" style=\"text-align: justify;\">Para solicitar orientaciones y realizar denuncias, est\u00e1 habilitado el correo electr\u00f3nico regional\u00a0<a href=\"mailto:upartesaysen@dt.gob.cl\" rel=\"noreferrer\">upartesaysen@dt.gob.cl<\/a>, donde tambi\u00e9n se puede pedir el anonimato.<\/p>\n<\/div><\/section><\/div><div  style='height:50px' class='hr hr-invisible   avia-builder-el-6  el_after_av_one_full  el_before_av_social_share '><span class='hr-inner ' ><span class='hr-inner-style'><\/span><\/span><\/div><\/p>\n<div  class='av-social-sharing-box  avia-builder-el-7  el_after_av_hr  el_before_av_hr  '><div class='av-share-box'><h5 class='av-share-link-description av-no-toc '>Compartir esta noticia<\/h5><ul class='av-share-box-list noLightbox'><li class='av-share-link av-social-link-facebook' ><a target=\"_blank\" aria-label=\"Compartir en Facebook\" href='https:\/\/www.facebook.com\/sharer.php?u=https:\/\/radiorevelacionfm.cl\/?p=3603&#038;t=Autoridades%20del%20trabajo%20exigen%20cumplimiento%20de%20normativa%20laboral%20ante%20aumento%20de%20casos%20de%20accidentes%20laborales%20en%20sector%20acu%C3%ADcola%20y%20que%20empresas%20principales%20adopten%20un%20rol%20m%C3%A1s%20activo' aria-hidden='false' data-av_icon='\ue8f3' data-av_iconfont='entypo-fontello' title='' data-avia-related-tooltip='Compartir en Facebook' rel=\"noopener\"><span class='avia_hidden_link_text'>Compartir en Facebook<\/span><\/a><\/li><li class='av-share-link av-social-link-twitter' ><a target=\"_blank\" aria-label=\"Compartir en Twitter\" href='https:\/\/twitter.com\/share?text=Autoridades%20del%20trabajo%20exigen%20cumplimiento%20de%20normativa%20laboral%20ante%20aumento%20de%20casos%20de%20accidentes%20laborales%20en%20sector%20acu%C3%ADcola%20y%20que%20empresas%20principales%20adopten%20un%20rol%20m%C3%A1s%20activo&#038;url=https:\/\/radiorevelacionfm.cl\/?p=3603' aria-hidden='false' data-av_icon='\ue8f1' data-av_iconfont='entypo-fontello' title='' data-avia-related-tooltip='Compartir en Twitter' rel=\"noopener\"><span class='avia_hidden_link_text'>Compartir en Twitter<\/span><\/a><\/li><li class='av-share-link av-social-link-whatsapp' ><a target=\"_blank\" aria-label=\"Compartir en Whatsapp\" href='https:\/\/api.whatsapp.com\/send?text=https:\/\/radiorevelacionfm.cl\/?p=3603' aria-hidden='false' data-av_icon='\uf232' data-av_iconfont='entypo-fontello' title='' data-avia-related-tooltip='Compartir en Whatsapp' rel=\"noopener\"><span class='avia_hidden_link_text'>Compartir en Whatsapp<\/span><\/a><\/li><li class='av-share-link av-social-link-linkedin' ><a target=\"_blank\" aria-label=\"Compartir en LinkedIn\" href='https:\/\/linkedin.com\/shareArticle?mini=true&#038;title=Autoridades%20del%20trabajo%20exigen%20cumplimiento%20de%20normativa%20laboral%20ante%20aumento%20de%20casos%20de%20accidentes%20laborales%20en%20sector%20acu%C3%ADcola%20y%20que%20empresas%20principales%20adopten%20un%20rol%20m%C3%A1s%20activo&#038;url=https:\/\/radiorevelacionfm.cl\/?p=3603' aria-hidden='false' data-av_icon='\ue8fc' data-av_iconfont='entypo-fontello' title='' data-avia-related-tooltip='Compartir en LinkedIn' rel=\"noopener\"><span class='avia_hidden_link_text'>Compartir en LinkedIn<\/span><\/a><\/li><li class='av-share-link av-social-link-mail' ><a  aria-label=\"Compartir por correo\" href='mailto:?subject=Autoridades%20del%20trabajo%20exigen%20cumplimiento%20de%20normativa%20laboral%20ante%20aumento%20de%20casos%20de%20accidentes%20laborales%20en%20sector%20acu%C3%ADcola%20y%20que%20empresas%20principales%20adopten%20un%20rol%20m%C3%A1s%20activo&#038;body=https:\/\/radiorevelacionfm.cl\/?p=3603' aria-hidden='false' data-av_icon='\ue805' data-av_iconfont='entypo-fontello' title='' data-avia-related-tooltip='Compartir por correo'><span class='avia_hidden_link_text'>Compartir por correo<\/span><\/a><\/li><\/ul><\/div><\/div>\n<div  style='height:50px' class='hr hr-invisible   avia-builder-el-8  el_after_av_social_share  el_before_av_comments_list '><span class='hr-inner ' ><span class='hr-inner-style'><\/span><\/span><\/div>\n<div  class='av-buildercomment  av-blog-meta-html-info-disabled av-blog-meta-tag-disabled  '><\/div>\n","protected":false},"excerpt":{"rendered":"","protected":false},"author":1,"featured_media":0,"comment_status":"open","ping_status":"open","sticky":false,"template":"","format":"standard","meta":{"footnotes":""},"categories":[56],"tags":[],"class_list":["post-3603","post","type-post","status-publish","format-standard","hentry","category-trabajo"],"jetpack_featured_media_url":"","_links":{"self":[{"href":"https:\/\/radiorevelacionfm.cl\/index.php?rest_route=\/wp\/v2\/posts\/3603","targetHints":{"allow":["GET"]}}],"collection":[{"href":"https:\/\/radiorevelacionfm.cl\/index.php?rest_route=\/wp\/v2\/posts"}],"about":[{"href":"https:\/\/radiorevelacionfm.cl\/index.php?rest_route=\/wp\/v2\/types\/post"}],"author":[{"embeddable":true,"href":"https:\/\/radiorevelacionfm.cl\/index.php?rest_route=\/wp\/v2\/users\/1"}],"replies":[{"embeddable":true,"href":"https:\/\/radiorevelacionfm.cl\/index.php?rest_route=%2Fwp%2Fv2%2Fcomments&post=3603"}],"version-history":[{"count":1,"href":"https:\/\/radiorevelacionfm.cl\/index.php?rest_route=\/wp\/v2\/posts\/3603\/revisions"}],"predecessor-version":[{"id":3605,"href":"https:\/\/radiorevelacionfm.cl\/index.php?rest_route=\/wp\/v2\/posts\/3603\/revisions\/3605"}],"wp:attachment":[{"href":"https:\/\/radiorevelacionfm.cl\/index.php?rest_route=%2Fwp%2Fv2%2Fmedia&parent=3603"}],"wp:term":[{"taxonomy":"category","embeddable":true,"href":"https:\/\/radiorevelacionfm.cl\/index.php?rest_route=%2Fwp%2Fv2%2Fcategories&post=3603"},{"taxonomy":"post_tag","embeddable":true,"href":"https:\/\/radiorevelacionfm.cl\/index.php?rest_route=%2Fwp%2Fv2%2Ftags&post=3603"}],"curies":[{"name":"wp","href":"https:\/\/api.w.org\/{rel}","templated":true}]}}