{"id":36028,"date":"2023-10-23T15:03:12","date_gmt":"2023-10-23T18:03:12","guid":{"rendered":"https:\/\/radiorevelacionfm.cl\/?p=36028"},"modified":"2023-10-23T15:03:12","modified_gmt":"2023-10-23T18:03:12","slug":"cuidar-la-naturaleza-la-opcion-mas-eficiente-para-enfrentar-el-cambio-climatico","status":"publish","type":"post","link":"https:\/\/radiorevelacionfm.cl\/?p=36028","title":{"rendered":"Cuidar la naturaleza: La opci\u00f3n m\u00e1s eficiente para enfrentar el cambio clim\u00e1tico"},"content":{"rendered":"<div class=\"flex_column av_one_full  flex_column_div av-zero-column-padding first  avia-builder-el-0  el_before_av_one_full  avia-builder-el-first  \" style='border-radius:0px; '><div  class='avia-image-container  av-styling-    avia-builder-el-1  avia-builder-el-no-sibling  avia-align-center '  itemprop=\"image\" itemscope=\"itemscope\" itemtype=\"https:\/\/schema.org\/ImageObject\"  ><div class='avia-image-container-inner'><div class='avia-image-overlay-wrap'><img decoding=\"async\" class='wp-image-36029 avia-img-lazy-loading-not-36029 avia_image' src=\"https:\/\/radiorevelacionfm.cl\/wp-content\/uploads\/2023\/10\/img_8455-1_optimized.jpg\" alt='' title='img_8455-(1)_optimized' height=\"600\" width=\"800\"  itemprop=\"thumbnailUrl\" srcset=\"https:\/\/radiorevelacionfm.cl\/wp-content\/uploads\/2023\/10\/img_8455-1_optimized.jpg 800w, https:\/\/radiorevelacionfm.cl\/wp-content\/uploads\/2023\/10\/img_8455-1_optimized-300x225.jpg 300w, https:\/\/radiorevelacionfm.cl\/wp-content\/uploads\/2023\/10\/img_8455-1_optimized-768x576.jpg 768w, https:\/\/radiorevelacionfm.cl\/wp-content\/uploads\/2023\/10\/img_8455-1_optimized-705x529.jpg 705w, https:\/\/radiorevelacionfm.cl\/wp-content\/uploads\/2023\/10\/img_8455-1_optimized-450x338.jpg 450w, https:\/\/radiorevelacionfm.cl\/wp-content\/uploads\/2023\/10\/img_8455-1_optimized-600x450.jpg 600w\" sizes=\"(max-width: 800px) 100vw, 800px\" \/><\/div><\/div><\/div><\/div><div class=\"flex_column av_one_full  flex_column_div av-zero-column-padding first  avia-builder-el-2  el_after_av_one_full  el_before_av_one_full  column-top-margin\" style='border-radius:0px; '><section class=\"av_textblock_section \"  itemscope=\"itemscope\" itemtype=\"https:\/\/schema.org\/BlogPosting\" itemprop=\"blogPost\" ><div class='avia_textblock  '   itemprop=\"text\" ><p style=\"text-align: center;\"><strong><span style=\"font-size: 18pt;\">Cuidar la naturaleza: La opci\u00f3n m\u00e1s eficiente para enfrentar el cambio clim\u00e1tico<\/span><\/strong><\/p>\n<div id=\"gtx-trans\" style=\"position: absolute; left: -50px; top: 4.31534px;\">\n<div class=\"gtx-trans-icon\"><\/div>\n<\/div>\n<\/div><\/section><\/div><div class=\"flex_column av_one_full  flex_column_div av-zero-column-padding first  avia-builder-el-4  el_after_av_one_full  el_before_av_hr  column-top-margin\" style='border-radius:0px; '><section class=\"av_textblock_section \"  itemscope=\"itemscope\" itemtype=\"https:\/\/schema.org\/BlogPosting\" itemprop=\"blogPost\" ><div class='avia_textblock  '   itemprop=\"text\" ><p class=\"v1MsoNormal\" style=\"text-align: justify;\"><span lang=\"ES\">Una diversidad de propuestas y visiones, con<span class=\"v1gmail-Apple-converted-space\">\u00a0<\/span><\/span><span lang=\"X-NONE\">\u00e9nfasis en la responsabilidad socioambiental territorial, fueron expuestas el viernes \u00faltimo durante el seminario \u00abCrisis Clim\u00e1tica en Ays\u00e9n: Miradas estructurales para enfrentar el dilema\u00bb, que se desarroll\u00f3 en Coyhaique. Desde soluciones ciudadanas basadas en la naturaleza que aportan a mitigar nuestros impactos y adaptarnos, hasta la necesidad de potenciar medidas con efecto m\u00faltiple pasando por c\u00f3mo, en el caso de los desastres, la prevenci\u00f3n es fundamental.<span class=\"v1gmail-Apple-converted-space\">\u00a0<\/span><\/span><\/p>\n<p class=\"v1MsoNormal\" style=\"text-align: justify;\"><span lang=\"X-NONE\">El proyecto ha sido liderado por Chile Sustentable, con apoyo de la Fundaci\u00f3n Marisla, en coordinaci\u00f3n con la Corporaci\u00f3n Privada para el Desarrollo de Ays\u00e9n (CODESA) y la Agrupaci\u00f3n Ays\u00e9n Reserva de Vida.<\/span><\/p>\n<p class=\"v1MsoNormal\" style=\"text-align: justify;\"><span lang=\"ES\">En el panel \u00abAlternativas de futuro: Soluciones ciudadanas basadas en la naturaleza\u00bb, la<span class=\"v1gmail-Apple-converted-space\">\u00a0<\/span>subgerenta de sustentabilidad de la Fundaci<\/span><span lang=\"X-NONE\">\u00f3n Chile, Ulrike Broschek,<\/span><span lang=\"X-NONE\"><span class=\"v1gmail-Apple-converted-space\">\u00a0<\/span>expuso sobre c\u00f3mo, en materia de seguridad h\u00eddrica, las opciones que apuntan a una menor artificializaci\u00f3n no s\u00f3lo son las m\u00e1s econ\u00f3micas sino las m\u00e1s efectivas. \u00abDe las causas de los problemas h\u00eddricos que tenemos, en un 83 % \u00e9stos tienen que ver con intervenciones y gesti\u00f3n antr\u00f3pica, es decir, en la forma en que nosotros nos relacionamos con los recursos h\u00eddricos\u00bb explic\u00f3.\u00a0<span class=\"v1gmail-Apple-converted-space\">\u00a0<\/span>En esto, \u00abs\u00f3lo un 17 % de las causas de los problemas derivan directamente de los efectos del cambio clim\u00e1tico, el cual vino a acelerar una situaci\u00f3n extrema que estamos viviendo pero que ya se ven\u00eda dando\u00bb. En concreto, el problema es el modelo de gesti\u00f3n no sostenible que sobreexplota el agua, lo cual ya est\u00e1 evidenciado y sobre lo que cada vez existen m\u00e1s estudios.<\/span><\/p>\n<p class=\"v1MsoNormal\" style=\"text-align: justify;\"><span lang=\"X-NONE\">En el caso de<span class=\"v1gmail-Apple-converted-space\">\u00a0<\/span>Andr\u00e9s Villouta y Mar\u00eda de los \u00c1ngeles Lobos, de LANARQ, se refirieron al proceso de aislamiento t\u00e9rmico de infraestructura con lana (de oveja). \u00ab<\/span><span lang=\"ES\">S<\/span><span lang=\"X-NONE\">e trata de hacernos cargo de la soluci\u00f3n de nuestros problemas. Es decir, no podemos salir a buscar soluciones, que en ocasiones son muy costosas o tienen altos impactos, teniendo las opciones aqu\u00ed mismo, con innovaci\u00f3n, creatividad, mucho trabajo y ganas<\/span><span lang=\"X-NONE\">\u00bb indic\u00f3 Villouta, cuya empresa est\u00e1 avanzando en evaluar la trazabilidad de la producci\u00f3n ovina que provee del material para que \u00e9sta se origine en ganader\u00eda regenerativa.<\/span><\/p>\n<p class=\"v1MsoNormal\" style=\"text-align: justify;\"><span lang=\"X-NONE\">En el segundo panel, \u00abLos cobeneficios: La alianza adaptaci\u00f3n\/mitigaci\u00f3n\u00bb,<span class=\"v1gmail-Apple-converted-space\">\u00a0<\/span><\/span><span lang=\"ES\">Patricio Segura, coordinador del Proyecto Patagonia de Chile Sustentable y dirigente de CODESA, puntualiz<\/span><span lang=\"X-NONE\">\u00f3<span class=\"v1gmail-Apple-converted-space\">\u00a0<\/span>\u00a0que<span class=\"v1gmail-Apple-converted-space\">\u00a0<\/span><\/span><span lang=\"ES\">es preciso poner atenci<\/span><span lang=\"X-NONE\">\u00f3n a las propuestas de electrificaci\u00f3n masiva: \u00abEs la<span class=\"v1gmail-Apple-converted-space\">\u00a0<\/span><\/span><span lang=\"ES\">utop\u00eda full electric, o el Mundo de los Supers\u00f3nicos, en que aprieto un bot\u00f3n y tengo luz, aprieto un bot\u00f3n y tengo calor, aprieto un bot\u00f3n y me muevo, aprieto un bot\u00f3n y tengo un paisaje en la TV, aprieto un bot\u00f3n y converso<\/span><span lang=\"ES\">\u00bb reflexion<\/span><span lang=\"X-NONE\">\u00f3. \u00abTenemos que ver lo que esto significa, porque<span class=\"v1gmail-Apple-converted-space\">\u00a0<\/span><\/span><span lang=\"ES\">cuando el ser humano intermedia en todo momento su relaci\u00f3n con la naturaleza pierde perspectiva. Ya no sabes c\u00f3mo crecen las plantas, d\u00f3nde va tu basura, de d\u00f3nde sacas la energ\u00eda. Hay que complementar los beneficios de esta tecnolog<\/span><span lang=\"X-NONE\">\u00eda con<span class=\"v1gmail-Apple-converted-space\">\u00a0<\/span><\/span><span lang=\"ES\">mecanismos complementarios que aporten a un mayor v\u00ednculo con los ecosistemas, para no perder de vista lo que es real, la vida que est\u00e1 ah\u00ed. La naturaleza generando vida<\/span><span lang=\"ES\">\u00ab.<\/span><\/p>\n<p class=\"v1MsoNormal\" style=\"text-align: justify;\"><span lang=\"X-NONE\">Para la<span class=\"v1gmail-Apple-converted-space\">\u00a0<\/span>jefa del Departamento de Acci\u00f3n Clim\u00e1tica del Ministerio del Medio Ambiente, Maritza Jadrijevic,<span class=\"v1gmail-Apple-converted-space\">\u00a0<\/span>quien expuso sobre la visi\u00f3n del gobierno en la materia, ha cambiado la mirada de ver adaptaci\u00f3n y mitigaci\u00f3n como aspectos separados. En esto, reconoci\u00f3 los avances que se han dado en el sector p\u00fablico, explicando que \u00abel<span class=\"v1gmail-Apple-converted-space\">\u00a0<\/span>Ministerio de Obras P\u00fablicas<span class=\"v1gmail-Apple-converted-space\">\u00a0<\/span><\/span><span lang=\"ES\">est\u00e1 haciendo un estudio sobre c\u00f3mo integrar soluciones basadas en la naturaleza en todo el tipo de las categor\u00edas de obras p\u00fablicas que hacen. Esto para integrarlo al Plan de Infraestructuras, donde tambi\u00e9n est\u00e1 identificando una cartera de proyectos<\/span><span lang=\"ES\">\u00ab. Esto, porque existe cierto acuerdo en que<span class=\"v1gmail-Apple-converted-space\">\u00a0<\/span><\/span><span lang=\"X-NONE\">son las soluciones basadas en la naturaleza las que presentan m\u00e1s cobeneficios, que en el fondo son acciones que aportan tanto a mitigaci\u00f3n como adaptaci\u00f3n.<\/span><\/p>\n<p class=\"v1MsoNormal\" style=\"text-align: justify;\"><span lang=\"ES\">El tercer panel se enfoc<\/span><span lang=\"X-NONE\">\u00f3<span class=\"v1gmail-Apple-converted-space\">\u00a0<\/span><\/span><span lang=\"ES\">en<span class=\"v1gmail-Apple-converted-space\">\u00a0<\/span><\/span><span lang=\"X-NONE\">la \u00abGesti\u00f3n y prevenci\u00f3n del riesgo: El invitado invisible<\/span><span lang=\"ES\">\u00ab, donde la<span class=\"v1gmail-Apple-converted-space\">\u00a0<\/span>directora ejecutiva del Programa de Reducci\u00f3n de Riesgos y Desastres (CITRID) de la Universidad de Chile, Daniela Ejsmentewicz,<span class=\"v1gmail-Apple-converted-space\">\u00a0<\/span>se refiri<\/span><span lang=\"X-NONE\">\u00f3 al concepto de desastre.\u00a0<span class=\"v1gmail-Apple-converted-space\">\u00a0<\/span>\u00ab<\/span><span lang=\"ES\">Un desastre nunca es natural. Los desastres tienen origen en un proceso social. Entra en erupci<\/span><span lang=\"X-NONE\">\u00f3n<span class=\"v1gmail-Apple-converted-space\">\u00a0<\/span><\/span><span lang=\"ES\">un volc\u00e1n, puede haber un tsunami, pero eso es un gatillante de una situaci\u00f3n de riesgo que est\u00e1 previamente construida<\/span><span lang=\"ES\">\u00bb ahond<\/span><span lang=\"X-NONE\">\u00f3.\u00a0<span class=\"v1gmail-Apple-converted-space\">\u00a0<\/span>Ante esto, \u00ab<\/span><span lang=\"ES\">el riesgo es una construcci\u00f3n social, es una situaci\u00f3n de latencia que se construye por las personas y por nuestras sociedades humanas, y para poder enfrentarlo en un primer momento tenemos que conocerlo. Luego materializar medidas para prevenirlo y reducirlo. Y luego responder, porque siempre va a ocurrir algo. O sea es imposible vivir en un escenario de riesgo cero<\/span><span lang=\"ES\">\u00ab.<\/span><\/p>\n<p class=\"v1MsoNormal\" style=\"text-align: justify;\"><span lang=\"ES\">Abordando la realidad regional<\/span><span lang=\"X-NONE\">, el<span class=\"v1gmail-Apple-converted-space\">\u00a0<\/span>acad\u00e9mico de la Universidad de Ays\u00e9n e investigador adjunto del CR2, Dr. Carlos Zamorano,<span class=\"v1gmail-Apple-converted-space\">\u00a0<\/span>plante\u00f3 que \u00ab<\/span><span lang=\"ES\">veo potenciales focos de incendio por todos lados, a pesar de lo cual no existe en nuestra regi\u00f3n ninguna campa\u00f1a de prevenci\u00f3n de incendios. Me gustar\u00eda que Balmaceda estuviese lleno de carteles, as\u00ed como hay unas fotos preciosas donde muestran las bellezas, basta con poner un cartel que diga &#8216;esto se puede perder por un incendio forestal&#8217;<\/span><span lang=\"ES\">\u00ab. Adem<\/span><span lang=\"X-NONE\">\u00e1s, expres\u00f3 que ser\u00eda positivo que \u00ab<\/span><span lang=\"ES\">existiese una normativa real, con sanciones reales.\u00a0<span class=\"v1gmail-Apple-converted-space\">\u00a0<\/span>No solo la expulsi\u00f3n de un parque nacional a los turistas que hacen fuego en lugares no permitidos<\/span><span lang=\"X-NONE\">.\u00a0<\/span><span lang=\"ES\">Son cuestiones extremadamente preocupantes<\/span><span lang=\"ES\">\u00ab. Y lanz<\/span><span lang=\"X-NONE\">\u00f3<span class=\"v1gmail-Apple-converted-space\">\u00a0<\/span><\/span><span lang=\"ES\">un dato:<span class=\"v1gmail-Apple-converted-space\">\u00a0<\/span><\/span><span lang=\"X-NONE\">los grandes incendios de enero y febrero de 2017, que totalizaron unas 600 mil hect\u00e1reas, significaron \u00ab<\/span><span lang=\"ES\">la liberaci\u00f3n de 78 millones de toneladas de carbono en menos de veinte d\u00edas, que es lo que Chile se ha comprometido a capturar en 10 a<\/span><span lang=\"X-NONE\">\u00f1os<\/span><span lang=\"X-NONE\">\u00ab.<\/span><\/p>\n<p class=\"v1MsoNormal\" style=\"text-align: justify;\"><strong><span lang=\"ES\">La visiones pol<\/span><span lang=\"X-NONE\">\u00edticas<\/span><\/strong><\/p>\n<p class=\"v1MsoNormal\" style=\"text-align: justify;\"><span lang=\"X-NONE\">En su saludo de bienvenida, desde M\u00e9xico donde participaba en un encuentro latinoamericano sobre transici\u00f3n energ\u00e9tica, la<span class=\"v1gmail-Apple-converted-space\">\u00a0<\/span>directora ejecutiva de Chile Sustentable, Sara Larra\u00edn,<span class=\"v1gmail-Apple-converted-space\">\u00a0<\/span>llam\u00f3 a colectivamente \u00ab<\/span><span lang=\"ES\">ir<span class=\"v1gmail-Apple-converted-space\">\u00a0<\/span><\/span><span lang=\"X-NONE\">armando una agenda de la regi\u00f3n con el objeto de contribuir a las estrategias regionales de cambio clim\u00e1tico desde la sociedad civil y la academia<\/span><span lang=\"X-NONE\">\u00ab. Aludi\u00f3 as\u00ed al trabajo en el cual se enmarc\u00f3 este seminario y la asignatura electiva que desde las organizaciones se est\u00e1 impartiendo en la Universidad de Ays\u00e9n.<\/span><\/p>\n<p class=\"v1MsoNormal\" style=\"text-align: justify;\"><span lang=\"X-NONE\">Esto fue refrendado por el<span class=\"v1gmail-Apple-converted-space\">\u00a0<\/span>rector de la Universidad de Ays\u00e9n, Enrique Urra,<span class=\"v1gmail-Apple-converted-space\">\u00a0<\/span>quien valor\u00f3 \u00abenormemente esta instancia y la agradecemos, porque poder apoyar estos procesos de reflexi\u00f3n y de conocer asuntos asociados es fundamental. Aqu\u00ed nos enfrentamos a una realidad irrefutable, fen\u00f3menos y cambios que tienen impactos sociales, econ\u00f3micos, ecol\u00f3gicos\u00bb. Y ante ello, explic\u00f3, \u00abes importante hacer una reflexi\u00f3n sobre base cient\u00edfica, sobre problem\u00e1ticas que se basan en evidencias y hechos\u00bb.<\/span><\/p>\n<p class=\"v1MsoNormal\" style=\"text-align: justify;\"><span lang=\"X-NONE\">El<span class=\"v1gmail-Apple-converted-space\">\u00a0<\/span>presidente de la Agrupaci\u00f3n Ays\u00e9n Reserva de Vida, Peter Hartmann,<span class=\"v1gmail-Apple-converted-space\">\u00a0<\/span>apunt\u00f3 a que la triple crisis ambiental (clim\u00e1tica; de p\u00e9rdida de biodiversidad; de contaminaci\u00f3n) en realidad es cu\u00e1druple. \u00abPorque hay un fondo detr\u00e1s: el antropocentrismo. Una mentalidad que lo impulsa, tecnolog\u00edas que vienen con esa mentalidad, modelos de desarrollo que est\u00e1n detr\u00e1s de eso. Entonces, no se trata de ir a solucionar una crisis u otra crisis, cuando no nos metemos con el fondo del problema\u00bb dijo.<span class=\"v1gmail-Apple-converted-space\">\u00a0<\/span><\/span><\/p>\n<p class=\"v1MsoNormal\" style=\"text-align: justify;\"><span lang=\"X-NONE\">Por \u00faltimo, el<span class=\"v1gmail-Apple-converted-space\">\u00a0<\/span>presidente de Codesa Erwin Sandoval,<span class=\"v1gmail-Apple-converted-space\">\u00a0<\/span>aclar\u00f3 que muchas de las ideas y principios de responsabilidad ambiental que desde hace mucho se vienen asumiendo como parte del sentido com\u00fan, incluso en Ays\u00e9n,\u00a0<span class=\"v1gmail-Apple-converted-space\">\u00a0<\/span>est\u00e1n en entredicho. \u00abHoy d\u00eda parece no estar tan claro como un desaf\u00edo por delante. Y ah\u00ed tenemos que unirnos todos para que esa claridad y ese llamado a la acci\u00f3n realmente se materialice\u00bb, refiri\u00e9ndose a la necesidad de enfrentar la crisis clim\u00e1tica y el cuidado de la naturaleza. Y lo segundo, indic\u00f3, \u00abtenemos una materia en la cual no debieran primar los intereses de tal o cual sector productivo o econ\u00f3mico, de tal o cual sector de la sociedad. Aqu\u00ed tenemos una discusi\u00f3n en la que precisamente tiene que estar por delante el inter\u00e9s general y el inter\u00e9s del pa\u00eds en su totalidad. Y ah\u00ed tenemos que dejar un poco las mezquindades de lado\u00bb.<\/span><\/p>\n<p class=\"v1MsoNormal\" style=\"text-align: justify;\"><span lang=\"X-NONE\">Durante el seminario<span class=\"v1gmail-Apple-converted-space\">\u00a0<\/span>\u00a0se lanz\u00f3 un video animaci\u00f3n que esboza los temas abordados durante la jornada y se entreg\u00f3 una versi\u00f3n impresa del documento \u00ab<\/span><span lang=\"ES\"><a href=\"https:\/\/drive.google.com\/file\/d\/14ngfOav8Fq1Figh5NqSOAPWdtjucBqUk\/view?usp=sharing\" target=\"_blank\" rel=\"noopener noreferrer\"><span lang=\"X-NONE\">Crisis Clim\u00e1tica en Ays\u00e9n: Desaf\u00edos y Propuestas desde la Ciudadan\u00eda y la Academia<\/span><\/a><\/span><span lang=\"X-NONE\">\u00ab, que se elabor\u00f3 en colaboraci\u00f3n con la Universidad de Ays\u00e9n.\u00a0La grabaci\u00f3n completa de la actividad qued\u00f3 disponible en la p\u00e1gina de<span class=\"v1gmail-Apple-converted-space\">\u00a0<\/span><\/span><span lang=\"ES\"><a href=\"https:\/\/www.facebook.com\/CodesaAysen\/posts\/pfbid029NMDJ6JBGsPqQRMFQXuWx7Kd4xNDno2y11JfT1T2wFKE44BPn6CbC8c2Tz4iDZ72l\" target=\"_blank\" rel=\"noopener noreferrer\"><span lang=\"X-NONE\">FB de CODESA<\/span><\/a><\/span><span lang=\"X-NONE\">, mientras que las presentaciones fueron enviadas a todos los participantes inscritos.<\/span><\/p>\n<\/div><\/section><\/div><div  style='height:50px' class='hr hr-invisible   avia-builder-el-6  el_after_av_one_full  el_before_av_social_share '><span class='hr-inner ' ><span class='hr-inner-style'><\/span><\/span><\/div><\/p>\n<div  class='av-social-sharing-box  avia-builder-el-7  el_after_av_hr  el_before_av_hr  '><div class='av-share-box'><h5 class='av-share-link-description av-no-toc '>Compartir esta noticia<\/h5><ul class='av-share-box-list noLightbox'><li class='av-share-link av-social-link-facebook' ><a target=\"_blank\" aria-label=\"Compartir en Facebook\" href='https:\/\/www.facebook.com\/sharer.php?u=https:\/\/radiorevelacionfm.cl\/?p=36028&#038;t=Cuidar%20la%20naturaleza%3A%20La%20opci%C3%B3n%20m%C3%A1s%20eficiente%20para%20enfrentar%20el%20cambio%20clim%C3%A1tico' aria-hidden='false' data-av_icon='\ue8f3' data-av_iconfont='entypo-fontello' title='' data-avia-related-tooltip='Compartir en Facebook' rel=\"noopener\"><span class='avia_hidden_link_text'>Compartir en Facebook<\/span><\/a><\/li><li class='av-share-link av-social-link-twitter' ><a target=\"_blank\" aria-label=\"Compartir en Twitter\" href='https:\/\/twitter.com\/share?text=Cuidar%20la%20naturaleza%3A%20La%20opci%C3%B3n%20m%C3%A1s%20eficiente%20para%20enfrentar%20el%20cambio%20clim%C3%A1tico&#038;url=https:\/\/radiorevelacionfm.cl\/?p=36028' aria-hidden='false' data-av_icon='\ue8f1' data-av_iconfont='entypo-fontello' title='' data-avia-related-tooltip='Compartir en Twitter' rel=\"noopener\"><span class='avia_hidden_link_text'>Compartir en Twitter<\/span><\/a><\/li><li class='av-share-link av-social-link-whatsapp' ><a target=\"_blank\" aria-label=\"Compartir en Whatsapp\" href='https:\/\/api.whatsapp.com\/send?text=https:\/\/radiorevelacionfm.cl\/?p=36028' aria-hidden='false' data-av_icon='\uf232' data-av_iconfont='entypo-fontello' title='' data-avia-related-tooltip='Compartir en Whatsapp' rel=\"noopener\"><span class='avia_hidden_link_text'>Compartir en Whatsapp<\/span><\/a><\/li><li class='av-share-link av-social-link-linkedin' ><a target=\"_blank\" aria-label=\"Compartir en LinkedIn\" href='https:\/\/linkedin.com\/shareArticle?mini=true&#038;title=Cuidar%20la%20naturaleza%3A%20La%20opci%C3%B3n%20m%C3%A1s%20eficiente%20para%20enfrentar%20el%20cambio%20clim%C3%A1tico&#038;url=https:\/\/radiorevelacionfm.cl\/?p=36028' aria-hidden='false' data-av_icon='\ue8fc' data-av_iconfont='entypo-fontello' title='' data-avia-related-tooltip='Compartir en LinkedIn' rel=\"noopener\"><span class='avia_hidden_link_text'>Compartir en LinkedIn<\/span><\/a><\/li><li class='av-share-link av-social-link-mail' ><a  aria-label=\"Compartir por correo\" href='mailto:?subject=Cuidar%20la%20naturaleza%3A%20La%20opci%C3%B3n%20m%C3%A1s%20eficiente%20para%20enfrentar%20el%20cambio%20clim%C3%A1tico&#038;body=https:\/\/radiorevelacionfm.cl\/?p=36028' aria-hidden='false' data-av_icon='\ue805' data-av_iconfont='entypo-fontello' title='' data-avia-related-tooltip='Compartir por correo'><span class='avia_hidden_link_text'>Compartir por correo<\/span><\/a><\/li><\/ul><\/div><\/div>\n<div  style='height:50px' class='hr hr-invisible   avia-builder-el-8  el_after_av_social_share  el_before_av_comments_list '><span class='hr-inner ' ><span class='hr-inner-style'><\/span><\/span><\/div>\n<div  class='av-buildercomment  av-blog-meta-html-info-disabled av-blog-meta-tag-disabled  '><\/div>\n","protected":false},"excerpt":{"rendered":"","protected":false},"author":1,"featured_media":36029,"comment_status":"open","ping_status":"open","sticky":false,"template":"","format":"standard","meta":{"footnotes":""},"categories":[39],"tags":[],"class_list":["post-36028","post","type-post","status-publish","format-standard","has-post-thumbnail","hentry","category-medio-ambiente"],"jetpack_featured_media_url":"https:\/\/radiorevelacionfm.cl\/wp-content\/uploads\/2023\/10\/img_8455-1_optimized.jpg","_links":{"self":[{"href":"https:\/\/radiorevelacionfm.cl\/index.php?rest_route=\/wp\/v2\/posts\/36028","targetHints":{"allow":["GET"]}}],"collection":[{"href":"https:\/\/radiorevelacionfm.cl\/index.php?rest_route=\/wp\/v2\/posts"}],"about":[{"href":"https:\/\/radiorevelacionfm.cl\/index.php?rest_route=\/wp\/v2\/types\/post"}],"author":[{"embeddable":true,"href":"https:\/\/radiorevelacionfm.cl\/index.php?rest_route=\/wp\/v2\/users\/1"}],"replies":[{"embeddable":true,"href":"https:\/\/radiorevelacionfm.cl\/index.php?rest_route=%2Fwp%2Fv2%2Fcomments&post=36028"}],"version-history":[{"count":1,"href":"https:\/\/radiorevelacionfm.cl\/index.php?rest_route=\/wp\/v2\/posts\/36028\/revisions"}],"predecessor-version":[{"id":36030,"href":"https:\/\/radiorevelacionfm.cl\/index.php?rest_route=\/wp\/v2\/posts\/36028\/revisions\/36030"}],"wp:featuredmedia":[{"embeddable":true,"href":"https:\/\/radiorevelacionfm.cl\/index.php?rest_route=\/wp\/v2\/media\/36029"}],"wp:attachment":[{"href":"https:\/\/radiorevelacionfm.cl\/index.php?rest_route=%2Fwp%2Fv2%2Fmedia&parent=36028"}],"wp:term":[{"taxonomy":"category","embeddable":true,"href":"https:\/\/radiorevelacionfm.cl\/index.php?rest_route=%2Fwp%2Fv2%2Fcategories&post=36028"},{"taxonomy":"post_tag","embeddable":true,"href":"https:\/\/radiorevelacionfm.cl\/index.php?rest_route=%2Fwp%2Fv2%2Ftags&post=36028"}],"curies":[{"name":"wp","href":"https:\/\/api.w.org\/{rel}","templated":true}]}}