{"id":3597,"date":"2021-04-28T15:23:36","date_gmt":"2021-04-28T18:23:36","guid":{"rendered":"https:\/\/radiorevelacionfm.cl\/?p=3597"},"modified":"2021-04-28T15:42:12","modified_gmt":"2021-04-28T18:42:12","slug":"un-79-de-los-funcionarios-de-educacion-se-han-vacunado-con-ambas-dosis-contra-el-covid-19-en-la-region","status":"publish","type":"post","link":"https:\/\/radiorevelacionfm.cl\/?p=3597","title":{"rendered":"Un 79% de los funcionarios de educaci\u00f3n se han vacunado con ambas dosis contra el Covid-19 en la regi\u00f3n"},"content":{"rendered":"<div class=\"flex_column av_one_full  flex_column_div av-zero-column-padding first  avia-builder-el-0  el_before_av_one_full  avia-builder-el-first  \" style='border-radius:0px; '><div  class='avia-image-container  av-styling-    avia-builder-el-1  avia-builder-el-no-sibling  avia-align-center '  itemprop=\"image\" itemscope=\"itemscope\" itemtype=\"https:\/\/schema.org\/ImageObject\"  ><div class='avia-image-container-inner'><div class='avia-image-overlay-wrap'><img decoding=\"async\" class='wp-image-0 avia-img-lazy-loading-not-0 avia_image' src=\"https:\/\/radiorevelacionfm.cl\/wp-content\/uploads\/2021\/04\/seremi2-1_optimized.jpg\" alt='' title=''   itemprop=\"thumbnailUrl\"  \/><\/div><\/div><\/div><\/div>\n<div class=\"flex_column av_one_full  flex_column_div av-zero-column-padding first  avia-builder-el-2  el_after_av_one_full  el_before_av_one_full  column-top-margin\" style='border-radius:0px; '><section class=\"av_textblock_section \"  itemscope=\"itemscope\" itemtype=\"https:\/\/schema.org\/BlogPosting\" itemprop=\"blogPost\" ><div class='avia_textblock  '   itemprop=\"text\" ><p style=\"text-align: center;\"><strong><span style=\"font-size: 18pt;\">Un 79% de los funcionarios de educaci\u00f3n se han vacunado con ambas dosis contra el Covid-19 en la regi\u00f3n<\/span><\/strong><\/p>\n<div id=\"gtx-trans\" style=\"position: absolute; left: -50px; top: 4.31534px;\">\n<div class=\"gtx-trans-icon\"><\/div>\n<\/div>\n<\/div><\/section><\/div>\n<div class=\"flex_column av_one_full  flex_column_div av-zero-column-padding first  avia-builder-el-4  el_after_av_one_full  el_before_av_hr  column-top-margin\" style='border-radius:0px; '><section class=\"av_textblock_section \"  itemscope=\"itemscope\" itemtype=\"https:\/\/schema.org\/BlogPosting\" itemprop=\"blogPost\" ><div class='avia_textblock  '   itemprop=\"text\" ><p class=\"v1MsoNormal\" style=\"text-align: justify;\" align=\"center\"><span lang=\"ES\">El Seremi de Educaci\u00f3n Sergio Becerra Mera\u00a0detall\u00f3 que gracias a la priorizaci\u00f3n hecha por el Gobierno, ya son m\u00e1s de 3.600 personas las que han recibido las dos dosis de vacunas.<\/span><\/p>\n<p class=\"v1MsoNormal\" style=\"text-align: justify;\" align=\"center\"><span lang=\"ES\">A paso firme continua el proceso de vacunaci\u00f3n\u00a0<\/span><span lang=\"ES\">contra el Covid-19 para los trabajadores de la educaci\u00f3n, el que comenz\u00f3 el pasado 15 de febrero, luego que el Gobierno priorizara dentro del 30% de la poblaci\u00f3n a\u00a0<\/span>profesores, asistentes de la educaci\u00f3n, educadores, directivos, administrativos y manipuladores de alimentos.<\/p>\n<p class=\"v1MsoNormal\" style=\"text-align: justify;\"><span lang=\"ES\">Seg\u00fan las cifras entregadas por el Ministerio de Educaci\u00f3n, en la regi\u00f3n de Ays\u00e9n, a trav\u00e9s del Seremi Sergio Becerra Mera ya han sido inoculados con ambas dosis el 79%, lo que equivale a\u00a0<\/span>3.698 funcionarios.<\/p>\n<p class=\"v1MsoNormal\" style=\"text-align: justify;\"><span lang=\"ES\">Adem\u00e1s, la autoridad regional inform\u00f3 que si se desglosa la cifra por funciones dentro de los establecimientos educacionales \u00a0ya est\u00e1n vacunados con ambas dosis el 78% de los asistentes de la educaci\u00f3n; el 82% de los docentes y directivos; el 85% de los educadores de p\u00e1rvulos; el 75% de los manipuladores de alimentos y el 77% de los t\u00e9cnicos en p\u00e1rvulos.\u00a0<\/span><\/p>\n<p class=\"v1MsoNormal\" style=\"text-align: justify;\"><span lang=\"ES\">En ese sentido, detall\u00f3 que son los funcionarios de la educaci\u00f3n particular pagada quienes lideran la vacunaci\u00f3n con el 100% \u00a0de inoculados con ambas dosis. Le sigue el sector Municipal con 80% de vacunados, la educaci\u00f3n particular subvencionada alcanza el 79%, y los jardines infantiles llegan al 77%.<\/span><\/p>\n<p class=\"v1MsoNormal\" style=\"text-align: justify;\"><span lang=\"ES\">En tanto, por rango etario la poblaci\u00f3n con mayor nivel de vacunaci\u00f3n son los trabajadores mayores de 65 a\u00f1os (96%), mientras que los j\u00f3venes entre 18 y 24 a\u00f1os son los que menos lo han hecho (59%). Ante esto la autoridad hizo un llamado a la responsabilidad para que los j\u00f3venes se acerquen a los vacunatorios para completar el proceso de vacunaci\u00f3n y as\u00ed protegerse de manera efectiva a ellos y sus familias.\u00a0<\/span><\/p>\n<p class=\"v1MsoNormal\" style=\"text-align: justify;\"><span lang=\"ES\">El seremi record\u00f3 que en el pa\u00eds se han vacunado con ambas dosis al 82% de los trabajadores de la educaci\u00f3n, lo que equivale a 421.680 personas.\u00a0<\/span><\/p>\n<p class=\"v1MsoNormal\" style=\"text-align: justify;\"><span lang=\"ES\">\u00abEl r\u00e1pido avance del proceso ha demostrado que para el Gobierno la educaci\u00f3n es una prioridad, que adem\u00e1s permite entregar confianza a las familias y a toda la comunidad educativa para incentivar a que los estudiantes vuelvan a las aulas para continuar con sus aprendizajes y socializaci\u00f3n, lo que es fundamental para su salud socioemocional\u00bb, se\u00f1al\u00f3\u00a0 finalmente la autoridad sectorial regional.\u00a0<\/span><\/p>\n<\/div><\/section><\/div><div  style='height:50px' class='hr hr-invisible   avia-builder-el-6  el_after_av_one_full  el_before_av_social_share '><span class='hr-inner ' ><span class='hr-inner-style'><\/span><\/span><\/div><\/p>\n<div  class='av-social-sharing-box  avia-builder-el-7  el_after_av_hr  el_before_av_hr  '><div class='av-share-box'><h5 class='av-share-link-description av-no-toc '>Compartir esta noticia<\/h5><ul class='av-share-box-list noLightbox'><li class='av-share-link av-social-link-facebook' ><a target=\"_blank\" aria-label=\"Compartir en Facebook\" href='https:\/\/www.facebook.com\/sharer.php?u=https:\/\/radiorevelacionfm.cl\/?p=3597&#038;t=Un%2079%25%20de%20los%20funcionarios%20de%20educaci%C3%B3n%20se%20han%20vacunado%20con%20ambas%20dosis%20contra%20el%20Covid-19%20en%20la%20regi%C3%B3n' aria-hidden='false' data-av_icon='\ue8f3' data-av_iconfont='entypo-fontello' title='' data-avia-related-tooltip='Compartir en Facebook' rel=\"noopener\"><span class='avia_hidden_link_text'>Compartir en Facebook<\/span><\/a><\/li><li class='av-share-link av-social-link-twitter' ><a target=\"_blank\" aria-label=\"Compartir en Twitter\" href='https:\/\/twitter.com\/share?text=Un%2079%25%20de%20los%20funcionarios%20de%20educaci%C3%B3n%20se%20han%20vacunado%20con%20ambas%20dosis%20contra%20el%20Covid-19%20en%20la%20regi%C3%B3n&#038;url=https:\/\/radiorevelacionfm.cl\/?p=3597' aria-hidden='false' data-av_icon='\ue8f1' data-av_iconfont='entypo-fontello' title='' data-avia-related-tooltip='Compartir en Twitter' rel=\"noopener\"><span class='avia_hidden_link_text'>Compartir en Twitter<\/span><\/a><\/li><li class='av-share-link av-social-link-whatsapp' ><a target=\"_blank\" aria-label=\"Compartir en Whatsapp\" href='https:\/\/api.whatsapp.com\/send?text=https:\/\/radiorevelacionfm.cl\/?p=3597' aria-hidden='false' data-av_icon='\uf232' data-av_iconfont='entypo-fontello' title='' data-avia-related-tooltip='Compartir en Whatsapp' rel=\"noopener\"><span class='avia_hidden_link_text'>Compartir en Whatsapp<\/span><\/a><\/li><li class='av-share-link av-social-link-linkedin' ><a target=\"_blank\" aria-label=\"Compartir en LinkedIn\" href='https:\/\/linkedin.com\/shareArticle?mini=true&#038;title=Un%2079%25%20de%20los%20funcionarios%20de%20educaci%C3%B3n%20se%20han%20vacunado%20con%20ambas%20dosis%20contra%20el%20Covid-19%20en%20la%20regi%C3%B3n&#038;url=https:\/\/radiorevelacionfm.cl\/?p=3597' aria-hidden='false' data-av_icon='\ue8fc' data-av_iconfont='entypo-fontello' title='' data-avia-related-tooltip='Compartir en LinkedIn' rel=\"noopener\"><span class='avia_hidden_link_text'>Compartir en LinkedIn<\/span><\/a><\/li><li class='av-share-link av-social-link-mail' ><a  aria-label=\"Compartir por correo\" href='mailto:?subject=Un%2079%25%20de%20los%20funcionarios%20de%20educaci%C3%B3n%20se%20han%20vacunado%20con%20ambas%20dosis%20contra%20el%20Covid-19%20en%20la%20regi%C3%B3n&#038;body=https:\/\/radiorevelacionfm.cl\/?p=3597' aria-hidden='false' data-av_icon='\ue805' data-av_iconfont='entypo-fontello' title='' data-avia-related-tooltip='Compartir por correo'><span class='avia_hidden_link_text'>Compartir por correo<\/span><\/a><\/li><\/ul><\/div><\/div>\n<div  style='height:50px' class='hr hr-invisible   avia-builder-el-8  el_after_av_social_share  el_before_av_comments_list '><span class='hr-inner ' ><span class='hr-inner-style'><\/span><\/span><\/div>\n<div  class='av-buildercomment  av-blog-meta-html-info-disabled av-blog-meta-tag-disabled  '><\/div>\n","protected":false},"excerpt":{"rendered":"","protected":false},"author":1,"featured_media":0,"comment_status":"open","ping_status":"open","sticky":false,"template":"","format":"standard","meta":{"footnotes":""},"categories":[49],"tags":[],"class_list":["post-3597","post","type-post","status-publish","format-standard","hentry","category-educacion"],"jetpack_featured_media_url":"","_links":{"self":[{"href":"https:\/\/radiorevelacionfm.cl\/index.php?rest_route=\/wp\/v2\/posts\/3597","targetHints":{"allow":["GET"]}}],"collection":[{"href":"https:\/\/radiorevelacionfm.cl\/index.php?rest_route=\/wp\/v2\/posts"}],"about":[{"href":"https:\/\/radiorevelacionfm.cl\/index.php?rest_route=\/wp\/v2\/types\/post"}],"author":[{"embeddable":true,"href":"https:\/\/radiorevelacionfm.cl\/index.php?rest_route=\/wp\/v2\/users\/1"}],"replies":[{"embeddable":true,"href":"https:\/\/radiorevelacionfm.cl\/index.php?rest_route=%2Fwp%2Fv2%2Fcomments&post=3597"}],"version-history":[{"count":3,"href":"https:\/\/radiorevelacionfm.cl\/index.php?rest_route=\/wp\/v2\/posts\/3597\/revisions"}],"predecessor-version":[{"id":3602,"href":"https:\/\/radiorevelacionfm.cl\/index.php?rest_route=\/wp\/v2\/posts\/3597\/revisions\/3602"}],"wp:attachment":[{"href":"https:\/\/radiorevelacionfm.cl\/index.php?rest_route=%2Fwp%2Fv2%2Fmedia&parent=3597"}],"wp:term":[{"taxonomy":"category","embeddable":true,"href":"https:\/\/radiorevelacionfm.cl\/index.php?rest_route=%2Fwp%2Fv2%2Fcategories&post=3597"},{"taxonomy":"post_tag","embeddable":true,"href":"https:\/\/radiorevelacionfm.cl\/index.php?rest_route=%2Fwp%2Fv2%2Ftags&post=3597"}],"curies":[{"name":"wp","href":"https:\/\/api.w.org\/{rel}","templated":true}]}}