{"id":35959,"date":"2023-10-16T18:16:00","date_gmt":"2023-10-16T21:16:00","guid":{"rendered":"https:\/\/radiorevelacionfm.cl\/?p=35959"},"modified":"2023-10-16T18:21:13","modified_gmt":"2023-10-16T21:21:13","slug":"investigan-hallazgo-de-un-feto-en-camara-de-alcantarillado-en-puerto-aysen","status":"publish","type":"post","link":"https:\/\/radiorevelacionfm.cl\/?p=35959","title":{"rendered":"Investigan hallazgo de un feto en c\u00e1mara del alcantarillado en Puerto Ays\u00e9n"},"content":{"rendered":"<div class=\"flex_column av_one_full  flex_column_div av-zero-column-padding first  avia-builder-el-0  el_before_av_one_full  avia-builder-el-first  \" style='border-radius:0px; '><div  class='avia-image-container  av-styling-    avia-builder-el-1  avia-builder-el-no-sibling  avia-align-center '  itemprop=\"image\" itemscope=\"itemscope\" itemtype=\"https:\/\/schema.org\/ImageObject\"  ><div class='avia-image-container-inner'><div class='avia-image-overlay-wrap'><img decoding=\"async\" class='wp-image-35960 avia-img-lazy-loading-not-35960 avia_image' src=\"https:\/\/radiorevelacionfm.cl\/wp-content\/uploads\/2023\/10\/LACRIM-PUERTO-AYSEN-X-FETO-1-1.jpeg\" alt='' title='LACRIM PUERTO AYS\u00c9N X FETO (1) (1)' height=\"600\" width=\"800\"  itemprop=\"thumbnailUrl\" srcset=\"https:\/\/radiorevelacionfm.cl\/wp-content\/uploads\/2023\/10\/LACRIM-PUERTO-AYSEN-X-FETO-1-1.jpeg 800w, https:\/\/radiorevelacionfm.cl\/wp-content\/uploads\/2023\/10\/LACRIM-PUERTO-AYSEN-X-FETO-1-1-300x225.jpeg 300w, https:\/\/radiorevelacionfm.cl\/wp-content\/uploads\/2023\/10\/LACRIM-PUERTO-AYSEN-X-FETO-1-1-768x576.jpeg 768w, https:\/\/radiorevelacionfm.cl\/wp-content\/uploads\/2023\/10\/LACRIM-PUERTO-AYSEN-X-FETO-1-1-705x529.jpeg 705w, https:\/\/radiorevelacionfm.cl\/wp-content\/uploads\/2023\/10\/LACRIM-PUERTO-AYSEN-X-FETO-1-1-450x338.jpeg 450w, https:\/\/radiorevelacionfm.cl\/wp-content\/uploads\/2023\/10\/LACRIM-PUERTO-AYSEN-X-FETO-1-1-600x450.jpeg 600w\" sizes=\"(max-width: 800px) 100vw, 800px\" \/><\/div><\/div><\/div><\/div>\n<div class=\"flex_column av_one_full  flex_column_div av-zero-column-padding first  avia-builder-el-2  el_after_av_one_full  el_before_av_one_full  column-top-margin\" style='border-radius:0px; '><section class=\"av_textblock_section \"  itemscope=\"itemscope\" itemtype=\"https:\/\/schema.org\/BlogPosting\" itemprop=\"blogPost\" ><div class='avia_textblock  '   itemprop=\"text\" ><p style=\"text-align: center;\"><strong><span style=\"font-size: 18pt;\">PDI investiga hallazgo de un feto en c\u00e1mara del alcantarillado en Puerto Ays\u00e9n<\/span><\/strong><\/p>\n<div id=\"gtx-trans\" style=\"position: absolute; left: -50px; top: 4.31534px;\">\n<div class=\"gtx-trans-icon\"><\/div>\n<\/div>\n<\/div><\/section><\/div><div class=\"flex_column av_one_full  flex_column_div av-zero-column-padding first  avia-builder-el-4  el_after_av_one_full  el_before_av_hr  column-top-margin\" style='border-radius:0px; '><section class=\"av_textblock_section \"  itemscope=\"itemscope\" itemtype=\"https:\/\/schema.org\/BlogPosting\" itemprop=\"blogPost\" ><div class='avia_textblock  '   itemprop=\"text\" ><p style=\"text-align: justify;\">A ra\u00edz del hallazgo de un feto por trabajadores de la empresa Aguas Patagonia en Puerto Ays\u00e9n cuando se encontraban realizando trabajos de alcantarillados en el sector Ribera Sur, la Brigada de Homicidios (BH) de Coyhaique, a cargo de la investigaci\u00f3n, en conjunto con el Laboratorio de Criminal\u00edstica (Lacrim) Regional Coyhaique de la PDI, realizaron las primeras diligencias en terreno para esclarecer los hechos ocurridos.<\/p>\n<p style=\"text-align: justify;\">\u00abA las 10 horas del d\u00eda de hoy, \u00a0se recibi\u00f3 un llamado por parte del jefe de la Brigada de Investigaci\u00f3n Criminal (Bicrim) Ays\u00e9n, solicitando la concurrencia de la BH por requerimiento del fiscal Pedro Poblete para que concurrieran a la ribera sur de Puerto Ays\u00e9n, donde se habr\u00eda encontrado un feto de aproximadamente 20 cm al interior de una de las c\u00e1maras de alcantarillado de la empresa Aguas Patagonia, el que habr\u00eda sido encontrado por uno de los trabajadores que se encontraban haciendo mantenci\u00f3n en la c\u00e1mara dando aviso a la PDI a trav\u00e9s del n\u00famero 134. Al llegar personal de la Brigada de Homicidios, realizamos un reconocimiento externo al cuerpo, constatando que efectivamente se trataba de un feto, de aproximadamente 23 cm de largo, de sexo masculino, que se encontraba al interior de un balde con otros desechos que hab\u00edan sacado de la misma c\u00e1mara de alcantarillado.<\/p>\n<p style=\"text-align: justify;\">De acuerdo a las diligencias que se realizaron, se puede establecer m\u00e1s o menos la data de muerte, entre cuatro a seis horas y se contin\u00faan las diligencias para establecer la posible identidad de la madre del feto y las circunstancias en que ocurrieron los hechos que terminaron con el fallecimiento del feto.\u00bb<\/p>\n<\/div><\/section><\/div><\/p>\n<div  style='height:50px' class='hr hr-invisible   avia-builder-el-6  el_after_av_one_full  el_before_av_social_share '><span class='hr-inner ' ><span class='hr-inner-style'><\/span><\/span><\/div>\n<div  class='av-social-sharing-box  avia-builder-el-7  el_after_av_hr  el_before_av_hr  '><div class='av-share-box'><h5 class='av-share-link-description av-no-toc '>Compartir esta noticia<\/h5><ul class='av-share-box-list noLightbox'><li class='av-share-link av-social-link-facebook' ><a target=\"_blank\" aria-label=\"Compartir en Facebook\" href='https:\/\/www.facebook.com\/sharer.php?u=https:\/\/radiorevelacionfm.cl\/?p=35959&#038;t=Investigan%20hallazgo%20de%20un%20feto%20en%20c%C3%A1mara%20del%20alcantarillado%20en%20Puerto%20Ays%C3%A9n' aria-hidden='false' data-av_icon='\ue8f3' data-av_iconfont='entypo-fontello' title='' data-avia-related-tooltip='Compartir en Facebook' rel=\"noopener\"><span class='avia_hidden_link_text'>Compartir en Facebook<\/span><\/a><\/li><li class='av-share-link av-social-link-twitter' ><a target=\"_blank\" aria-label=\"Compartir en Twitter\" href='https:\/\/twitter.com\/share?text=Investigan%20hallazgo%20de%20un%20feto%20en%20c%C3%A1mara%20del%20alcantarillado%20en%20Puerto%20Ays%C3%A9n&#038;url=https:\/\/radiorevelacionfm.cl\/?p=35959' aria-hidden='false' data-av_icon='\ue8f1' data-av_iconfont='entypo-fontello' title='' data-avia-related-tooltip='Compartir en Twitter' rel=\"noopener\"><span class='avia_hidden_link_text'>Compartir en Twitter<\/span><\/a><\/li><li class='av-share-link av-social-link-whatsapp' ><a target=\"_blank\" aria-label=\"Compartir en Whatsapp\" href='https:\/\/api.whatsapp.com\/send?text=https:\/\/radiorevelacionfm.cl\/?p=35959' aria-hidden='false' data-av_icon='\uf232' data-av_iconfont='entypo-fontello' title='' data-avia-related-tooltip='Compartir en Whatsapp' rel=\"noopener\"><span class='avia_hidden_link_text'>Compartir en Whatsapp<\/span><\/a><\/li><li class='av-share-link av-social-link-linkedin' ><a target=\"_blank\" aria-label=\"Compartir en LinkedIn\" href='https:\/\/linkedin.com\/shareArticle?mini=true&#038;title=Investigan%20hallazgo%20de%20un%20feto%20en%20c%C3%A1mara%20del%20alcantarillado%20en%20Puerto%20Ays%C3%A9n&#038;url=https:\/\/radiorevelacionfm.cl\/?p=35959' aria-hidden='false' data-av_icon='\ue8fc' data-av_iconfont='entypo-fontello' title='' data-avia-related-tooltip='Compartir en LinkedIn' rel=\"noopener\"><span class='avia_hidden_link_text'>Compartir en LinkedIn<\/span><\/a><\/li><li class='av-share-link av-social-link-mail' ><a  aria-label=\"Compartir por correo\" href='mailto:?subject=Investigan%20hallazgo%20de%20un%20feto%20en%20c%C3%A1mara%20del%20alcantarillado%20en%20Puerto%20Ays%C3%A9n&#038;body=https:\/\/radiorevelacionfm.cl\/?p=35959' aria-hidden='false' data-av_icon='\ue805' data-av_iconfont='entypo-fontello' title='' data-avia-related-tooltip='Compartir por correo'><span class='avia_hidden_link_text'>Compartir por correo<\/span><\/a><\/li><\/ul><\/div><\/div>\n<div  style='height:50px' class='hr hr-invisible   avia-builder-el-8  el_after_av_social_share  el_before_av_comments_list '><span class='hr-inner ' ><span class='hr-inner-style'><\/span><\/span><\/div>\n<div  class='av-buildercomment  av-blog-meta-html-info-disabled av-blog-meta-tag-disabled  '><\/div>\n","protected":false},"excerpt":{"rendered":"","protected":false},"author":1,"featured_media":35960,"comment_status":"open","ping_status":"open","sticky":false,"template":"","format":"standard","meta":{"footnotes":""},"categories":[36],"tags":[],"class_list":["post-35959","post","type-post","status-publish","format-standard","has-post-thumbnail","hentry","category-policial"],"jetpack_featured_media_url":"https:\/\/radiorevelacionfm.cl\/wp-content\/uploads\/2023\/10\/LACRIM-PUERTO-AYSEN-X-FETO-1-1.jpeg","_links":{"self":[{"href":"https:\/\/radiorevelacionfm.cl\/index.php?rest_route=\/wp\/v2\/posts\/35959","targetHints":{"allow":["GET"]}}],"collection":[{"href":"https:\/\/radiorevelacionfm.cl\/index.php?rest_route=\/wp\/v2\/posts"}],"about":[{"href":"https:\/\/radiorevelacionfm.cl\/index.php?rest_route=\/wp\/v2\/types\/post"}],"author":[{"embeddable":true,"href":"https:\/\/radiorevelacionfm.cl\/index.php?rest_route=\/wp\/v2\/users\/1"}],"replies":[{"embeddable":true,"href":"https:\/\/radiorevelacionfm.cl\/index.php?rest_route=%2Fwp%2Fv2%2Fcomments&post=35959"}],"version-history":[{"count":2,"href":"https:\/\/radiorevelacionfm.cl\/index.php?rest_route=\/wp\/v2\/posts\/35959\/revisions"}],"predecessor-version":[{"id":35962,"href":"https:\/\/radiorevelacionfm.cl\/index.php?rest_route=\/wp\/v2\/posts\/35959\/revisions\/35962"}],"wp:featuredmedia":[{"embeddable":true,"href":"https:\/\/radiorevelacionfm.cl\/index.php?rest_route=\/wp\/v2\/media\/35960"}],"wp:attachment":[{"href":"https:\/\/radiorevelacionfm.cl\/index.php?rest_route=%2Fwp%2Fv2%2Fmedia&parent=35959"}],"wp:term":[{"taxonomy":"category","embeddable":true,"href":"https:\/\/radiorevelacionfm.cl\/index.php?rest_route=%2Fwp%2Fv2%2Fcategories&post=35959"},{"taxonomy":"post_tag","embeddable":true,"href":"https:\/\/radiorevelacionfm.cl\/index.php?rest_route=%2Fwp%2Fv2%2Ftags&post=35959"}],"curies":[{"name":"wp","href":"https:\/\/api.w.org\/{rel}","templated":true}]}}