{"id":35955,"date":"2023-10-17T10:25:13","date_gmt":"2023-10-17T13:25:13","guid":{"rendered":"https:\/\/radiorevelacionfm.cl\/?p=35955"},"modified":"2023-10-17T10:25:13","modified_gmt":"2023-10-17T13:25:13","slug":"capacitan-a-carabineros-de-provincia-capitan-prat-y-entrada-baker-en-normativa-de-control-de-fronteras","status":"publish","type":"post","link":"https:\/\/radiorevelacionfm.cl\/?p=35955","title":{"rendered":"Capacitan a Carabineros de Provincia Capit\u00e1n Prat y Entrada Baker en Normativa de Control de Fronteras"},"content":{"rendered":"<div class=\"flex_column av_one_full  flex_column_div av-zero-column-padding first  avia-builder-el-0  el_before_av_one_full  avia-builder-el-first  \" style='border-radius:0px; '><div  class='avia-image-container  av-styling-    avia-builder-el-1  avia-builder-el-no-sibling  avia-align-center '  itemprop=\"image\" itemscope=\"itemscope\" itemtype=\"https:\/\/schema.org\/ImageObject\"  ><div class='avia-image-container-inner'><div class='avia-image-overlay-wrap'><img decoding=\"async\" class='wp-image-35956 avia-img-lazy-loading-not-35956 avia_image' src=\"https:\/\/radiorevelacionfm.cl\/wp-content\/uploads\/2023\/10\/capacitacion-carabineros-cp-1_optimized.jpeg\" alt='' title='capacitaci\u00f3n-carabineros-cp-(1)_optimized' height=\"600\" width=\"800\"  itemprop=\"thumbnailUrl\" srcset=\"https:\/\/radiorevelacionfm.cl\/wp-content\/uploads\/2023\/10\/capacitacion-carabineros-cp-1_optimized.jpeg 800w, https:\/\/radiorevelacionfm.cl\/wp-content\/uploads\/2023\/10\/capacitacion-carabineros-cp-1_optimized-300x225.jpeg 300w, https:\/\/radiorevelacionfm.cl\/wp-content\/uploads\/2023\/10\/capacitacion-carabineros-cp-1_optimized-768x576.jpeg 768w, https:\/\/radiorevelacionfm.cl\/wp-content\/uploads\/2023\/10\/capacitacion-carabineros-cp-1_optimized-705x529.jpeg 705w, https:\/\/radiorevelacionfm.cl\/wp-content\/uploads\/2023\/10\/capacitacion-carabineros-cp-1_optimized-450x338.jpeg 450w, https:\/\/radiorevelacionfm.cl\/wp-content\/uploads\/2023\/10\/capacitacion-carabineros-cp-1_optimized-600x450.jpeg 600w\" sizes=\"(max-width: 800px) 100vw, 800px\" \/><\/div><\/div><\/div><\/div><div class=\"flex_column av_one_full  flex_column_div av-zero-column-padding first  avia-builder-el-2  el_after_av_one_full  el_before_av_one_full  column-top-margin\" style='border-radius:0px; '><section class=\"av_textblock_section \"  itemscope=\"itemscope\" itemtype=\"https:\/\/schema.org\/BlogPosting\" itemprop=\"blogPost\" ><div class='avia_textblock  '   itemprop=\"text\" ><p style=\"text-align: center;\"><strong><span style=\"font-size: 18pt;\">Capacitan a Carabineros de Provincia Capit\u00e1n Prat y Entrada Baker en Normativa de Control de Fronteras<\/span><\/strong><\/p>\n<div id=\"gtx-trans\" style=\"position: absolute; left: -50px; top: 4.31534px;\">\n<div class=\"gtx-trans-icon\"><\/div>\n<\/div>\n<\/div><\/section><\/div><div class=\"flex_column av_one_full  flex_column_div av-zero-column-padding first  avia-builder-el-4  el_after_av_one_full  el_before_av_hr  column-top-margin\" style='border-radius:0px; '><section class=\"av_textblock_section \"  itemscope=\"itemscope\" itemtype=\"https:\/\/schema.org\/BlogPosting\" itemprop=\"blogPost\" ><div class='avia_textblock  '   itemprop=\"text\" ><p style=\"text-align: justify;\">Salvaguardar el patrimonio fito y zoosanitario nacional y reforzar los procedimientos de control fronterizo en Chile son parte de los objetivos impulsado por el Servicio Agr\u00edcola y Ganadero (SAG) del Ministerio de Agricultura que recientemente realiz\u00f3 una capacitaci\u00f3n especial para los funcionarios de Carabineros en la Provincia de Capit\u00e1n Prat. En la cual participaron m\u00e1s de treinta uniformados en los talleres dirigidos por Cristi\u00e1n Lozano Espinosa, Encargado Regional de controles fronterizos del SAG.<\/p>\n<p style=\"text-align: justify;\">La capacitaci\u00f3n abord\u00f3 los protocolos de operaciones en los controles fronterizos con foco en las medidas de fiscalizaci\u00f3n implementadas para evitar la introducci\u00f3n de agentes infecciosos que podr\u00edan afectar la salud de la fauna y flora del pa\u00eds. Entre las que se abordaron normativas en el \u00e1rea pecuaria y agr\u00edcola, con \u00e9nfasis en los requisitos que deben cumplir los productos para ser considerados como de ingreso autorizado, y los riesgos inherentes a los productos que son considerados de ingreso no autorizado, es decir, aquellos que no pueden ingresar al Pa\u00eds, otro punto importante que se abord\u00f3 fue los requisitos para el ingreso y salida de animales de compa\u00f1\u00eda tradicional y no tradicional, y los diferentes tipos de certificados necesarios para estos procesos.<\/p>\n<p style=\"text-align: justify;\">\u201cEs fundamental proporcionar a carabineros conocimientos s\u00f3lidos sobre las normativas de control fronterizo para proteger y preservar nuestras fronteras a lo largo de todo el territorio. Adem\u00e1s, esta colaboraci\u00f3n es esencial para apoyar el trabajo crucial que realiza Carabineros de Chile, especialmente en zonas tan remotas de la regi\u00f3n de Ays\u00e9n\u201d, destac\u00f3 Cristi\u00e1n Lozano.<\/p>\n<p style=\"text-align: justify;\">En este sentido el Seremi de Agricultura, Alan Espinoza Ortiz, junto con destacar que la actividad se realiz\u00f3 a solicitud de la Delegada Presidencial Provincial, Marta Montiel Alarc\u00f3n, destac\u00f3 el compromiso del Servicio Agr\u00edcola y Ganadero para proteger el patrimonio fito y zoosanitario y preservar la agricultura en Ays\u00e9n.<\/p>\n<p style=\"text-align: justify;\">\u201cEn colaboraci\u00f3n estrecha con Carabineros, estamos implementando medidas concretas para evitar la entrada de agentes infecciosos que podr\u00edan amenazar nuestra fauna y flora. Estas acciones son parte de un Convenio de Colaboraci\u00f3n firmado en 2022 entre el SAG y Carabineros, donde trabajamos juntos en esta misi\u00f3n vital y en aspectos como la trazabilidad animal, la prevenci\u00f3n del abigeato y Ley de caza. Juntos, estamos fortaleciendo los procedimientos de control fronterizo para garantizar un futuro m\u00e1s seguro y saludable para Chile\u00bb sostuvo.<\/p>\n<p style=\"text-align: justify;\">Las actividades de capacitaci\u00f3n se realizaron con funcionarios\/as de los controles fronterizos de la Provincia Capit\u00e1n Prat; Paso El Mosco, Paso Mayer, Paso Dos Lagunas, en la Comuna de O\u2019Higgins y los carabineros del Control Paso Roballos en el sector de Entrada Baker de la Comuna de Cochrane.<\/p>\n<\/div><\/section><\/div><div  style='height:50px' class='hr hr-invisible   avia-builder-el-6  el_after_av_one_full  el_before_av_social_share '><span class='hr-inner ' ><span class='hr-inner-style'><\/span><\/span><\/div><\/p>\n<div  class='av-social-sharing-box  avia-builder-el-7  el_after_av_hr  el_before_av_hr  '><div class='av-share-box'><h5 class='av-share-link-description av-no-toc '>Compartir esta noticia<\/h5><ul class='av-share-box-list noLightbox'><li class='av-share-link av-social-link-facebook' ><a target=\"_blank\" aria-label=\"Compartir en Facebook\" href='https:\/\/www.facebook.com\/sharer.php?u=https:\/\/radiorevelacionfm.cl\/?p=35955&#038;t=Capacitan%20a%20Carabineros%20de%20Provincia%20Capit%C3%A1n%20Prat%20y%20Entrada%20Baker%20en%20Normativa%20de%20Control%20de%20Fronteras' aria-hidden='false' data-av_icon='\ue8f3' data-av_iconfont='entypo-fontello' title='' data-avia-related-tooltip='Compartir en Facebook' rel=\"noopener\"><span class='avia_hidden_link_text'>Compartir en Facebook<\/span><\/a><\/li><li class='av-share-link av-social-link-twitter' ><a target=\"_blank\" aria-label=\"Compartir en Twitter\" href='https:\/\/twitter.com\/share?text=Capacitan%20a%20Carabineros%20de%20Provincia%20Capit%C3%A1n%20Prat%20y%20Entrada%20Baker%20en%20Normativa%20de%20Control%20de%20Fronteras&#038;url=https:\/\/radiorevelacionfm.cl\/?p=35955' aria-hidden='false' data-av_icon='\ue8f1' data-av_iconfont='entypo-fontello' title='' data-avia-related-tooltip='Compartir en Twitter' rel=\"noopener\"><span class='avia_hidden_link_text'>Compartir en Twitter<\/span><\/a><\/li><li class='av-share-link av-social-link-whatsapp' ><a target=\"_blank\" aria-label=\"Compartir en Whatsapp\" href='https:\/\/api.whatsapp.com\/send?text=https:\/\/radiorevelacionfm.cl\/?p=35955' aria-hidden='false' data-av_icon='\uf232' data-av_iconfont='entypo-fontello' title='' data-avia-related-tooltip='Compartir en Whatsapp' rel=\"noopener\"><span class='avia_hidden_link_text'>Compartir en Whatsapp<\/span><\/a><\/li><li class='av-share-link av-social-link-linkedin' ><a target=\"_blank\" aria-label=\"Compartir en LinkedIn\" href='https:\/\/linkedin.com\/shareArticle?mini=true&#038;title=Capacitan%20a%20Carabineros%20de%20Provincia%20Capit%C3%A1n%20Prat%20y%20Entrada%20Baker%20en%20Normativa%20de%20Control%20de%20Fronteras&#038;url=https:\/\/radiorevelacionfm.cl\/?p=35955' aria-hidden='false' data-av_icon='\ue8fc' data-av_iconfont='entypo-fontello' title='' data-avia-related-tooltip='Compartir en LinkedIn' rel=\"noopener\"><span class='avia_hidden_link_text'>Compartir en LinkedIn<\/span><\/a><\/li><li class='av-share-link av-social-link-mail' ><a  aria-label=\"Compartir por correo\" href='mailto:?subject=Capacitan%20a%20Carabineros%20de%20Provincia%20Capit%C3%A1n%20Prat%20y%20Entrada%20Baker%20en%20Normativa%20de%20Control%20de%20Fronteras&#038;body=https:\/\/radiorevelacionfm.cl\/?p=35955' aria-hidden='false' data-av_icon='\ue805' data-av_iconfont='entypo-fontello' title='' data-avia-related-tooltip='Compartir por correo'><span class='avia_hidden_link_text'>Compartir por correo<\/span><\/a><\/li><\/ul><\/div><\/div>\n<div  style='height:50px' class='hr hr-invisible   avia-builder-el-8  el_after_av_social_share  el_before_av_comments_list '><span class='hr-inner ' ><span class='hr-inner-style'><\/span><\/span><\/div>\n<div  class='av-buildercomment  av-blog-meta-html-info-disabled av-blog-meta-tag-disabled  '><\/div>\n","protected":false},"excerpt":{"rendered":"","protected":false},"author":1,"featured_media":35956,"comment_status":"open","ping_status":"open","sticky":false,"template":"","format":"standard","meta":{"footnotes":""},"categories":[38],"tags":[],"class_list":["post-35955","post","type-post","status-publish","format-standard","has-post-thumbnail","hentry","category-regional"],"jetpack_featured_media_url":"https:\/\/radiorevelacionfm.cl\/wp-content\/uploads\/2023\/10\/capacitacion-carabineros-cp-1_optimized.jpeg","_links":{"self":[{"href":"https:\/\/radiorevelacionfm.cl\/index.php?rest_route=\/wp\/v2\/posts\/35955","targetHints":{"allow":["GET"]}}],"collection":[{"href":"https:\/\/radiorevelacionfm.cl\/index.php?rest_route=\/wp\/v2\/posts"}],"about":[{"href":"https:\/\/radiorevelacionfm.cl\/index.php?rest_route=\/wp\/v2\/types\/post"}],"author":[{"embeddable":true,"href":"https:\/\/radiorevelacionfm.cl\/index.php?rest_route=\/wp\/v2\/users\/1"}],"replies":[{"embeddable":true,"href":"https:\/\/radiorevelacionfm.cl\/index.php?rest_route=%2Fwp%2Fv2%2Fcomments&post=35955"}],"version-history":[{"count":1,"href":"https:\/\/radiorevelacionfm.cl\/index.php?rest_route=\/wp\/v2\/posts\/35955\/revisions"}],"predecessor-version":[{"id":35957,"href":"https:\/\/radiorevelacionfm.cl\/index.php?rest_route=\/wp\/v2\/posts\/35955\/revisions\/35957"}],"wp:featuredmedia":[{"embeddable":true,"href":"https:\/\/radiorevelacionfm.cl\/index.php?rest_route=\/wp\/v2\/media\/35956"}],"wp:attachment":[{"href":"https:\/\/radiorevelacionfm.cl\/index.php?rest_route=%2Fwp%2Fv2%2Fmedia&parent=35955"}],"wp:term":[{"taxonomy":"category","embeddable":true,"href":"https:\/\/radiorevelacionfm.cl\/index.php?rest_route=%2Fwp%2Fv2%2Fcategories&post=35955"},{"taxonomy":"post_tag","embeddable":true,"href":"https:\/\/radiorevelacionfm.cl\/index.php?rest_route=%2Fwp%2Fv2%2Ftags&post=35955"}],"curies":[{"name":"wp","href":"https:\/\/api.w.org\/{rel}","templated":true}]}}