{"id":35952,"date":"2023-10-16T18:02:01","date_gmt":"2023-10-16T21:02:01","guid":{"rendered":"https:\/\/radiorevelacionfm.cl\/?p=35952"},"modified":"2023-10-16T18:02:01","modified_gmt":"2023-10-16T21:02:01","slug":"instituciones-y-comunidad-participan-en-desfile-realizado-en-puerto-aguirre","status":"publish","type":"post","link":"https:\/\/radiorevelacionfm.cl\/?p=35952","title":{"rendered":"Instituciones y comunidad participan en desfile realizado en Puerto Aguirre"},"content":{"rendered":"<div class=\"flex_column av_one_full  flex_column_div av-zero-column-padding first  avia-builder-el-0  el_before_av_one_full  avia-builder-el-first  \" style='border-radius:0px; '><div  class='avia-image-container  av-styling-    avia-builder-el-1  avia-builder-el-no-sibling  avia-align-center '  itemprop=\"image\" itemscope=\"itemscope\" itemtype=\"https:\/\/schema.org\/ImageObject\"  ><div class='avia-image-container-inner'><div class='avia-image-overlay-wrap'><img decoding=\"async\" class='wp-image-35953 avia-img-lazy-loading-not-35953 avia_image' src=\"https:\/\/radiorevelacionfm.cl\/wp-content\/uploads\/2023\/10\/DESFILE-AGUIRRE-12-1-1.jpeg\" alt='' title='DESFILE AGUIRRE 12 (1) (1)' height=\"600\" width=\"800\"  itemprop=\"thumbnailUrl\" srcset=\"https:\/\/radiorevelacionfm.cl\/wp-content\/uploads\/2023\/10\/DESFILE-AGUIRRE-12-1-1.jpeg 800w, https:\/\/radiorevelacionfm.cl\/wp-content\/uploads\/2023\/10\/DESFILE-AGUIRRE-12-1-1-300x225.jpeg 300w, https:\/\/radiorevelacionfm.cl\/wp-content\/uploads\/2023\/10\/DESFILE-AGUIRRE-12-1-1-768x576.jpeg 768w, https:\/\/radiorevelacionfm.cl\/wp-content\/uploads\/2023\/10\/DESFILE-AGUIRRE-12-1-1-705x529.jpeg 705w, https:\/\/radiorevelacionfm.cl\/wp-content\/uploads\/2023\/10\/DESFILE-AGUIRRE-12-1-1-450x338.jpeg 450w, https:\/\/radiorevelacionfm.cl\/wp-content\/uploads\/2023\/10\/DESFILE-AGUIRRE-12-1-1-600x450.jpeg 600w\" sizes=\"(max-width: 800px) 100vw, 800px\" \/><\/div><\/div><\/div><\/div>\n<div class=\"flex_column av_one_full  flex_column_div av-zero-column-padding first  avia-builder-el-2  el_after_av_one_full  el_before_av_one_full  column-top-margin\" style='border-radius:0px; '><section class=\"av_textblock_section \"  itemscope=\"itemscope\" itemtype=\"https:\/\/schema.org\/BlogPosting\" itemprop=\"blogPost\" ><div class='avia_textblock  '   itemprop=\"text\" ><p style=\"text-align: center;\"><strong><span style=\"font-size: 18pt;\">Instituciones y comunidad participan en desfile realizado en Puerto Aguirre<\/span><\/strong><\/p>\n<div id=\"gtx-trans\" style=\"position: absolute; left: -50px; top: 4.31534px;\">\n<div class=\"gtx-trans-icon\"><\/div>\n<\/div>\n<\/div><\/section><\/div><div class=\"flex_column av_one_full  flex_column_div av-zero-column-padding first  avia-builder-el-4  el_after_av_one_full  el_before_av_hr  column-top-margin\" style='border-radius:0px; '><section class=\"av_textblock_section \"  itemscope=\"itemscope\" itemtype=\"https:\/\/schema.org\/BlogPosting\" itemprop=\"blogPost\" ><div class='avia_textblock  '   itemprop=\"text\" ><p style=\"text-align: justify;\">El pasado viernes, acompa\u00f1ados de autoridades regionales, provinciales y comunales, lideradas por el Alcalde de la comuna de Ays\u00e9n, Julio Uribe, se realiz\u00f3 en Puerto Aguirre el desfile C\u00edvico \u2013 Militar comprometido con anterioridad y que no se pudo llevar a cabo en septiembre, debido a las condiciones clim\u00e1ticas imperantes durante los d\u00edas previos a Fiestas Patrias.<\/p>\n<p style=\"text-align: justify;\">En la ceremonia hubo representaci\u00f3n del Ejercito, Carabineros, la Armada, Bomberos, Delegaci\u00f3n Presidencial Provincial, Seremi de Transportes y Telecomunicaciones, Concejales y Concejalas de la comuna, dirigentes locales, escuela, liceo, jard\u00edn infantil, trabajadores de Conaf junto a los vecinos y vecinas del territorio.<\/p>\n<p style=\"text-align: justify;\">\u201cEste desfile c\u00edvico \u2013 militar, estaba planificado para el mes de septiembre, pero por diferentes razones no se pudo efectuar, en principio por el tema clim\u00e1tico, pero hoy estamos cumpliendo con nuestros vecinos. Hicimos los esfuerzos de traer a todas las delegaciones, tambi\u00e9n agradecer a la empresa privada, quienes nos movilizaron, hay una gran coordinaci\u00f3n por parte de funcionarios municipales, tambi\u00e9n agradecer a la delegaci\u00f3n por la preparaci\u00f3n de todo esto. Agradecer, adem\u00e1s, a todos los que participaron de la comunidad, Conaf, Bomberos, los colegios y es muy importante para nosotros poder estar presentes en nuestra Islas Huichas y poder hacer este tipo de conmemoraciones que son muy importantes\u201d, se\u00f1al\u00f3 el Alcalde, Julio Uribe.<\/p>\n<p style=\"text-align: justify;\">El Gobernador Mar\u00edtimo de Ays\u00e9n, Comandante de la Guarnici\u00f3n Naval, Capit\u00e1n de Nav\u00edo Litoral, Javier Ch\u00e1vez, destac\u00f3 el desarrolla de la actividad, que inicialmente se hab\u00eda programado en el mes de la Patria.<\/p>\n<p style=\"text-align: justify;\">\u201cLa magia del sur de repente nos juega malas pasadas y no pudimos efectuar el desfile cuanto estaba programado en el mes de septiembre. Hoy en el mes de octubre, estamos aqu\u00ed acompa\u00f1ando a la comunidad y trayendo, con un tremendo esfuerzo tanto de la Municipalidad como de la Armada de Chile a las personas que participaron en este desfile, muy bonito y muy concurrido por toda la comunidad. As\u00ed es que, un gusto estar ac\u00e1 presente, un gusto apoyar estas iniciativas y acercar a los isle\u00f1os al territorio, esa es una de las funciones que tenemos como Armada de Chile, estar presente donde tenemos que estar presente, porque es parte de nuestro territorio mar\u00edtimo y misi\u00f3n de la Armada y de la Gobernaci\u00f3n Mar\u00edtima en Ays\u00e9n\u201d.<\/p>\n<p style=\"text-align: justify;\">En Puerto Aguirre y con la presencia del Seremi del Transportes, de vecinos y dirigentes, tambi\u00e9n se realiz\u00f3 una nueva sesi\u00f3n del Concejo Municipal de Ays\u00e9n, donde entre otras cosas, se abord\u00f3 la conectividad del sector y la pronta realizaci\u00f3n de una consulta respecto al servicio mar\u00edtimo entre Puerto Aguirre y Puerto Chacabuco.<\/p>\n<\/div><\/section><\/div><\/p>\n<div  style='height:50px' class='hr hr-invisible   avia-builder-el-6  el_after_av_one_full  el_before_av_social_share '><span class='hr-inner ' ><span class='hr-inner-style'><\/span><\/span><\/div>\n<div  class='av-social-sharing-box  avia-builder-el-7  el_after_av_hr  el_before_av_hr  '><div class='av-share-box'><h5 class='av-share-link-description av-no-toc '>Compartir esta noticia<\/h5><ul class='av-share-box-list noLightbox'><li class='av-share-link av-social-link-facebook' ><a target=\"_blank\" aria-label=\"Compartir en Facebook\" href='https:\/\/www.facebook.com\/sharer.php?u=https:\/\/radiorevelacionfm.cl\/?p=35952&#038;t=Instituciones%20y%20comunidad%20participan%20en%20desfile%20realizado%20en%20Puerto%20Aguirre' aria-hidden='false' data-av_icon='\ue8f3' data-av_iconfont='entypo-fontello' title='' data-avia-related-tooltip='Compartir en Facebook' rel=\"noopener\"><span class='avia_hidden_link_text'>Compartir en Facebook<\/span><\/a><\/li><li class='av-share-link av-social-link-twitter' ><a target=\"_blank\" aria-label=\"Compartir en Twitter\" href='https:\/\/twitter.com\/share?text=Instituciones%20y%20comunidad%20participan%20en%20desfile%20realizado%20en%20Puerto%20Aguirre&#038;url=https:\/\/radiorevelacionfm.cl\/?p=35952' aria-hidden='false' data-av_icon='\ue8f1' data-av_iconfont='entypo-fontello' title='' data-avia-related-tooltip='Compartir en Twitter' rel=\"noopener\"><span class='avia_hidden_link_text'>Compartir en Twitter<\/span><\/a><\/li><li class='av-share-link av-social-link-whatsapp' ><a target=\"_blank\" aria-label=\"Compartir en Whatsapp\" href='https:\/\/api.whatsapp.com\/send?text=https:\/\/radiorevelacionfm.cl\/?p=35952' aria-hidden='false' data-av_icon='\uf232' data-av_iconfont='entypo-fontello' title='' data-avia-related-tooltip='Compartir en Whatsapp' rel=\"noopener\"><span class='avia_hidden_link_text'>Compartir en Whatsapp<\/span><\/a><\/li><li class='av-share-link av-social-link-linkedin' ><a target=\"_blank\" aria-label=\"Compartir en LinkedIn\" href='https:\/\/linkedin.com\/shareArticle?mini=true&#038;title=Instituciones%20y%20comunidad%20participan%20en%20desfile%20realizado%20en%20Puerto%20Aguirre&#038;url=https:\/\/radiorevelacionfm.cl\/?p=35952' aria-hidden='false' data-av_icon='\ue8fc' data-av_iconfont='entypo-fontello' title='' data-avia-related-tooltip='Compartir en LinkedIn' rel=\"noopener\"><span class='avia_hidden_link_text'>Compartir en LinkedIn<\/span><\/a><\/li><li class='av-share-link av-social-link-mail' ><a  aria-label=\"Compartir por correo\" href='mailto:?subject=Instituciones%20y%20comunidad%20participan%20en%20desfile%20realizado%20en%20Puerto%20Aguirre&#038;body=https:\/\/radiorevelacionfm.cl\/?p=35952' aria-hidden='false' data-av_icon='\ue805' data-av_iconfont='entypo-fontello' title='' data-avia-related-tooltip='Compartir por correo'><span class='avia_hidden_link_text'>Compartir por correo<\/span><\/a><\/li><\/ul><\/div><\/div>\n<div  style='height:50px' class='hr hr-invisible   avia-builder-el-8  el_after_av_social_share  el_before_av_comments_list '><span class='hr-inner ' ><span class='hr-inner-style'><\/span><\/span><\/div>\n<div  class='av-buildercomment  av-blog-meta-html-info-disabled av-blog-meta-tag-disabled  '><\/div>\n","protected":false},"excerpt":{"rendered":"","protected":false},"author":1,"featured_media":35953,"comment_status":"open","ping_status":"open","sticky":false,"template":"","format":"standard","meta":{"footnotes":""},"categories":[38],"tags":[],"class_list":["post-35952","post","type-post","status-publish","format-standard","has-post-thumbnail","hentry","category-regional"],"jetpack_featured_media_url":"https:\/\/radiorevelacionfm.cl\/wp-content\/uploads\/2023\/10\/DESFILE-AGUIRRE-12-1-1.jpeg","_links":{"self":[{"href":"https:\/\/radiorevelacionfm.cl\/index.php?rest_route=\/wp\/v2\/posts\/35952","targetHints":{"allow":["GET"]}}],"collection":[{"href":"https:\/\/radiorevelacionfm.cl\/index.php?rest_route=\/wp\/v2\/posts"}],"about":[{"href":"https:\/\/radiorevelacionfm.cl\/index.php?rest_route=\/wp\/v2\/types\/post"}],"author":[{"embeddable":true,"href":"https:\/\/radiorevelacionfm.cl\/index.php?rest_route=\/wp\/v2\/users\/1"}],"replies":[{"embeddable":true,"href":"https:\/\/radiorevelacionfm.cl\/index.php?rest_route=%2Fwp%2Fv2%2Fcomments&post=35952"}],"version-history":[{"count":2,"href":"https:\/\/radiorevelacionfm.cl\/index.php?rest_route=\/wp\/v2\/posts\/35952\/revisions"}],"predecessor-version":[{"id":35958,"href":"https:\/\/radiorevelacionfm.cl\/index.php?rest_route=\/wp\/v2\/posts\/35952\/revisions\/35958"}],"wp:featuredmedia":[{"embeddable":true,"href":"https:\/\/radiorevelacionfm.cl\/index.php?rest_route=\/wp\/v2\/media\/35953"}],"wp:attachment":[{"href":"https:\/\/radiorevelacionfm.cl\/index.php?rest_route=%2Fwp%2Fv2%2Fmedia&parent=35952"}],"wp:term":[{"taxonomy":"category","embeddable":true,"href":"https:\/\/radiorevelacionfm.cl\/index.php?rest_route=%2Fwp%2Fv2%2Fcategories&post=35952"},{"taxonomy":"post_tag","embeddable":true,"href":"https:\/\/radiorevelacionfm.cl\/index.php?rest_route=%2Fwp%2Fv2%2Ftags&post=35952"}],"curies":[{"name":"wp","href":"https:\/\/api.w.org\/{rel}","templated":true}]}}