{"id":35946,"date":"2023-10-17T11:11:20","date_gmt":"2023-10-17T14:11:20","guid":{"rendered":"https:\/\/radiorevelacionfm.cl\/?p=35946"},"modified":"2023-10-17T11:11:20","modified_gmt":"2023-10-17T14:11:20","slug":"cuidar-es-trabajar-autoridades-invitan-a-conocer-resultados-de-los-dialogos-ciudadanos-y-autoconvocados-hablemos-de-cuidados","status":"publish","type":"post","link":"https:\/\/radiorevelacionfm.cl\/?p=35946","title":{"rendered":"\u00abCuidar es Trabajar\u00bb: Autoridades invitan a conocer resultados de los Di\u00e1logos Ciudadanos y autoconvocados Hablemos de Cuidados"},"content":{"rendered":"<div class=\"flex_column av_one_full  flex_column_div av-zero-column-padding first  avia-builder-el-0  el_before_av_one_full  avia-builder-el-first  \" style='border-radius:0px; '><div  class='avia-image-container  av-styling-    avia-builder-el-1  avia-builder-el-no-sibling  avia-align-center '  itemprop=\"image\" itemscope=\"itemscope\" itemtype=\"https:\/\/schema.org\/ImageObject\"  ><div class='avia-image-container-inner'><div class='avia-image-overlay-wrap'><img decoding=\"async\" class='wp-image-35947 avia-img-lazy-loading-not-35947 avia_image' src=\"https:\/\/radiorevelacionfm.cl\/wp-content\/uploads\/2023\/10\/cuidados2-1_optimized-1.jpeg\" alt='' title='cuidados2-(1)_optimized (1)' height=\"600\" width=\"900\"  itemprop=\"thumbnailUrl\" srcset=\"https:\/\/radiorevelacionfm.cl\/wp-content\/uploads\/2023\/10\/cuidados2-1_optimized-1.jpeg 900w, https:\/\/radiorevelacionfm.cl\/wp-content\/uploads\/2023\/10\/cuidados2-1_optimized-1-300x200.jpeg 300w, https:\/\/radiorevelacionfm.cl\/wp-content\/uploads\/2023\/10\/cuidados2-1_optimized-1-768x512.jpeg 768w, https:\/\/radiorevelacionfm.cl\/wp-content\/uploads\/2023\/10\/cuidados2-1_optimized-1-705x470.jpeg 705w, https:\/\/radiorevelacionfm.cl\/wp-content\/uploads\/2023\/10\/cuidados2-1_optimized-1-450x300.jpeg 450w, https:\/\/radiorevelacionfm.cl\/wp-content\/uploads\/2023\/10\/cuidados2-1_optimized-1-600x400.jpeg 600w\" sizes=\"(max-width: 900px) 100vw, 900px\" \/><\/div><\/div><\/div><\/div><div class=\"flex_column av_one_full  flex_column_div av-zero-column-padding first  avia-builder-el-2  el_after_av_one_full  el_before_av_one_full  column-top-margin\" style='border-radius:0px; '><section class=\"av_textblock_section \"  itemscope=\"itemscope\" itemtype=\"https:\/\/schema.org\/BlogPosting\" itemprop=\"blogPost\" ><div class='avia_textblock  '   itemprop=\"text\" ><p style=\"text-align: center;\"><strong><span style=\"font-size: 18pt;\">\u00abCuidar es Trabajar\u00bb: Autoridades invitan a conocer resultados de los Di\u00e1logos Ciudadanos y autoconvocados Hablemos de Cuidados<\/span><\/strong><\/p>\n<div id=\"gtx-trans\" style=\"position: absolute; left: -50px; top: 4.31534px;\">\n<div class=\"gtx-trans-icon\"><\/div>\n<\/div>\n<\/div><\/section><\/div><div class=\"flex_column av_one_full  flex_column_div av-zero-column-padding first  avia-builder-el-4  el_after_av_one_full  el_before_av_hr  column-top-margin\" style='border-radius:0px; '><section class=\"av_textblock_section \"  itemscope=\"itemscope\" itemtype=\"https:\/\/schema.org\/BlogPosting\" itemprop=\"blogPost\" ><div class='avia_textblock  '   itemprop=\"text\" ><p class=\"v1MsoNormal\" style=\"text-align: justify;\">Hasta la Plaza Pentagonal se trasladaron el delegado presidencial regional junto a las seremis de Desarrollo Social y Familia, de la Mujer y Equidad de G\u00e9nero y de Gobierno para invitar al Encuentro Regional Hablemos de Cuidados que se desarrollar\u00e1 este mi\u00e9rcoles presidido por la Subsecretaria de la Ni\u00f1ez Ver\u00f3nica Silva, instancia en la que se dar\u00e1n a conocer los resultados regionales de la veintena de di\u00e1logos autoconvocados que se desarrollaron durante el primer semestre respecto a esta tem\u00e1tica.<\/p>\n<p class=\"v1MsoNormal\" style=\"text-align: justify;\">Es as\u00ed que el Delegado Presidencial Regional, Rodrigo Araya enfatiz\u00f3 que este encuentro \u00a0permitir\u00e1 seguir trabajando en la elaboraci\u00f3n del Sistema Nacional Integral de Cuidados \u00abEstamos cumpliendo como gobierno. El Presidente ha puesto dentro de los objetivos de nuestro gobierno, el relevar los cuidados, son trabajos que habitualmente hacen las mujeres, por lo cual hay un contexto de invisibilizaci\u00f3n, de dificultad para obtener empleo, recursos y con una Pol\u00edtica Nacional de Cuidados, que es lo que nuestro Presidente est\u00e1 instalando, queremos revertir esa situaci\u00f3n. Es tremendamente importante la participaci\u00f3n de las personas que hacen de cuidado y las personas que se benefician de los cuidados para poder establecer un di\u00e1logo, una conversaci\u00f3n, para poder justamente dise\u00f1ar los pilares fundamentales de esta pol\u00edtica nacional de cuidado\u00bb.<\/p>\n<p class=\"v1MsoNormal\" style=\"text-align: justify;\">Entre los resultados que se expondr\u00e1n en el encuentro este mi\u00e9rcoles, destacan las principales problem\u00e1ticas de las personas cuidadoras en la regi\u00f3n donde lidera educaci\u00f3n con 21%, luego salud mental y f\u00edsica con un 18,5%, el uso del tiempo con un 16% y autonom\u00eda econ\u00f3mica con 14,8%. Por otro lado, las principales necesidades y problem\u00e1ticas de las personas que requieren cuidado en la regi\u00f3n, recae en vivienda con un 9,6%, luego infraestructura inclusiva 9%, redes de apoyo y educaci\u00f3n con un 9%.<\/p>\n<p class=\"v1MsoNormal\" style=\"text-align: justify;\">En esta l\u00ednea la Seremi de Desarrollo Social y Familia Karina Acevedo destac\u00f3 los avances en materia del Registro Social de Hogares que permitir\u00e1 incluir estos antecedentes de cuidados \u00abDentro de todos los ajustes de dise\u00f1o del Sistema Nacional de Cuidado, hay algo que es s\u00faper importante, que hemos relevado y que es el Registro Social de Hogares que tiene ahora un cap\u00edtulo aparte donde uno da cuenta del rol del cuidador y qui\u00e9n es el cuidado. Esto nos permite tambi\u00e9n saber a qui\u00e9n podemos llegar con la cantidad de beneficios. Hoy d\u00eda estamos con atenci\u00f3n preferente en varios servicios de la regi\u00f3n, con nuevos convenios para poder llegar, avanzar y dar este respiro a quienes cumple el rol de cuidador\u00bb, adicionalmente agreg\u00f3 que \u00abNos encarg\u00f3 el Presidente \u00a0elaborar esta construcci\u00f3n de la pol\u00edtica nacional de cuidado que da cuenta y da respuesta a lo que hoy d\u00eda como sociedad no vemos, pero que es necesario, porque cuidar tambi\u00e9n y trabajar\u00bb.<\/p>\n<p class=\"v1MsoNormal\" style=\"text-align: justify;\">En los distintos di\u00e1logos se ha dado cuenta de la participaci\u00f3n de un 80% de mujeres, quienes en su mayor\u00eda son cuidadoras, en este sentido es que la Seremi de la Mujer y Equidad de G\u00e9nero, Andrea M\u00e9ndez reforz\u00f3 que \u00abHemos manifestado en diferentes espacios que tenemos una priorizaci\u00f3n con respecto a las problem\u00e1ticas hist\u00f3ricas que aquejan a las mujeres y particularmente el tema de los cuidados es una de ellas. Hist\u00f3ricamente, al no tener pol\u00edtica p\u00fablica en torno a los cuidados, ese importante trabajo ha reca\u00eddo particularmente en las mujeres. Es por ello que es fundamental avanzar en una pol\u00edtica p\u00fablica que interconecta todos los servicios p\u00fablicos y permita avanzar en una equidad sustantiva, particularmente pensando en las mujeres. Hay un \u00e9nfasis en esta iniciativa que tiene que ver con c\u00f3mo el Estado cuida a las que cuidan y eso es un horizonte que tenemos que trazar pensando justamente en que la tendencia nacional es hacia el envejecimiento\u00bb.<\/p>\n<p class=\"v1MsoNormal\" style=\"text-align: justify;\">Este mes se inicia la discusi\u00f3n presupuestaria en el congreso, en donde el presidente Gabriel Boric reiter\u00f3 el compromiso del gobierno en materia de cuidados aumentando el presupuesto para el 2024, en este sentido la Seremi de Gobierno Tatiana Pl\u00e1 insisti\u00f3 en que \u00abPara nosotros como gobierno la importancia de cuidado es una de las \u00e1reas principales que hemos relevado en el presupuesto. Justamente la discusi\u00f3n presupuestaria que est\u00e1 desarroll\u00e1ndose durante el mes de octubre y noviembre en donde el incremento para esta \u00e1rea es un 20%, que justamente viene a reforzar el programa que ya existe en algunas municipalidades y que queremos tambi\u00e9n relevar con este incremento. As\u00ed que esperamos que sea aprobado en \u00a0la discusi\u00f3n presupuestaria en la C\u00e1mara\u00bb.<\/p>\n<p class=\"v1MsoNormal\" style=\"text-align: justify;\">Finalmente este encuentro que se desarrollar\u00e1 en el sal\u00f3n Padre Antonio Ronchi del Gobierno Regional a las 18:30 horas de este mi\u00e9rcoles 18 en Gral Parra #101, congregar\u00e1 a la ciudadan\u00eda que ha tenido o tiene actualmente alg\u00fan v\u00ednculo con el tema de cuidados. Hay que recordar que un SNIC <span class=\"v1gmail-normaltextrun\">permitir\u00e1 reducir desigualdades mediante la creaci\u00f3n de una red de instituciones, pol\u00edticas e iniciativas p\u00fablicas de cuidados, que articule servicios y prestaciones entregadas por el Estado dirigidas a personas en situaci\u00f3n de dependencia funcional, as\u00ed como tambi\u00e9n a quienes cuidan de manera remunerada y no remunerada.<\/span><\/p>\n<\/div><\/section><\/div><div  style='height:50px' class='hr hr-invisible   avia-builder-el-6  el_after_av_one_full  el_before_av_social_share '><span class='hr-inner ' ><span class='hr-inner-style'><\/span><\/span><\/div><\/p>\n<div  class='av-social-sharing-box  avia-builder-el-7  el_after_av_hr  el_before_av_hr  '><div class='av-share-box'><h5 class='av-share-link-description av-no-toc '>Compartir esta noticia<\/h5><ul class='av-share-box-list noLightbox'><li class='av-share-link av-social-link-facebook' ><a target=\"_blank\" aria-label=\"Compartir en Facebook\" href='https:\/\/www.facebook.com\/sharer.php?u=https:\/\/radiorevelacionfm.cl\/?p=35946&#038;t=%C2%ABCuidar%20es%20Trabajar%C2%BB%3A%20Autoridades%20invitan%20a%20conocer%20resultados%20de%20los%20Di%C3%A1logos%20Ciudadanos%20y%20autoconvocados%20Hablemos%20de%20Cuidados' aria-hidden='false' data-av_icon='\ue8f3' data-av_iconfont='entypo-fontello' title='' data-avia-related-tooltip='Compartir en Facebook' rel=\"noopener\"><span class='avia_hidden_link_text'>Compartir en Facebook<\/span><\/a><\/li><li class='av-share-link av-social-link-twitter' ><a target=\"_blank\" aria-label=\"Compartir en Twitter\" href='https:\/\/twitter.com\/share?text=%C2%ABCuidar%20es%20Trabajar%C2%BB%3A%20Autoridades%20invitan%20a%20conocer%20resultados%20de%20los%20Di%C3%A1logos%20Ciudadanos%20y%20autoconvocados%20Hablemos%20de%20Cuidados&#038;url=https:\/\/radiorevelacionfm.cl\/?p=35946' aria-hidden='false' data-av_icon='\ue8f1' data-av_iconfont='entypo-fontello' title='' data-avia-related-tooltip='Compartir en Twitter' rel=\"noopener\"><span class='avia_hidden_link_text'>Compartir en Twitter<\/span><\/a><\/li><li class='av-share-link av-social-link-whatsapp' ><a target=\"_blank\" aria-label=\"Compartir en Whatsapp\" href='https:\/\/api.whatsapp.com\/send?text=https:\/\/radiorevelacionfm.cl\/?p=35946' aria-hidden='false' data-av_icon='\uf232' data-av_iconfont='entypo-fontello' title='' data-avia-related-tooltip='Compartir en Whatsapp' rel=\"noopener\"><span class='avia_hidden_link_text'>Compartir en Whatsapp<\/span><\/a><\/li><li class='av-share-link av-social-link-linkedin' ><a target=\"_blank\" aria-label=\"Compartir en LinkedIn\" href='https:\/\/linkedin.com\/shareArticle?mini=true&#038;title=%C2%ABCuidar%20es%20Trabajar%C2%BB%3A%20Autoridades%20invitan%20a%20conocer%20resultados%20de%20los%20Di%C3%A1logos%20Ciudadanos%20y%20autoconvocados%20Hablemos%20de%20Cuidados&#038;url=https:\/\/radiorevelacionfm.cl\/?p=35946' aria-hidden='false' data-av_icon='\ue8fc' data-av_iconfont='entypo-fontello' title='' data-avia-related-tooltip='Compartir en LinkedIn' rel=\"noopener\"><span class='avia_hidden_link_text'>Compartir en LinkedIn<\/span><\/a><\/li><li class='av-share-link av-social-link-mail' ><a  aria-label=\"Compartir por correo\" href='mailto:?subject=%C2%ABCuidar%20es%20Trabajar%C2%BB%3A%20Autoridades%20invitan%20a%20conocer%20resultados%20de%20los%20Di%C3%A1logos%20Ciudadanos%20y%20autoconvocados%20Hablemos%20de%20Cuidados&#038;body=https:\/\/radiorevelacionfm.cl\/?p=35946' aria-hidden='false' data-av_icon='\ue805' data-av_iconfont='entypo-fontello' title='' data-avia-related-tooltip='Compartir por correo'><span class='avia_hidden_link_text'>Compartir por correo<\/span><\/a><\/li><\/ul><\/div><\/div>\n<div  style='height:50px' class='hr hr-invisible   avia-builder-el-8  el_after_av_social_share  el_before_av_comments_list '><span class='hr-inner ' ><span class='hr-inner-style'><\/span><\/span><\/div>\n<div  class='av-buildercomment  av-blog-meta-html-info-disabled av-blog-meta-tag-disabled  '><\/div>\n","protected":false},"excerpt":{"rendered":"","protected":false},"author":1,"featured_media":35947,"comment_status":"open","ping_status":"open","sticky":false,"template":"","format":"standard","meta":{"footnotes":""},"categories":[38],"tags":[],"class_list":["post-35946","post","type-post","status-publish","format-standard","has-post-thumbnail","hentry","category-regional"],"jetpack_featured_media_url":"https:\/\/radiorevelacionfm.cl\/wp-content\/uploads\/2023\/10\/cuidados2-1_optimized-1.jpeg","_links":{"self":[{"href":"https:\/\/radiorevelacionfm.cl\/index.php?rest_route=\/wp\/v2\/posts\/35946","targetHints":{"allow":["GET"]}}],"collection":[{"href":"https:\/\/radiorevelacionfm.cl\/index.php?rest_route=\/wp\/v2\/posts"}],"about":[{"href":"https:\/\/radiorevelacionfm.cl\/index.php?rest_route=\/wp\/v2\/types\/post"}],"author":[{"embeddable":true,"href":"https:\/\/radiorevelacionfm.cl\/index.php?rest_route=\/wp\/v2\/users\/1"}],"replies":[{"embeddable":true,"href":"https:\/\/radiorevelacionfm.cl\/index.php?rest_route=%2Fwp%2Fv2%2Fcomments&post=35946"}],"version-history":[{"count":1,"href":"https:\/\/radiorevelacionfm.cl\/index.php?rest_route=\/wp\/v2\/posts\/35946\/revisions"}],"predecessor-version":[{"id":35948,"href":"https:\/\/radiorevelacionfm.cl\/index.php?rest_route=\/wp\/v2\/posts\/35946\/revisions\/35948"}],"wp:featuredmedia":[{"embeddable":true,"href":"https:\/\/radiorevelacionfm.cl\/index.php?rest_route=\/wp\/v2\/media\/35947"}],"wp:attachment":[{"href":"https:\/\/radiorevelacionfm.cl\/index.php?rest_route=%2Fwp%2Fv2%2Fmedia&parent=35946"}],"wp:term":[{"taxonomy":"category","embeddable":true,"href":"https:\/\/radiorevelacionfm.cl\/index.php?rest_route=%2Fwp%2Fv2%2Fcategories&post=35946"},{"taxonomy":"post_tag","embeddable":true,"href":"https:\/\/radiorevelacionfm.cl\/index.php?rest_route=%2Fwp%2Fv2%2Ftags&post=35946"}],"curies":[{"name":"wp","href":"https:\/\/api.w.org\/{rel}","templated":true}]}}