{"id":35944,"date":"2023-10-16T17:01:03","date_gmt":"2023-10-16T20:01:03","guid":{"rendered":"https:\/\/radiorevelacionfm.cl\/?p=35944"},"modified":"2023-10-16T17:01:03","modified_gmt":"2023-10-16T20:01:03","slug":"corte-rechaza-recurso-de-proteccion-presentado-por-fundacion-en-contra-del-gobierno-regional-de-aysen","status":"publish","type":"post","link":"https:\/\/radiorevelacionfm.cl\/?p=35944","title":{"rendered":"Corte rechaza recurso de protecci\u00f3n presentado por fundaci\u00f3n en contra del Gobierno Regional de Ays\u00e9n"},"content":{"rendered":"<div class=\"flex_column av_one_full  flex_column_div av-zero-column-padding first  avia-builder-el-0  el_before_av_one_full  avia-builder-el-first  \" style='border-radius:0px; '><div  class='avia-image-container  av-styling-    avia-builder-el-1  avia-builder-el-no-sibling  avia-align-center '  itemprop=\"image\" itemscope=\"itemscope\" itemtype=\"https:\/\/schema.org\/ImageObject\"  ><div class='avia-image-container-inner'><div class='avia-image-overlay-wrap'><img decoding=\"async\" class='wp-image-9083 avia-img-lazy-loading-not-9083 avia_image' src=\"https:\/\/radiorevelacionfm.cl\/wp-content\/uploads\/2021\/09\/gobierno-regional-1_optimized.jpg\" alt='' title='gobierno-regional-(1)_optimized' height=\"600\" width=\"1066\"  itemprop=\"thumbnailUrl\" srcset=\"https:\/\/radiorevelacionfm.cl\/wp-content\/uploads\/2021\/09\/gobierno-regional-1_optimized.jpg 1066w, https:\/\/radiorevelacionfm.cl\/wp-content\/uploads\/2021\/09\/gobierno-regional-1_optimized-300x169.jpg 300w, https:\/\/radiorevelacionfm.cl\/wp-content\/uploads\/2021\/09\/gobierno-regional-1_optimized-1030x580.jpg 1030w, https:\/\/radiorevelacionfm.cl\/wp-content\/uploads\/2021\/09\/gobierno-regional-1_optimized-768x432.jpg 768w, https:\/\/radiorevelacionfm.cl\/wp-content\/uploads\/2021\/09\/gobierno-regional-1_optimized-705x397.jpg 705w, https:\/\/radiorevelacionfm.cl\/wp-content\/uploads\/2021\/09\/gobierno-regional-1_optimized-600x338.jpg 600w\" sizes=\"(max-width: 1066px) 100vw, 1066px\" \/><\/div><\/div><\/div><\/div><div class=\"flex_column av_one_full  flex_column_div av-zero-column-padding first  avia-builder-el-2  el_after_av_one_full  el_before_av_one_full  column-top-margin\" style='border-radius:0px; '><section class=\"av_textblock_section \"  itemscope=\"itemscope\" itemtype=\"https:\/\/schema.org\/BlogPosting\" itemprop=\"blogPost\" ><div class='avia_textblock  '   itemprop=\"text\" ><p style=\"text-align: center;\"><strong><span style=\"font-size: 18pt;\">Corte rechaza recurso de protecci\u00f3n presentado por fundaci\u00f3n en contra del Gobierno Regional de Ays\u00e9n<\/span><\/strong><\/p>\n<div id=\"gtx-trans\" style=\"position: absolute; left: -50px; top: 4.31534px;\">\n<div class=\"gtx-trans-icon\"><\/div>\n<\/div>\n<\/div><\/section><\/div><div class=\"flex_column av_one_full  flex_column_div av-zero-column-padding first  avia-builder-el-4  el_after_av_one_full  el_before_av_hr  column-top-margin\" style='border-radius:0px; '><section class=\"av_textblock_section \"  itemscope=\"itemscope\" itemtype=\"https:\/\/schema.org\/BlogPosting\" itemprop=\"blogPost\" ><div class='avia_textblock  '   itemprop=\"text\" ><p class=\"v1MsoNormal\" style=\"text-align: justify;\">La Corte de Apelaciones de Coyhaique rechaz\u00f3 el recurso de protecci\u00f3n presentado por la Fundaci\u00f3n Procultura en contra de la resoluci\u00f3n, adoptada por el Gobierno Regional de Ays\u00e9n, que dej\u00f3 sin efecto la ejecuci\u00f3n del proyecto: \u00abTransferencia Programa de apoyo a familias de zonas rezagadas Provincia de Los Glaciares\u00bb y la asignaci\u00f3n de los recursos respectivos.<\/p>\n<p class=\"v1MsoNormal\" style=\"text-align: justify;\">En fallo un\u00e1nime (causa rol 313-2023), la Primera Sala del tribunal de alzada \u2013integrada por los ministros Pedro Castro, Luis Aedo y Natalia Rencoret\u2013 descart\u00f3 actuar ilegal o arbitrario de la autoridad recurrida.<\/p>\n<p class=\"v1MsoNormal\" style=\"text-align: justify;\">\u00abEn virtud de todo lo dicho, no resulta observable la ilegalidad achacada en el proceder del Consejo Regional ni en el revocatorio de la Gobernadora Regional de Ays\u00e9n recurrida, toda vez que este se ha visto amparado por el imperio de normas legales que lo avalan\u00bb, sostiene el fallo.<\/p>\n<p class=\"v1MsoNormal\" style=\"text-align: justify;\">La resoluci\u00f3n agrega: \u00abQue no se visualiza tampoco la presencia de arbitrariedad en el proceder de la recurrida, desde que su actuaci\u00f3n no se aprecia motivada por la mera veleidad o capricho de la autoridad, sino que aparece guiada por un m\u00f3vil gatillado por una serie de factores que le brindan racionalidad y proporcionalidad, torn\u00e1ndola comprensible si se considera la necesaria relaci\u00f3n de medio a fin que debe ser sopesado en la especie. Lo expresado dimana de considerar que se han tomado en cuenta, seg\u00fan se especific\u00f3: a) Las instrucciones de Contralor\u00eda General de la Rep\u00fablica en cuanto a las exigencias relativas a toma de raz\u00f3n, listado de beneficiarios, registro institucional de receptores de fondos p\u00fablicos en cada servicio y su definici\u00f3n de suspender la toma de raz\u00f3n de los convenios con instituciones privadas sin fines de lucro; b) La necesidad de tomar medidas de control adicionales a los procesos ya existentes para convenir con instituciones privadas sin fines de lucro, procedimiento que se encuentra en elaboraci\u00f3n en el Gobierno Regional de Ays\u00e9n; c) Oficio Circular N\u00b020 del Ministerio de Hacienda, que reitera y complementa instrucciones respecto de convenios celebrados para transferencias corrientes y de capital; d) La causa penal que lleva la Fiscal\u00eda Regional bajo el RUC N\u00b0 2300715494-1 por fraude al fisco de la Fundaci\u00f3n Procultura, y e) la obligaci\u00f3n de la Gobernadora Regional de administrar los fondos p\u00fablicos\u00bb.<\/p>\n<p class=\"v1MsoNormal\" style=\"text-align: justify;\">\u00ab(&#8230;) por \u00faltimo, la supuesta afectaci\u00f3n del principio de confianza leg\u00edtima que se invoca por quien recurre no se avizora extensivo a esta \u00edndole de materias, por cuanto no es dable pretender que en virtud de una relaci\u00f3n contractual exitosa previa, a partir de la adjudicaci\u00f3n pret\u00e9rita de recursos para el desarrollo de programas aprobados por el GORE, se asegure el mismo resultado invariable en el porvenir, de suerte que cada proceso administrativo presenta sus propias particularidades y cada oferente en ellos est\u00e1 en condici\u00f3n de igualdad para ser beneficiado con la correspondiente asignaci\u00f3n de recursos. Lo postulado en contrario por la recurrente, en cambio, podr\u00eda ser indiciario de eventuales irregularidades en los procesos de licitaci\u00f3n o adjudicaci\u00f3n o evidencia de un monopolio indeseable en la asignaci\u00f3n de recursos p\u00fablicos\u00bb, a\u00f1ade la resoluci\u00f3n.<\/p>\n<p class=\"v1MsoNormal\" style=\"text-align: justify;\">Por tanto, se resuelve que:\u00a0\u00ab<b>SE RECHAZA<\/b>, sin costas, la acci\u00f3n de protecci\u00f3n interpuesta por el abogado \u00d3scar G\u00e1rate Maudier, en representaci\u00f3n de FUNDACI\u00d3N PROCULTURA, en contra del GOBIERNO REGIONAL DE AYS\u00c9N, representado legalmente por su Gobernadora Regional, Andrea Mac\u00edas Palma\u00bb.<\/p>\n<\/div><\/section><\/div><div  style='height:50px' class='hr hr-invisible   avia-builder-el-6  el_after_av_one_full  el_before_av_social_share '><span class='hr-inner ' ><span class='hr-inner-style'><\/span><\/span><\/div><\/p>\n<div  class='av-social-sharing-box  avia-builder-el-7  el_after_av_hr  el_before_av_hr  '><div class='av-share-box'><h5 class='av-share-link-description av-no-toc '>Compartir esta noticia<\/h5><ul class='av-share-box-list noLightbox'><li class='av-share-link av-social-link-facebook' ><a target=\"_blank\" aria-label=\"Compartir en Facebook\" href='https:\/\/www.facebook.com\/sharer.php?u=https:\/\/radiorevelacionfm.cl\/?p=35944&#038;t=Corte%20rechaza%20recurso%20de%20protecci%C3%B3n%20presentado%20por%20fundaci%C3%B3n%20en%20contra%20del%20Gobierno%20Regional%20de%20Ays%C3%A9n' aria-hidden='false' data-av_icon='\ue8f3' data-av_iconfont='entypo-fontello' title='' data-avia-related-tooltip='Compartir en Facebook' rel=\"noopener\"><span class='avia_hidden_link_text'>Compartir en Facebook<\/span><\/a><\/li><li class='av-share-link av-social-link-twitter' ><a target=\"_blank\" aria-label=\"Compartir en Twitter\" href='https:\/\/twitter.com\/share?text=Corte%20rechaza%20recurso%20de%20protecci%C3%B3n%20presentado%20por%20fundaci%C3%B3n%20en%20contra%20del%20Gobierno%20Regional%20de%20Ays%C3%A9n&#038;url=https:\/\/radiorevelacionfm.cl\/?p=35944' aria-hidden='false' data-av_icon='\ue8f1' data-av_iconfont='entypo-fontello' title='' data-avia-related-tooltip='Compartir en Twitter' rel=\"noopener\"><span class='avia_hidden_link_text'>Compartir en Twitter<\/span><\/a><\/li><li class='av-share-link av-social-link-whatsapp' ><a target=\"_blank\" aria-label=\"Compartir en Whatsapp\" href='https:\/\/api.whatsapp.com\/send?text=https:\/\/radiorevelacionfm.cl\/?p=35944' aria-hidden='false' data-av_icon='\uf232' data-av_iconfont='entypo-fontello' title='' data-avia-related-tooltip='Compartir en Whatsapp' rel=\"noopener\"><span class='avia_hidden_link_text'>Compartir en Whatsapp<\/span><\/a><\/li><li class='av-share-link av-social-link-linkedin' ><a target=\"_blank\" aria-label=\"Compartir en LinkedIn\" href='https:\/\/linkedin.com\/shareArticle?mini=true&#038;title=Corte%20rechaza%20recurso%20de%20protecci%C3%B3n%20presentado%20por%20fundaci%C3%B3n%20en%20contra%20del%20Gobierno%20Regional%20de%20Ays%C3%A9n&#038;url=https:\/\/radiorevelacionfm.cl\/?p=35944' aria-hidden='false' data-av_icon='\ue8fc' data-av_iconfont='entypo-fontello' title='' data-avia-related-tooltip='Compartir en LinkedIn' rel=\"noopener\"><span class='avia_hidden_link_text'>Compartir en LinkedIn<\/span><\/a><\/li><li class='av-share-link av-social-link-mail' ><a  aria-label=\"Compartir por correo\" href='mailto:?subject=Corte%20rechaza%20recurso%20de%20protecci%C3%B3n%20presentado%20por%20fundaci%C3%B3n%20en%20contra%20del%20Gobierno%20Regional%20de%20Ays%C3%A9n&#038;body=https:\/\/radiorevelacionfm.cl\/?p=35944' aria-hidden='false' data-av_icon='\ue805' data-av_iconfont='entypo-fontello' title='' data-avia-related-tooltip='Compartir por correo'><span class='avia_hidden_link_text'>Compartir por correo<\/span><\/a><\/li><\/ul><\/div><\/div>\n<div  style='height:50px' class='hr hr-invisible   avia-builder-el-8  el_after_av_social_share  el_before_av_comments_list '><span class='hr-inner ' ><span class='hr-inner-style'><\/span><\/span><\/div>\n<div  class='av-buildercomment  av-blog-meta-html-info-disabled av-blog-meta-tag-disabled  '><\/div>\n","protected":false},"excerpt":{"rendered":"","protected":false},"author":1,"featured_media":9083,"comment_status":"open","ping_status":"open","sticky":false,"template":"","format":"standard","meta":{"footnotes":""},"categories":[55],"tags":[],"class_list":["post-35944","post","type-post","status-publish","format-standard","has-post-thumbnail","hentry","category-justicia"],"jetpack_featured_media_url":"https:\/\/radiorevelacionfm.cl\/wp-content\/uploads\/2021\/09\/gobierno-regional-1_optimized.jpg","_links":{"self":[{"href":"https:\/\/radiorevelacionfm.cl\/index.php?rest_route=\/wp\/v2\/posts\/35944","targetHints":{"allow":["GET"]}}],"collection":[{"href":"https:\/\/radiorevelacionfm.cl\/index.php?rest_route=\/wp\/v2\/posts"}],"about":[{"href":"https:\/\/radiorevelacionfm.cl\/index.php?rest_route=\/wp\/v2\/types\/post"}],"author":[{"embeddable":true,"href":"https:\/\/radiorevelacionfm.cl\/index.php?rest_route=\/wp\/v2\/users\/1"}],"replies":[{"embeddable":true,"href":"https:\/\/radiorevelacionfm.cl\/index.php?rest_route=%2Fwp%2Fv2%2Fcomments&post=35944"}],"version-history":[{"count":1,"href":"https:\/\/radiorevelacionfm.cl\/index.php?rest_route=\/wp\/v2\/posts\/35944\/revisions"}],"predecessor-version":[{"id":35945,"href":"https:\/\/radiorevelacionfm.cl\/index.php?rest_route=\/wp\/v2\/posts\/35944\/revisions\/35945"}],"wp:featuredmedia":[{"embeddable":true,"href":"https:\/\/radiorevelacionfm.cl\/index.php?rest_route=\/wp\/v2\/media\/9083"}],"wp:attachment":[{"href":"https:\/\/radiorevelacionfm.cl\/index.php?rest_route=%2Fwp%2Fv2%2Fmedia&parent=35944"}],"wp:term":[{"taxonomy":"category","embeddable":true,"href":"https:\/\/radiorevelacionfm.cl\/index.php?rest_route=%2Fwp%2Fv2%2Fcategories&post=35944"},{"taxonomy":"post_tag","embeddable":true,"href":"https:\/\/radiorevelacionfm.cl\/index.php?rest_route=%2Fwp%2Fv2%2Ftags&post=35944"}],"curies":[{"name":"wp","href":"https:\/\/api.w.org\/{rel}","templated":true}]}}