{"id":35938,"date":"2023-10-16T14:48:43","date_gmt":"2023-10-16T17:48:43","guid":{"rendered":"https:\/\/radiorevelacionfm.cl\/?p=35938"},"modified":"2023-10-16T14:48:43","modified_gmt":"2023-10-16T17:48:43","slug":"club-de-adulto-mayor-jorge-ibar-celebro-sus-12-anos-mas-activos-que-nunca","status":"publish","type":"post","link":"https:\/\/radiorevelacionfm.cl\/?p=35938","title":{"rendered":"Club de Adulto Mayor \u201cJorge Ibar\u201d celebr\u00f3 sus 12 a\u00f1os m\u00e1s activos que nunca"},"content":{"rendered":"<div class=\"flex_column av_one_full  flex_column_div av-zero-column-padding first  avia-builder-el-0  el_before_av_one_full  avia-builder-el-first  \" style='border-radius:0px; '><div  class='avia-image-container  av-styling-    avia-builder-el-1  avia-builder-el-no-sibling  avia-align-center '  itemprop=\"image\" itemscope=\"itemscope\" itemtype=\"https:\/\/schema.org\/ImageObject\"  ><div class='avia-image-container-inner'><div class='avia-image-overlay-wrap'><img decoding=\"async\" class='wp-image-35939 avia-img-lazy-loading-not-35939 avia_image' src=\"https:\/\/radiorevelacionfm.cl\/wp-content\/uploads\/2023\/10\/jorge-ibar-2-2_optimized.jpg\" alt='' title='jorge-ibar-2-2_optimized' height=\"600\" width=\"900\"  itemprop=\"thumbnailUrl\" srcset=\"https:\/\/radiorevelacionfm.cl\/wp-content\/uploads\/2023\/10\/jorge-ibar-2-2_optimized.jpg 900w, https:\/\/radiorevelacionfm.cl\/wp-content\/uploads\/2023\/10\/jorge-ibar-2-2_optimized-300x200.jpg 300w, https:\/\/radiorevelacionfm.cl\/wp-content\/uploads\/2023\/10\/jorge-ibar-2-2_optimized-768x512.jpg 768w, https:\/\/radiorevelacionfm.cl\/wp-content\/uploads\/2023\/10\/jorge-ibar-2-2_optimized-705x470.jpg 705w, https:\/\/radiorevelacionfm.cl\/wp-content\/uploads\/2023\/10\/jorge-ibar-2-2_optimized-450x300.jpg 450w, https:\/\/radiorevelacionfm.cl\/wp-content\/uploads\/2023\/10\/jorge-ibar-2-2_optimized-600x400.jpg 600w\" sizes=\"(max-width: 900px) 100vw, 900px\" \/><\/div><\/div><\/div><\/div><div class=\"flex_column av_one_full  flex_column_div av-zero-column-padding first  avia-builder-el-2  el_after_av_one_full  el_before_av_one_full  column-top-margin\" style='border-radius:0px; '><section class=\"av_textblock_section \"  itemscope=\"itemscope\" itemtype=\"https:\/\/schema.org\/BlogPosting\" itemprop=\"blogPost\" ><div class='avia_textblock  '   itemprop=\"text\" ><p style=\"text-align: center;\"><strong><span style=\"font-size: 18pt;\">Club de Adulto Mayor \u201cJorge Ibar\u201d celebr\u00f3 sus 12 a\u00f1os m\u00e1s activos que nunca<\/span><\/strong><\/p>\n<div id=\"gtx-trans\" style=\"position: absolute; left: -50px; top: 4.31534px;\">\n<div class=\"gtx-trans-icon\"><\/div>\n<\/div>\n<\/div><\/section><\/div><div class=\"flex_column av_one_full  flex_column_div av-zero-column-padding first  avia-builder-el-4  el_after_av_one_full  el_before_av_hr  column-top-margin\" style='border-radius:0px; '><section class=\"av_textblock_section \"  itemscope=\"itemscope\" itemtype=\"https:\/\/schema.org\/BlogPosting\" itemprop=\"blogPost\" ><div class='avia_textblock  '   itemprop=\"text\" ><p style=\"text-align: justify;\">Un grato momento vivieron los y las integrantes del Club de Adulto Mayor \u201cJorge Ibar\u201d de Puerto Ays\u00e9n, quienes festejaron sus 12 a\u00f1os de compa\u00f1\u00eda, perseverancia y cari\u00f1o, unidos mostrando lo activos que est\u00e1n y lo importante que es para ellos estar realizando actividades permanentemente.<\/p>\n<p style=\"text-align: justify;\">En cada festejo es invitado el Alcalde Julio Uribe y su familia, para compartir las preparaciones de los integrantes del club y simplemente para conversar sobre las m\u00e1s diversas historias.<\/p>\n<p style=\"text-align: justify;\">\u201cDesde antes que asumiera como Alcalde, siempre est\u00e1bamos presentes en su aniversario, en sus diferentes actividades, pero hoy d\u00eda ya hay una amistad, es algo m\u00e1s bonito y eso por cierto que a uno lo llena de satisfacci\u00f3n, el poder compartir con la familia, siempre ellos me invitan. Hoy ha sido un d\u00eda muy lindo con ellos y esperar que podamos seguir mejorando sus condiciones, por lo menos est\u00e1n ocupando la sede, estuvimos repar\u00e1ndola para que se pueda mantener, hasta que tengamos la construcci\u00f3n de una nueva, as\u00ed es que, feliz de compartir con nuestros adultos mayores del club Jorge Ibar\u201d, coment\u00f3 el Alcalde de la comuna de Ays\u00e9n, Julio Uribe.<\/p>\n<p style=\"text-align: justify;\">Feliz se mostr\u00f3 al celebrar un nuevo aniversario, la presidenta del Club de Adulto Mayor \u201cJorge Ibar\u201d, Berta L\u00f3pez, quien agradeci\u00f3 la permanente compa\u00f1\u00eda de la primera autoridad comunal.<\/p>\n<p style=\"text-align: justify;\">\u201cEstamos felices, esta es una familia y \u00e9l de nuestra familia, porque nunca nos ha dejado solos, siempre est\u00e1 ah\u00ed, agradecidos del se\u00f1or Alcalde, por lo sencillo que es, \u00e9l es el Alcalde del pueblo. Ha sido una jornada muy linda, estamos felices de que nos acompa\u00f1aron al cumplir los 12 a\u00f1os de existencia de nuestro club. Este ha sido un trabajo en conjunto, siempre hemos sido muy unidos, siempre en esta sede, con mucho respeto, nos gusta disfrutar, nos gusta pasarlo bien, hemos salido de paseo y as\u00ed hemos realizado varias actividades, todas bien organizadas y nos ha ido s\u00faper bien siempre\u201d.<\/p>\n<p style=\"text-align: justify;\">Historias cargadas de emoci\u00f3n, an\u00e9cdotas y el cumplea\u00f1os feliz no estuvieron ausentes en la celebraci\u00f3n de los 12 a\u00f1os del Club de Adulto Mayor Jorge Ibar de Puerto Ays\u00e9n.<\/p>\n<\/div><\/section><\/div><div  style='height:50px' class='hr hr-invisible   avia-builder-el-6  el_after_av_one_full  el_before_av_social_share '><span class='hr-inner ' ><span class='hr-inner-style'><\/span><\/span><\/div><\/p>\n<div  class='av-social-sharing-box  avia-builder-el-7  el_after_av_hr  el_before_av_hr  '><div class='av-share-box'><h5 class='av-share-link-description av-no-toc '>Compartir esta noticia<\/h5><ul class='av-share-box-list noLightbox'><li class='av-share-link av-social-link-facebook' ><a target=\"_blank\" aria-label=\"Compartir en Facebook\" href='https:\/\/www.facebook.com\/sharer.php?u=https:\/\/radiorevelacionfm.cl\/?p=35938&#038;t=Club%20de%20Adulto%20Mayor%20%E2%80%9CJorge%20Ibar%E2%80%9D%20celebr%C3%B3%20sus%2012%20a%C3%B1os%20m%C3%A1s%20activos%20que%20nunca' aria-hidden='false' data-av_icon='\ue8f3' data-av_iconfont='entypo-fontello' title='' data-avia-related-tooltip='Compartir en Facebook' rel=\"noopener\"><span class='avia_hidden_link_text'>Compartir en Facebook<\/span><\/a><\/li><li class='av-share-link av-social-link-twitter' ><a target=\"_blank\" aria-label=\"Compartir en Twitter\" href='https:\/\/twitter.com\/share?text=Club%20de%20Adulto%20Mayor%20%E2%80%9CJorge%20Ibar%E2%80%9D%20celebr%C3%B3%20sus%2012%20a%C3%B1os%20m%C3%A1s%20activos%20que%20nunca&#038;url=https:\/\/radiorevelacionfm.cl\/?p=35938' aria-hidden='false' data-av_icon='\ue8f1' data-av_iconfont='entypo-fontello' title='' data-avia-related-tooltip='Compartir en Twitter' rel=\"noopener\"><span class='avia_hidden_link_text'>Compartir en Twitter<\/span><\/a><\/li><li class='av-share-link av-social-link-whatsapp' ><a target=\"_blank\" aria-label=\"Compartir en Whatsapp\" href='https:\/\/api.whatsapp.com\/send?text=https:\/\/radiorevelacionfm.cl\/?p=35938' aria-hidden='false' data-av_icon='\uf232' data-av_iconfont='entypo-fontello' title='' data-avia-related-tooltip='Compartir en Whatsapp' rel=\"noopener\"><span class='avia_hidden_link_text'>Compartir en Whatsapp<\/span><\/a><\/li><li class='av-share-link av-social-link-linkedin' ><a target=\"_blank\" aria-label=\"Compartir en LinkedIn\" href='https:\/\/linkedin.com\/shareArticle?mini=true&#038;title=Club%20de%20Adulto%20Mayor%20%E2%80%9CJorge%20Ibar%E2%80%9D%20celebr%C3%B3%20sus%2012%20a%C3%B1os%20m%C3%A1s%20activos%20que%20nunca&#038;url=https:\/\/radiorevelacionfm.cl\/?p=35938' aria-hidden='false' data-av_icon='\ue8fc' data-av_iconfont='entypo-fontello' title='' data-avia-related-tooltip='Compartir en LinkedIn' rel=\"noopener\"><span class='avia_hidden_link_text'>Compartir en LinkedIn<\/span><\/a><\/li><li class='av-share-link av-social-link-mail' ><a  aria-label=\"Compartir por correo\" href='mailto:?subject=Club%20de%20Adulto%20Mayor%20%E2%80%9CJorge%20Ibar%E2%80%9D%20celebr%C3%B3%20sus%2012%20a%C3%B1os%20m%C3%A1s%20activos%20que%20nunca&#038;body=https:\/\/radiorevelacionfm.cl\/?p=35938' aria-hidden='false' data-av_icon='\ue805' data-av_iconfont='entypo-fontello' title='' data-avia-related-tooltip='Compartir por correo'><span class='avia_hidden_link_text'>Compartir por correo<\/span><\/a><\/li><\/ul><\/div><\/div>\n<div  style='height:50px' class='hr hr-invisible   avia-builder-el-8  el_after_av_social_share  el_before_av_comments_list '><span class='hr-inner ' ><span class='hr-inner-style'><\/span><\/span><\/div>\n<div  class='av-buildercomment  av-blog-meta-html-info-disabled av-blog-meta-tag-disabled  '><\/div>\n","protected":false},"excerpt":{"rendered":"","protected":false},"author":1,"featured_media":35939,"comment_status":"open","ping_status":"open","sticky":false,"template":"","format":"standard","meta":{"footnotes":""},"categories":[38],"tags":[],"class_list":["post-35938","post","type-post","status-publish","format-standard","has-post-thumbnail","hentry","category-regional"],"jetpack_featured_media_url":"https:\/\/radiorevelacionfm.cl\/wp-content\/uploads\/2023\/10\/jorge-ibar-2-2_optimized.jpg","_links":{"self":[{"href":"https:\/\/radiorevelacionfm.cl\/index.php?rest_route=\/wp\/v2\/posts\/35938","targetHints":{"allow":["GET"]}}],"collection":[{"href":"https:\/\/radiorevelacionfm.cl\/index.php?rest_route=\/wp\/v2\/posts"}],"about":[{"href":"https:\/\/radiorevelacionfm.cl\/index.php?rest_route=\/wp\/v2\/types\/post"}],"author":[{"embeddable":true,"href":"https:\/\/radiorevelacionfm.cl\/index.php?rest_route=\/wp\/v2\/users\/1"}],"replies":[{"embeddable":true,"href":"https:\/\/radiorevelacionfm.cl\/index.php?rest_route=%2Fwp%2Fv2%2Fcomments&post=35938"}],"version-history":[{"count":1,"href":"https:\/\/radiorevelacionfm.cl\/index.php?rest_route=\/wp\/v2\/posts\/35938\/revisions"}],"predecessor-version":[{"id":35940,"href":"https:\/\/radiorevelacionfm.cl\/index.php?rest_route=\/wp\/v2\/posts\/35938\/revisions\/35940"}],"wp:featuredmedia":[{"embeddable":true,"href":"https:\/\/radiorevelacionfm.cl\/index.php?rest_route=\/wp\/v2\/media\/35939"}],"wp:attachment":[{"href":"https:\/\/radiorevelacionfm.cl\/index.php?rest_route=%2Fwp%2Fv2%2Fmedia&parent=35938"}],"wp:term":[{"taxonomy":"category","embeddable":true,"href":"https:\/\/radiorevelacionfm.cl\/index.php?rest_route=%2Fwp%2Fv2%2Fcategories&post=35938"},{"taxonomy":"post_tag","embeddable":true,"href":"https:\/\/radiorevelacionfm.cl\/index.php?rest_route=%2Fwp%2Fv2%2Ftags&post=35938"}],"curies":[{"name":"wp","href":"https:\/\/api.w.org\/{rel}","templated":true}]}}