{"id":35935,"date":"2023-10-16T16:36:36","date_gmt":"2023-10-16T19:36:36","guid":{"rendered":"https:\/\/radiorevelacionfm.cl\/?p=35935"},"modified":"2023-10-16T16:36:36","modified_gmt":"2023-10-16T19:36:36","slug":"realizan-emotivo-reconocimiento-a-estibadores-que-operan-en-muelles-de-puerto-chacabuco","status":"publish","type":"post","link":"https:\/\/radiorevelacionfm.cl\/?p=35935","title":{"rendered":"Realizan emotivo reconocimiento a estibadores que operan en muelles de Puerto Chacabuco"},"content":{"rendered":"<div class=\"flex_column av_one_full  flex_column_div av-zero-column-padding first  avia-builder-el-0  el_before_av_one_full  avia-builder-el-first  \" style='border-radius:0px; '><div  class='avia-image-container  av-styling-    avia-builder-el-1  avia-builder-el-no-sibling  avia-align-center '  itemprop=\"image\" itemscope=\"itemscope\" itemtype=\"https:\/\/schema.org\/ImageObject\"  ><div class='avia-image-container-inner'><div class='avia-image-overlay-wrap'><img decoding=\"async\" class='wp-image-35936 avia-img-lazy-loading-not-35936 avia_image' src=\"https:\/\/radiorevelacionfm.cl\/wp-content\/uploads\/2023\/10\/image-151-2_optimized-2.jpg\" alt='' title='image-151-2_optimized-2' height=\"600\" width=\"946\"  itemprop=\"thumbnailUrl\" srcset=\"https:\/\/radiorevelacionfm.cl\/wp-content\/uploads\/2023\/10\/image-151-2_optimized-2.jpg 946w, https:\/\/radiorevelacionfm.cl\/wp-content\/uploads\/2023\/10\/image-151-2_optimized-2-300x190.jpg 300w, https:\/\/radiorevelacionfm.cl\/wp-content\/uploads\/2023\/10\/image-151-2_optimized-2-768x487.jpg 768w, https:\/\/radiorevelacionfm.cl\/wp-content\/uploads\/2023\/10\/image-151-2_optimized-2-705x447.jpg 705w, https:\/\/radiorevelacionfm.cl\/wp-content\/uploads\/2023\/10\/image-151-2_optimized-2-450x285.jpg 450w, https:\/\/radiorevelacionfm.cl\/wp-content\/uploads\/2023\/10\/image-151-2_optimized-2-600x381.jpg 600w\" sizes=\"(max-width: 946px) 100vw, 946px\" \/><\/div><\/div><\/div><\/div><div class=\"flex_column av_one_full  flex_column_div av-zero-column-padding first  avia-builder-el-2  el_after_av_one_full  el_before_av_one_full  column-top-margin\" style='border-radius:0px; '><section class=\"av_textblock_section \"  itemscope=\"itemscope\" itemtype=\"https:\/\/schema.org\/BlogPosting\" itemprop=\"blogPost\" ><div class='avia_textblock  '   itemprop=\"text\" ><p class=\"v1Marcelo\" align=\"center\"><span style=\"font-size: 18pt;\"><b>Realizan emotivo reconocimiento a estibadores que\u00a0<\/b><b>operan en muelles de Puerto Chacabuco<\/b><\/span><\/p>\n<div id=\"gtx-trans\" style=\"position: absolute; left: -50px; top: 4.31534px;\">\n<div class=\"gtx-trans-icon\"><\/div>\n<\/div>\n<\/div><\/section><\/div><div class=\"flex_column av_one_full  flex_column_div av-zero-column-padding first  avia-builder-el-4  el_after_av_one_full  el_before_av_hr  column-top-margin\" style='border-radius:0px; '><section class=\"av_textblock_section \"  itemscope=\"itemscope\" itemtype=\"https:\/\/schema.org\/BlogPosting\" itemprop=\"blogPost\" ><div class='avia_textblock  '   itemprop=\"text\" ><p class=\"v1Marcelo\" style=\"text-align: justify;\">Una emotiva y sencilla ceremonia de reconocimiento a las trabajadoras y trabajadores portuarios que cumplen funciones operativas en los muelles de Puerto Chacabuco, realiz\u00f3 la Empresa Portuaria Chacabuco (Emporcha), el pasado martes 10 de octubre, en dependencias del Terminal de Pasajeros que administra la portuaria estatal.<\/p>\n<p class=\"v1Marcelo\" style=\"text-align: justify;\">La actividad se enmarc\u00f3 en la conmemoraci\u00f3n del D\u00eda del Trabajador Portuario, que se celebra en todo el pa\u00eds cada 22 de septiembre, y que se program\u00f3 de forma tard\u00eda para posibilitar que coincidieran las agendas de los distintos actores del sector portuario local.<\/p>\n<p class=\"v1Marcelo\" style=\"text-align: justify;\">Adem\u00e1s del gerente general y directorio de Emporcha, encabezado por su presidente Enrique Runin, a la ceremonia tambi\u00e9n concurrieron los dirigentes y asociados de los dos sindicatos de estibadores que operan en Chacabuco; el capit\u00e1n de puerto, Tte. Sim\u00f3n Stuven; el seremi del Trabajo, Rodrigo D\u00edaz; el seremi de Econom\u00eda -y exdirector de Emporcha- Felipe Rojas; y representantes de las siete empresas de muellaje que operan en este polo mar\u00edtimo.<\/p>\n<p class=\"v1Marcelo\" style=\"text-align: justify;\">Durante la actividad se pronunciaron discursos por parte de las autoridades y representantes sindicales, y adem\u00e1s se entregaron reconocimientos a los dirigentes, como una forma de homenajear a los distintos estibadores que d\u00eda a d\u00eda se desempe\u00f1an en el principal recinto portuario de la Regi\u00f3n de Ays\u00e9n.<\/p>\n<p class=\"v1Marcelo\" style=\"text-align: justify;\">\u201cA trav\u00e9s de esta actividad quisimos poner en valor el trabajo que realizan las estibadoras y estibadores en nuestro puerto, reconocerlos e invitarlos a que se sientan parte de este gran equipo de trabajo que conformamos Emporcha, las empresas de muellaje y los propios estibadores. Queremos que esta sea una manera tambi\u00e9n de mantener una buena relaci\u00f3n entre los distintos actores\u201d, resumi\u00f3 Felipe Candia, gerente general de la estatal.<\/p>\n<p class=\"v1Marcelo\" style=\"text-align: justify;\">Por su parte Enrique Runin, presidente del directorio de Puerto Chacabuco, agradeci\u00f3 la emotividad presente en los discursos, y explic\u00f3 que el objetivo de la actividad fue \u201creconocer el trabajo sacrificado y abnegado que realizan d\u00eda a d\u00eda los trabajadores, especialmente en zonas del sur como Chacabuco, en que muchas veces con condiciones clim\u00e1ticas muy adversas, deben trabajar dejando a sus familias para atender los buques y llevar adelante el proceso de carga y descarga\u201d.<\/p>\n<p class=\"v1Marcelo\" style=\"text-align: justify;\">Runin agreg\u00f3 que durante la ceremonia se agradeci\u00f3 el rol destacado y protag\u00f3nico que juegan los trabajadores. \u201cSomos un puerto peque\u00f1o, lo que no resta la enorme importancia que tiene su trabajo, atendiendo buques portacontenedores, buques de exportaci\u00f3n de mineral, los roll-on roll-off y otras naves (\u2026) Ac\u00e1 hay un compromiso de seguir trabajando juntos, ir mejorando las instalaciones que permitan realizar su trabajo en forma c\u00f3moda y segura, y mantener el funcionamiento pleno de instancias como el Comit\u00e9 Portuario de Faenas y el Comit\u00e9 Paritario\u201d, concluy\u00f3 el directivo.<\/p>\n<\/div><\/section><\/div><div  style='height:50px' class='hr hr-invisible   avia-builder-el-6  el_after_av_one_full  el_before_av_social_share '><span class='hr-inner ' ><span class='hr-inner-style'><\/span><\/span><\/div><\/p>\n<div  class='av-social-sharing-box  avia-builder-el-7  el_after_av_hr  el_before_av_hr  '><div class='av-share-box'><h5 class='av-share-link-description av-no-toc '>Compartir esta noticia<\/h5><ul class='av-share-box-list noLightbox'><li class='av-share-link av-social-link-facebook' ><a target=\"_blank\" aria-label=\"Compartir en Facebook\" href='https:\/\/www.facebook.com\/sharer.php?u=https:\/\/radiorevelacionfm.cl\/?p=35935&#038;t=Realizan%20emotivo%20reconocimiento%20a%20estibadores%20que%20operan%20en%20muelles%20de%20Puerto%20Chacabuco' aria-hidden='false' data-av_icon='\ue8f3' data-av_iconfont='entypo-fontello' title='' data-avia-related-tooltip='Compartir en Facebook' rel=\"noopener\"><span class='avia_hidden_link_text'>Compartir en Facebook<\/span><\/a><\/li><li class='av-share-link av-social-link-twitter' ><a target=\"_blank\" aria-label=\"Compartir en Twitter\" href='https:\/\/twitter.com\/share?text=Realizan%20emotivo%20reconocimiento%20a%20estibadores%20que%20operan%20en%20muelles%20de%20Puerto%20Chacabuco&#038;url=https:\/\/radiorevelacionfm.cl\/?p=35935' aria-hidden='false' data-av_icon='\ue8f1' data-av_iconfont='entypo-fontello' title='' data-avia-related-tooltip='Compartir en Twitter' rel=\"noopener\"><span class='avia_hidden_link_text'>Compartir en Twitter<\/span><\/a><\/li><li class='av-share-link av-social-link-whatsapp' ><a target=\"_blank\" aria-label=\"Compartir en Whatsapp\" href='https:\/\/api.whatsapp.com\/send?text=https:\/\/radiorevelacionfm.cl\/?p=35935' aria-hidden='false' data-av_icon='\uf232' data-av_iconfont='entypo-fontello' title='' data-avia-related-tooltip='Compartir en Whatsapp' rel=\"noopener\"><span class='avia_hidden_link_text'>Compartir en Whatsapp<\/span><\/a><\/li><li class='av-share-link av-social-link-linkedin' ><a target=\"_blank\" aria-label=\"Compartir en LinkedIn\" href='https:\/\/linkedin.com\/shareArticle?mini=true&#038;title=Realizan%20emotivo%20reconocimiento%20a%20estibadores%20que%20operan%20en%20muelles%20de%20Puerto%20Chacabuco&#038;url=https:\/\/radiorevelacionfm.cl\/?p=35935' aria-hidden='false' data-av_icon='\ue8fc' data-av_iconfont='entypo-fontello' title='' data-avia-related-tooltip='Compartir en LinkedIn' rel=\"noopener\"><span class='avia_hidden_link_text'>Compartir en LinkedIn<\/span><\/a><\/li><li class='av-share-link av-social-link-mail' ><a  aria-label=\"Compartir por correo\" href='mailto:?subject=Realizan%20emotivo%20reconocimiento%20a%20estibadores%20que%20operan%20en%20muelles%20de%20Puerto%20Chacabuco&#038;body=https:\/\/radiorevelacionfm.cl\/?p=35935' aria-hidden='false' data-av_icon='\ue805' data-av_iconfont='entypo-fontello' title='' data-avia-related-tooltip='Compartir por correo'><span class='avia_hidden_link_text'>Compartir por correo<\/span><\/a><\/li><\/ul><\/div><\/div>\n<div  style='height:50px' class='hr hr-invisible   avia-builder-el-8  el_after_av_social_share  el_before_av_comments_list '><span class='hr-inner ' ><span class='hr-inner-style'><\/span><\/span><\/div>\n<div  class='av-buildercomment  av-blog-meta-html-info-disabled av-blog-meta-tag-disabled  '><\/div>\n","protected":false},"excerpt":{"rendered":"","protected":false},"author":1,"featured_media":35936,"comment_status":"open","ping_status":"open","sticky":false,"template":"","format":"standard","meta":{"footnotes":""},"categories":[38],"tags":[],"class_list":["post-35935","post","type-post","status-publish","format-standard","has-post-thumbnail","hentry","category-regional"],"jetpack_featured_media_url":"https:\/\/radiorevelacionfm.cl\/wp-content\/uploads\/2023\/10\/image-151-2_optimized-2.jpg","_links":{"self":[{"href":"https:\/\/radiorevelacionfm.cl\/index.php?rest_route=\/wp\/v2\/posts\/35935","targetHints":{"allow":["GET"]}}],"collection":[{"href":"https:\/\/radiorevelacionfm.cl\/index.php?rest_route=\/wp\/v2\/posts"}],"about":[{"href":"https:\/\/radiorevelacionfm.cl\/index.php?rest_route=\/wp\/v2\/types\/post"}],"author":[{"embeddable":true,"href":"https:\/\/radiorevelacionfm.cl\/index.php?rest_route=\/wp\/v2\/users\/1"}],"replies":[{"embeddable":true,"href":"https:\/\/radiorevelacionfm.cl\/index.php?rest_route=%2Fwp%2Fv2%2Fcomments&post=35935"}],"version-history":[{"count":1,"href":"https:\/\/radiorevelacionfm.cl\/index.php?rest_route=\/wp\/v2\/posts\/35935\/revisions"}],"predecessor-version":[{"id":35937,"href":"https:\/\/radiorevelacionfm.cl\/index.php?rest_route=\/wp\/v2\/posts\/35935\/revisions\/35937"}],"wp:featuredmedia":[{"embeddable":true,"href":"https:\/\/radiorevelacionfm.cl\/index.php?rest_route=\/wp\/v2\/media\/35936"}],"wp:attachment":[{"href":"https:\/\/radiorevelacionfm.cl\/index.php?rest_route=%2Fwp%2Fv2%2Fmedia&parent=35935"}],"wp:term":[{"taxonomy":"category","embeddable":true,"href":"https:\/\/radiorevelacionfm.cl\/index.php?rest_route=%2Fwp%2Fv2%2Fcategories&post=35935"},{"taxonomy":"post_tag","embeddable":true,"href":"https:\/\/radiorevelacionfm.cl\/index.php?rest_route=%2Fwp%2Fv2%2Ftags&post=35935"}],"curies":[{"name":"wp","href":"https:\/\/api.w.org\/{rel}","templated":true}]}}