{"id":35932,"date":"2023-10-16T11:54:03","date_gmt":"2023-10-16T14:54:03","guid":{"rendered":"https:\/\/radiorevelacionfm.cl\/?p=35932"},"modified":"2023-10-16T11:54:03","modified_gmt":"2023-10-16T14:54:03","slug":"calisto-denuncia-mal-estado-de-rutas-y-pide-mantencion-integral-del-camino-entre-balmaceda-y-puerto-aysen","status":"publish","type":"post","link":"https:\/\/radiorevelacionfm.cl\/?p=35932","title":{"rendered":"Calisto denuncia mal estado de rutas y pide mantenci\u00f3n integral del camino entre Balmaceda y Puerto Ays\u00e9n"},"content":{"rendered":"<div class=\"flex_column av_one_full  flex_column_div av-zero-column-padding first  avia-builder-el-0  el_before_av_one_full  avia-builder-el-first  \" style='border-radius:0px; '><div  class='avia-image-container  av-styling-    avia-builder-el-1  avia-builder-el-no-sibling  avia-align-center '  itemprop=\"image\" itemscope=\"itemscope\" itemtype=\"https:\/\/schema.org\/ImageObject\"  ><div class='avia-image-container-inner'><div class='avia-image-overlay-wrap'><img decoding=\"async\" class='wp-image-35933 avia-img-lazy-loading-not-35933 avia_image' src=\"https:\/\/radiorevelacionfm.cl\/wp-content\/uploads\/2023\/10\/Calisto-2-2.jpg\" alt='' title='Calisto-2-2' height=\"600\" width=\"956\"  itemprop=\"thumbnailUrl\" srcset=\"https:\/\/radiorevelacionfm.cl\/wp-content\/uploads\/2023\/10\/Calisto-2-2.jpg 956w, https:\/\/radiorevelacionfm.cl\/wp-content\/uploads\/2023\/10\/Calisto-2-2-300x188.jpg 300w, https:\/\/radiorevelacionfm.cl\/wp-content\/uploads\/2023\/10\/Calisto-2-2-768x482.jpg 768w, https:\/\/radiorevelacionfm.cl\/wp-content\/uploads\/2023\/10\/Calisto-2-2-705x442.jpg 705w, https:\/\/radiorevelacionfm.cl\/wp-content\/uploads\/2023\/10\/Calisto-2-2-450x282.jpg 450w, https:\/\/radiorevelacionfm.cl\/wp-content\/uploads\/2023\/10\/Calisto-2-2-600x377.jpg 600w\" sizes=\"(max-width: 956px) 100vw, 956px\" \/><\/div><\/div><\/div><\/div><div class=\"flex_column av_one_full  flex_column_div av-zero-column-padding first  avia-builder-el-2  el_after_av_one_full  el_before_av_one_full  column-top-margin\" style='border-radius:0px; '><section class=\"av_textblock_section \"  itemscope=\"itemscope\" itemtype=\"https:\/\/schema.org\/BlogPosting\" itemprop=\"blogPost\" ><div class='avia_textblock  '   itemprop=\"text\" ><p style=\"text-align: center;\"><span style=\"font-size: 18pt;\"><strong>Calisto denuncia mal estado de rutas y pide mantenci\u00f3n integral del camino entre Balmaceda y Puerto Ays\u00e9n <\/strong><\/span><\/p>\n<div id=\"gtx-trans\" style=\"position: absolute; left: -50px; top: 4.31534px;\">\n<div class=\"gtx-trans-icon\"><\/div>\n<\/div>\n<\/div><\/section><\/div><div class=\"flex_column av_one_full  flex_column_div av-zero-column-padding first  avia-builder-el-4  el_after_av_one_full  el_before_av_hr  column-top-margin\" style='border-radius:0px; '><section class=\"av_textblock_section \"  itemscope=\"itemscope\" itemtype=\"https:\/\/schema.org\/BlogPosting\" itemprop=\"blogPost\" ><div class='avia_textblock  '   itemprop=\"text\" ><p style=\"text-align: justify;\"><em>El legislador tambi\u00e9n acuso un mal estado de la ruta hacia cerro Castillo, por lo que envi\u00f3 un oficio al Ministerio de Obras P\u00fablicas pidiendo una mantenci\u00f3n integral de estos caminos. <\/em><\/p>\n<p style=\"text-align: justify;\">Consciente del mal estado de la ruta que une Balmaceda con Coyhaique y Puerto Ays\u00e9n, tramo que es el m\u00e1s transitado en nuestra regi\u00f3n, el diputado Miguel \u00c1ngel Calisto envi\u00f3 un oficio al Ministerio de Obras P\u00fablicas solicitando una mantenci\u00f3n integral del camino, adem\u00e1s de la instalaci\u00f3n de se\u00f1al\u00e9tica que permitan elevar los est\u00e1ndares de seguridad de la ruta.<\/p>\n<p style=\"text-align: justify;\">Seg\u00fan el legislador, \u201cestamos oficiando al Ministerio de Obras P\u00fablicas por las malas condiciones del camino entre Coyhaique a Balmaceda, como as\u00ed tambi\u00e9n entre Coyhaique y Puerto Ays\u00e9n. Esa ruta, que es la m\u00e1s transitada de la regi\u00f3n, est\u00e1 en p\u00e9simas condiciones. Esto no puede ser, porque se est\u00e1 poniendo en riesgo a la poblaci\u00f3n por la falta de mantenimiento\u201d.<\/p>\n<p style=\"text-align: justify;\">\u201cHacia Puerto Ays\u00e9n la ruta est\u00e1 deplorable, sin mantenci\u00f3n, sin la se\u00f1al\u00e9tica necesaria y sin la iluminaci\u00f3n que se requiere durante las noches y cuando hay lluvia. Hay sectores donde no se ve nada, no hay demarcaciones en el camino\u201d, acus\u00f3 el legislador.<\/p>\n<p style=\"text-align: justify;\">Calisto agreg\u00f3 que \u201cen el caso del camino a Balmaceda, la ruta est\u00e1 reventada en varios puntos, en el sector el salto, en las rectas cercanas a Balmaceda no ha habido mantenci\u00f3n y el camino est\u00e1 p\u00e9simo producto de las escarchas y nevazones. Es fundamental que mejoremos las condiciones de esta ruta que es la principal de la regi\u00f3n, porque hoy en d\u00eda est\u00e1 abandonada y en muy malas condiciones\u201d.<\/p>\n<p style=\"text-align: justify;\">\u201cTambi\u00e9n tenemos problemas en el camino que va a cerro Castillo. Est\u00e1 reventado y se nota abandono por parte del Estado. Hay tramos muy peligrosos donde los hoyos pueden generar accidentes graves\u201d, indic\u00f3.<\/p>\n<p style=\"text-align: justify;\">Finalmente, el legislador se\u00f1al\u00f3 que \u201ctambi\u00e9n hace lagunas semanas oficiamos al MOP por la situaci\u00f3n que afecta al tramo de ingreso a Coyhaique y de Puerto Ays\u00e9n. Se trata de obras que quedaron abandonadas porque las empresas quebraron. Esperamos que prontamente, de acuerdo a la informaci\u00f3n entregada por el Ministerio, se puedan volver a iniciar para terminar estos ingresos a las principales ciudades de nuestra regi\u00f3n\u201d.<\/p>\n<\/div><\/section><\/div><div  style='height:50px' class='hr hr-invisible   avia-builder-el-6  el_after_av_one_full  el_before_av_social_share '><span class='hr-inner ' ><span class='hr-inner-style'><\/span><\/span><\/div><\/p>\n<div  class='av-social-sharing-box  avia-builder-el-7  el_after_av_hr  el_before_av_hr  '><div class='av-share-box'><h5 class='av-share-link-description av-no-toc '>Compartir esta noticia<\/h5><ul class='av-share-box-list noLightbox'><li class='av-share-link av-social-link-facebook' ><a target=\"_blank\" aria-label=\"Compartir en Facebook\" href='https:\/\/www.facebook.com\/sharer.php?u=https:\/\/radiorevelacionfm.cl\/?p=35932&#038;t=Calisto%20denuncia%20mal%20estado%20de%20rutas%20y%20pide%20mantenci%C3%B3n%20integral%20del%20camino%20entre%20Balmaceda%20y%20Puerto%20Ays%C3%A9n' aria-hidden='false' data-av_icon='\ue8f3' data-av_iconfont='entypo-fontello' title='' data-avia-related-tooltip='Compartir en Facebook' rel=\"noopener\"><span class='avia_hidden_link_text'>Compartir en Facebook<\/span><\/a><\/li><li class='av-share-link av-social-link-twitter' ><a target=\"_blank\" aria-label=\"Compartir en Twitter\" href='https:\/\/twitter.com\/share?text=Calisto%20denuncia%20mal%20estado%20de%20rutas%20y%20pide%20mantenci%C3%B3n%20integral%20del%20camino%20entre%20Balmaceda%20y%20Puerto%20Ays%C3%A9n&#038;url=https:\/\/radiorevelacionfm.cl\/?p=35932' aria-hidden='false' data-av_icon='\ue8f1' data-av_iconfont='entypo-fontello' title='' data-avia-related-tooltip='Compartir en Twitter' rel=\"noopener\"><span class='avia_hidden_link_text'>Compartir en Twitter<\/span><\/a><\/li><li class='av-share-link av-social-link-whatsapp' ><a target=\"_blank\" aria-label=\"Compartir en Whatsapp\" href='https:\/\/api.whatsapp.com\/send?text=https:\/\/radiorevelacionfm.cl\/?p=35932' aria-hidden='false' data-av_icon='\uf232' data-av_iconfont='entypo-fontello' title='' data-avia-related-tooltip='Compartir en Whatsapp' rel=\"noopener\"><span class='avia_hidden_link_text'>Compartir en Whatsapp<\/span><\/a><\/li><li class='av-share-link av-social-link-linkedin' ><a target=\"_blank\" aria-label=\"Compartir en LinkedIn\" href='https:\/\/linkedin.com\/shareArticle?mini=true&#038;title=Calisto%20denuncia%20mal%20estado%20de%20rutas%20y%20pide%20mantenci%C3%B3n%20integral%20del%20camino%20entre%20Balmaceda%20y%20Puerto%20Ays%C3%A9n&#038;url=https:\/\/radiorevelacionfm.cl\/?p=35932' aria-hidden='false' data-av_icon='\ue8fc' data-av_iconfont='entypo-fontello' title='' data-avia-related-tooltip='Compartir en LinkedIn' rel=\"noopener\"><span class='avia_hidden_link_text'>Compartir en LinkedIn<\/span><\/a><\/li><li class='av-share-link av-social-link-mail' ><a  aria-label=\"Compartir por correo\" href='mailto:?subject=Calisto%20denuncia%20mal%20estado%20de%20rutas%20y%20pide%20mantenci%C3%B3n%20integral%20del%20camino%20entre%20Balmaceda%20y%20Puerto%20Ays%C3%A9n&#038;body=https:\/\/radiorevelacionfm.cl\/?p=35932' aria-hidden='false' data-av_icon='\ue805' data-av_iconfont='entypo-fontello' title='' data-avia-related-tooltip='Compartir por correo'><span class='avia_hidden_link_text'>Compartir por correo<\/span><\/a><\/li><\/ul><\/div><\/div>\n<div  style='height:50px' class='hr hr-invisible   avia-builder-el-8  el_after_av_social_share  el_before_av_comments_list '><span class='hr-inner ' ><span class='hr-inner-style'><\/span><\/span><\/div>\n<div  class='av-buildercomment  av-blog-meta-html-info-disabled av-blog-meta-tag-disabled  '><\/div>\n","protected":false},"excerpt":{"rendered":"","protected":false},"author":1,"featured_media":35933,"comment_status":"open","ping_status":"open","sticky":false,"template":"","format":"standard","meta":{"footnotes":""},"categories":[35],"tags":[],"class_list":["post-35932","post","type-post","status-publish","format-standard","has-post-thumbnail","hentry","category-politica"],"jetpack_featured_media_url":"https:\/\/radiorevelacionfm.cl\/wp-content\/uploads\/2023\/10\/Calisto-2-2.jpg","_links":{"self":[{"href":"https:\/\/radiorevelacionfm.cl\/index.php?rest_route=\/wp\/v2\/posts\/35932","targetHints":{"allow":["GET"]}}],"collection":[{"href":"https:\/\/radiorevelacionfm.cl\/index.php?rest_route=\/wp\/v2\/posts"}],"about":[{"href":"https:\/\/radiorevelacionfm.cl\/index.php?rest_route=\/wp\/v2\/types\/post"}],"author":[{"embeddable":true,"href":"https:\/\/radiorevelacionfm.cl\/index.php?rest_route=\/wp\/v2\/users\/1"}],"replies":[{"embeddable":true,"href":"https:\/\/radiorevelacionfm.cl\/index.php?rest_route=%2Fwp%2Fv2%2Fcomments&post=35932"}],"version-history":[{"count":1,"href":"https:\/\/radiorevelacionfm.cl\/index.php?rest_route=\/wp\/v2\/posts\/35932\/revisions"}],"predecessor-version":[{"id":35934,"href":"https:\/\/radiorevelacionfm.cl\/index.php?rest_route=\/wp\/v2\/posts\/35932\/revisions\/35934"}],"wp:featuredmedia":[{"embeddable":true,"href":"https:\/\/radiorevelacionfm.cl\/index.php?rest_route=\/wp\/v2\/media\/35933"}],"wp:attachment":[{"href":"https:\/\/radiorevelacionfm.cl\/index.php?rest_route=%2Fwp%2Fv2%2Fmedia&parent=35932"}],"wp:term":[{"taxonomy":"category","embeddable":true,"href":"https:\/\/radiorevelacionfm.cl\/index.php?rest_route=%2Fwp%2Fv2%2Fcategories&post=35932"},{"taxonomy":"post_tag","embeddable":true,"href":"https:\/\/radiorevelacionfm.cl\/index.php?rest_route=%2Fwp%2Fv2%2Ftags&post=35932"}],"curies":[{"name":"wp","href":"https:\/\/api.w.org\/{rel}","templated":true}]}}