{"id":35901,"date":"2023-10-13T19:33:50","date_gmt":"2023-10-13T22:33:50","guid":{"rendered":"https:\/\/radiorevelacionfm.cl\/?p=35901"},"modified":"2023-10-13T19:33:50","modified_gmt":"2023-10-13T22:33:50","slug":"hospital-de-chile-chico-avanza-en-su-gestion-y-se-reune-con-autoridad-local","status":"publish","type":"post","link":"https:\/\/radiorevelacionfm.cl\/?p=35901","title":{"rendered":"Hospital de Chile Chico avanza en su gesti\u00f3n y se re\u00fane con autoridad local"},"content":{"rendered":"<div class=\"flex_column av_one_full  flex_column_div av-zero-column-padding first  avia-builder-el-0  el_before_av_one_full  avia-builder-el-first  \" style='border-radius:0px; '><div  class='avia-image-container  av-styling-    avia-builder-el-1  avia-builder-el-no-sibling  avia-align-center '  itemprop=\"image\" itemscope=\"itemscope\" itemtype=\"https:\/\/schema.org\/ImageObject\"  ><div class='avia-image-container-inner'><div class='avia-image-overlay-wrap'><img decoding=\"async\" class='wp-image-35902 avia-img-lazy-loading-not-35902 avia_image' src=\"https:\/\/radiorevelacionfm.cl\/wp-content\/uploads\/2023\/10\/WhatsApp-Image-2023-10-13-at-10.58.13-AM-1-1.jpeg\" alt='' title='WhatsApp Image 2023-10-13 at 10.58.13 AM (1) (1)' height=\"600\" width=\"800\"  itemprop=\"thumbnailUrl\" srcset=\"https:\/\/radiorevelacionfm.cl\/wp-content\/uploads\/2023\/10\/WhatsApp-Image-2023-10-13-at-10.58.13-AM-1-1.jpeg 800w, https:\/\/radiorevelacionfm.cl\/wp-content\/uploads\/2023\/10\/WhatsApp-Image-2023-10-13-at-10.58.13-AM-1-1-300x225.jpeg 300w, https:\/\/radiorevelacionfm.cl\/wp-content\/uploads\/2023\/10\/WhatsApp-Image-2023-10-13-at-10.58.13-AM-1-1-768x576.jpeg 768w, https:\/\/radiorevelacionfm.cl\/wp-content\/uploads\/2023\/10\/WhatsApp-Image-2023-10-13-at-10.58.13-AM-1-1-705x529.jpeg 705w, https:\/\/radiorevelacionfm.cl\/wp-content\/uploads\/2023\/10\/WhatsApp-Image-2023-10-13-at-10.58.13-AM-1-1-450x338.jpeg 450w, https:\/\/radiorevelacionfm.cl\/wp-content\/uploads\/2023\/10\/WhatsApp-Image-2023-10-13-at-10.58.13-AM-1-1-600x450.jpeg 600w\" sizes=\"(max-width: 800px) 100vw, 800px\" \/><\/div><\/div><\/div><\/div><div class=\"flex_column av_one_full  flex_column_div av-zero-column-padding first  avia-builder-el-2  el_after_av_one_full  el_before_av_one_full  column-top-margin\" style='border-radius:0px; '><section class=\"av_textblock_section \"  itemscope=\"itemscope\" itemtype=\"https:\/\/schema.org\/BlogPosting\" itemprop=\"blogPost\" ><div class='avia_textblock  '   itemprop=\"text\" ><h2 style=\"text-align: center;\"><span style=\"font-size: 18pt;\"><b><span lang=\"ES-MX\">Hospital de Chile Chico avanza en su gesti\u00f3n y se re\u00fane con autoridad local<\/span><\/b><\/span><\/h2>\n<div id=\"gtx-trans\" style=\"position: absolute; left: -50px; top: 4.31534px;\">\n<div class=\"gtx-trans-icon\"><\/div>\n<\/div>\n<\/div><\/section><\/div><div class=\"flex_column av_one_full  flex_column_div av-zero-column-padding first  avia-builder-el-4  el_after_av_one_full  el_before_av_hr  column-top-margin\" style='border-radius:0px; '><section class=\"av_textblock_section \"  itemscope=\"itemscope\" itemtype=\"https:\/\/schema.org\/BlogPosting\" itemprop=\"blogPost\" ><div class='avia_textblock  '   itemprop=\"text\" ><p style=\"font-weight: 400; text-align: justify;\">Con una dotaci\u00f3n de siete m\u00e9dicos, el Hospital comunitario Leopoldo Ortega Rodr\u00edguez de Chile Chico, responde a las demandas y urgencias de la comuna, esto gracias a las diferentes gestiones que ha desarrollado la Direcci\u00f3n del establecimiento y el Servicio de Salud Ays\u00e9n. As\u00ed lo dio a conocer la directora del recinto m\u00e9dico, Daniela Maldonado Vera, quien felicit\u00f3 a todo el personal por su compromiso con la salud de las y los usuarios.<\/p>\n<p style=\"font-weight: 400; text-align: justify;\">\u201cQuisiera destacar el trabajo realizado por todos nuestros funcionarios y el personal del establecimiento en todos los \u00e1mbitos, especialmente relacionado en la implementaci\u00f3n del modelo de salud familiar, en donde hemos participado en diferentes instancias de promoci\u00f3n y prevenci\u00f3n, feria de la infancia, taller de consejer\u00eda por mes de coraz\u00f3n, estamos actualmente realizando un siglo de talleres en conmemoraci\u00f3n del D\u00eda del Adulto Mayor que finaliza con una gran feria\u201d, cont\u00f3 Maldonado.<\/p>\n<p style=\"font-weight: 400; text-align: justify;\">Asimismo, la directora aprovech\u00f3 mencionar temas tratados en reuni\u00f3n con la concejala de Chile Chico, \u00c1ngela Valdebenito y el servicio, que son de importancia para la opini\u00f3n p\u00fablica y para la claridad de la gesti\u00f3n que se adelanta en el establecimiento.<\/p>\n<p style=\"font-weight: 400; text-align: justify;\">\u201cTuvimos la renuncia de uno de los m\u00e9dicos en Etapa de Destinaci\u00f3n y Formaci\u00f3n, por motivos personales, sin embargo, no ha significado un cambio en nuestras agendas, tenemos disponibilidad para poder atender a nuestros programas\u201d, dijo la directora.<\/p>\n<p style=\"font-weight: 400; text-align: justify;\">En esa misma l\u00ednea, Maldonado tambi\u00e9n aclar\u00f3 la situaci\u00f3n de una enfermera que cumple labores en teletrabajo \u201cla profesional actualmente se encuentra realizando labores administrativas del proceso de acreditaci\u00f3n y toda la gesti\u00f3n documental que eso significa. Se nos permiti\u00f3 contar con un cargo para mantener un profesional de manera presencial en nuestro establecimiento, para que de esta manera se pueda mantener la continuidad de la atenci\u00f3n\u201d.<\/p>\n<p style=\"font-weight: 400; text-align: justify;\">Por su parte, la concejala agradeci\u00f3 el espacio de di\u00e1logo, manifestando \u201cme voy conforme a lo que se ha conversado, creo que se han esclarecido bastantes situaciones que ten\u00edamos pendientes y que hab\u00edan salido a la luz con mis declaraciones en los medios, as\u00ed que tambi\u00e9n lo voy a replicar porque creo que es s\u00faper importante dar el derecho a r\u00e9plica (\u2026) pero me voy con una buena impresi\u00f3n de parte del Servicio de Salud Ays\u00e9n\u201d, coment\u00f3 Valdebenito.<\/p>\n<p style=\"font-weight: 400; text-align: justify;\"><strong><u>Rondas m\u00e9dicas de especialidades\u00a0<\/u><\/strong><\/p>\n<p style=\"font-weight: 400; text-align: justify;\">En la misma reuni\u00f3n se mencion\u00f3 el trabajo que est\u00e1 llevando a cabo el establecimiento junto a la Direcci\u00f3n del Servicio de Salud Ays\u00e9n de llevar un grupo de especialistas del Hospital Regional Coyhaique y Hospital de Puerto Ays\u00e9n al recinto m\u00e9dico de la ciudad, tal como se realiz\u00f3 en la comuna de Cochrane y se proyecta en Puerto Cisnes.<\/p>\n<p style=\"font-weight: 400; text-align: justify;\">\u201cVamos a contar con las rondas de especialidades con nuestro personal y en conjunto con el Servicio de Salud Ays\u00e9n, adem\u00e1s mencionar que estamos trabajando arduamente en lo que ser\u00e1 la puesta en marcha del nuevo hospital, a su vez, seguimos\u00a0mejorando en nuestros procesos asistenciales y administrativos\u201d, finaliz\u00f3 la directora del Hospital Dr. Leopoldo Ortega Rodr\u00edguez.<\/p>\n<\/div><\/section><\/div><div  style='height:50px' class='hr hr-invisible   avia-builder-el-6  el_after_av_one_full  el_before_av_social_share '><span class='hr-inner ' ><span class='hr-inner-style'><\/span><\/span><\/div><\/p>\n<div  class='av-social-sharing-box  avia-builder-el-7  el_after_av_hr  el_before_av_hr  '><div class='av-share-box'><h5 class='av-share-link-description av-no-toc '>Compartir esta noticia<\/h5><ul class='av-share-box-list noLightbox'><li class='av-share-link av-social-link-facebook' ><a target=\"_blank\" aria-label=\"Compartir en Facebook\" href='https:\/\/www.facebook.com\/sharer.php?u=https:\/\/radiorevelacionfm.cl\/?p=35901&#038;t=Hospital%20de%20Chile%20Chico%20avanza%20en%20su%20gesti%C3%B3n%20y%20se%20re%C3%BAne%20con%20autoridad%20local' aria-hidden='false' data-av_icon='\ue8f3' data-av_iconfont='entypo-fontello' title='' data-avia-related-tooltip='Compartir en Facebook' rel=\"noopener\"><span class='avia_hidden_link_text'>Compartir en Facebook<\/span><\/a><\/li><li class='av-share-link av-social-link-twitter' ><a target=\"_blank\" aria-label=\"Compartir en Twitter\" href='https:\/\/twitter.com\/share?text=Hospital%20de%20Chile%20Chico%20avanza%20en%20su%20gesti%C3%B3n%20y%20se%20re%C3%BAne%20con%20autoridad%20local&#038;url=https:\/\/radiorevelacionfm.cl\/?p=35901' aria-hidden='false' data-av_icon='\ue8f1' data-av_iconfont='entypo-fontello' title='' data-avia-related-tooltip='Compartir en Twitter' rel=\"noopener\"><span class='avia_hidden_link_text'>Compartir en Twitter<\/span><\/a><\/li><li class='av-share-link av-social-link-whatsapp' ><a target=\"_blank\" aria-label=\"Compartir en Whatsapp\" href='https:\/\/api.whatsapp.com\/send?text=https:\/\/radiorevelacionfm.cl\/?p=35901' aria-hidden='false' data-av_icon='\uf232' data-av_iconfont='entypo-fontello' title='' data-avia-related-tooltip='Compartir en Whatsapp' rel=\"noopener\"><span class='avia_hidden_link_text'>Compartir en Whatsapp<\/span><\/a><\/li><li class='av-share-link av-social-link-linkedin' ><a target=\"_blank\" aria-label=\"Compartir en LinkedIn\" href='https:\/\/linkedin.com\/shareArticle?mini=true&#038;title=Hospital%20de%20Chile%20Chico%20avanza%20en%20su%20gesti%C3%B3n%20y%20se%20re%C3%BAne%20con%20autoridad%20local&#038;url=https:\/\/radiorevelacionfm.cl\/?p=35901' aria-hidden='false' data-av_icon='\ue8fc' data-av_iconfont='entypo-fontello' title='' data-avia-related-tooltip='Compartir en LinkedIn' rel=\"noopener\"><span class='avia_hidden_link_text'>Compartir en LinkedIn<\/span><\/a><\/li><li class='av-share-link av-social-link-mail' ><a  aria-label=\"Compartir por correo\" href='mailto:?subject=Hospital%20de%20Chile%20Chico%20avanza%20en%20su%20gesti%C3%B3n%20y%20se%20re%C3%BAne%20con%20autoridad%20local&#038;body=https:\/\/radiorevelacionfm.cl\/?p=35901' aria-hidden='false' data-av_icon='\ue805' data-av_iconfont='entypo-fontello' title='' data-avia-related-tooltip='Compartir por correo'><span class='avia_hidden_link_text'>Compartir por correo<\/span><\/a><\/li><\/ul><\/div><\/div>\n<div  style='height:50px' class='hr hr-invisible   avia-builder-el-8  el_after_av_social_share  el_before_av_comments_list '><span class='hr-inner ' ><span class='hr-inner-style'><\/span><\/span><\/div>\n<div  class='av-buildercomment  av-blog-meta-html-info-disabled av-blog-meta-tag-disabled  '><\/div>\n","protected":false},"excerpt":{"rendered":"","protected":false},"author":1,"featured_media":35902,"comment_status":"open","ping_status":"open","sticky":false,"template":"","format":"standard","meta":{"footnotes":""},"categories":[38],"tags":[],"class_list":["post-35901","post","type-post","status-publish","format-standard","has-post-thumbnail","hentry","category-regional"],"jetpack_featured_media_url":"https:\/\/radiorevelacionfm.cl\/wp-content\/uploads\/2023\/10\/WhatsApp-Image-2023-10-13-at-10.58.13-AM-1-1.jpeg","_links":{"self":[{"href":"https:\/\/radiorevelacionfm.cl\/index.php?rest_route=\/wp\/v2\/posts\/35901","targetHints":{"allow":["GET"]}}],"collection":[{"href":"https:\/\/radiorevelacionfm.cl\/index.php?rest_route=\/wp\/v2\/posts"}],"about":[{"href":"https:\/\/radiorevelacionfm.cl\/index.php?rest_route=\/wp\/v2\/types\/post"}],"author":[{"embeddable":true,"href":"https:\/\/radiorevelacionfm.cl\/index.php?rest_route=\/wp\/v2\/users\/1"}],"replies":[{"embeddable":true,"href":"https:\/\/radiorevelacionfm.cl\/index.php?rest_route=%2Fwp%2Fv2%2Fcomments&post=35901"}],"version-history":[{"count":1,"href":"https:\/\/radiorevelacionfm.cl\/index.php?rest_route=\/wp\/v2\/posts\/35901\/revisions"}],"predecessor-version":[{"id":35903,"href":"https:\/\/radiorevelacionfm.cl\/index.php?rest_route=\/wp\/v2\/posts\/35901\/revisions\/35903"}],"wp:featuredmedia":[{"embeddable":true,"href":"https:\/\/radiorevelacionfm.cl\/index.php?rest_route=\/wp\/v2\/media\/35902"}],"wp:attachment":[{"href":"https:\/\/radiorevelacionfm.cl\/index.php?rest_route=%2Fwp%2Fv2%2Fmedia&parent=35901"}],"wp:term":[{"taxonomy":"category","embeddable":true,"href":"https:\/\/radiorevelacionfm.cl\/index.php?rest_route=%2Fwp%2Fv2%2Fcategories&post=35901"},{"taxonomy":"post_tag","embeddable":true,"href":"https:\/\/radiorevelacionfm.cl\/index.php?rest_route=%2Fwp%2Fv2%2Ftags&post=35901"}],"curies":[{"name":"wp","href":"https:\/\/api.w.org\/{rel}","templated":true}]}}