{"id":35898,"date":"2023-10-13T19:16:26","date_gmt":"2023-10-13T22:16:26","guid":{"rendered":"https:\/\/radiorevelacionfm.cl\/?p=35898"},"modified":"2023-10-13T19:16:26","modified_gmt":"2023-10-13T22:16:26","slug":"equipos-ecoterraneo-y-centro-integral-bambu-junto-a-la-comunidad-son-parte-de-la-intervencion-plaza-inclusiva","status":"publish","type":"post","link":"https:\/\/radiorevelacionfm.cl\/?p=35898","title":{"rendered":"Equipos Ecoterr\u00e1neo y centro integral Bamb\u00fa junto a la comunidad son parte de la intervenci\u00f3n \u201cPlaza Inclusiva\u201d"},"content":{"rendered":"<div class=\"flex_column av_one_full  flex_column_div av-zero-column-padding first  avia-builder-el-0  el_before_av_one_full  avia-builder-el-first  \" style='border-radius:0px; '><div  class='avia-image-container  av-styling-    avia-builder-el-1  avia-builder-el-no-sibling  avia-align-center '  itemprop=\"image\" itemscope=\"itemscope\" itemtype=\"https:\/\/schema.org\/ImageObject\"  ><div class='avia-image-container-inner'><div class='avia-image-overlay-wrap'><img decoding=\"async\" class='wp-image-35899 avia-img-lazy-loading-not-35899 avia_image' src=\"https:\/\/radiorevelacionfm.cl\/wp-content\/uploads\/2023\/10\/ECOTERRANEO-Y-BAMBU-4-1-1.jpg\" alt='' title='ECOTERRANEO Y BAMBU 4 (1) (1)' height=\"600\" width=\"900\"  itemprop=\"thumbnailUrl\" srcset=\"https:\/\/radiorevelacionfm.cl\/wp-content\/uploads\/2023\/10\/ECOTERRANEO-Y-BAMBU-4-1-1.jpg 900w, https:\/\/radiorevelacionfm.cl\/wp-content\/uploads\/2023\/10\/ECOTERRANEO-Y-BAMBU-4-1-1-300x200.jpg 300w, https:\/\/radiorevelacionfm.cl\/wp-content\/uploads\/2023\/10\/ECOTERRANEO-Y-BAMBU-4-1-1-768x512.jpg 768w, https:\/\/radiorevelacionfm.cl\/wp-content\/uploads\/2023\/10\/ECOTERRANEO-Y-BAMBU-4-1-1-705x470.jpg 705w, https:\/\/radiorevelacionfm.cl\/wp-content\/uploads\/2023\/10\/ECOTERRANEO-Y-BAMBU-4-1-1-450x300.jpg 450w, https:\/\/radiorevelacionfm.cl\/wp-content\/uploads\/2023\/10\/ECOTERRANEO-Y-BAMBU-4-1-1-600x400.jpg 600w\" sizes=\"(max-width: 900px) 100vw, 900px\" \/><\/div><\/div><\/div><\/div><div class=\"flex_column av_one_full  flex_column_div av-zero-column-padding first  avia-builder-el-2  el_after_av_one_full  el_before_av_one_full  column-top-margin\" style='border-radius:0px; '><section class=\"av_textblock_section \"  itemscope=\"itemscope\" itemtype=\"https:\/\/schema.org\/BlogPosting\" itemprop=\"blogPost\" ><div class='avia_textblock  '   itemprop=\"text\" ><h2 style=\"text-align: center;\"><span style=\"font-size: 18pt;\"><strong>Equipos Ecoterr\u00e1neo y centro integral Bamb\u00fa junto a la comunidad son parte de la intervenci\u00f3n \u201cPlaza Inclusiva\u201d<\/strong><\/span><\/h2>\n<div id=\"gtx-trans\" style=\"position: absolute; left: -50px; top: 4.31534px;\">\n<div class=\"gtx-trans-icon\"><\/div>\n<\/div>\n<\/div><\/section><\/div><div class=\"flex_column av_one_full  flex_column_div av-zero-column-padding first  avia-builder-el-4  el_after_av_one_full  el_before_av_hr  column-top-margin\" style='border-radius:0px; '><section class=\"av_textblock_section \"  itemscope=\"itemscope\" itemtype=\"https:\/\/schema.org\/BlogPosting\" itemprop=\"blogPost\" ><div class='avia_textblock  '   itemprop=\"text\" ><p style=\"text-align: justify;\">Ecoterr\u00e1neo Patagonia Cowork y centro integral Bamb\u00fa, se han unido para llevar adelante, visibilizar y realizar acciones concretas en torno a materias que permitan a toda la comunidad involucrarse en las distintas instancias y con su propio entorno. Es de esta forma que, realizaron una primera actividad denominada \u201cPlaza Inclusiva\u201d.<\/p>\n<p style=\"text-align: justify;\">Esta intervenci\u00f3n se enfoca en facilitar la comunicaci\u00f3n funcional, la accesibilidad cognitiva y la autonom\u00eda personal en diferentes entornos y actividades de la vida cotidiana. Mediante la implementaci\u00f3n de se\u00f1al\u00e9ticas adaptadas en entornos urbanos, se busca que, la ciudad de Puerto Ays\u00e9n sea m\u00e1s accesible y amigable para todos.<\/p>\n<p style=\"text-align: justify;\">Paula Rocamora, directora de comunicaciones de Geogama y Ecoterr\u00e1neo, junto con poner en valor las iniciativas que se est\u00e1n desarrollando en conjunto a la comunidad, enfatiz\u00f3 que \u201cEcoterr\u00e1neo es un proyecto de triple impacto de Geogama, impacto econ\u00f3mico, ambiental y social, que posee la primera incubadora de negocios de la regi\u00f3n de Ays\u00e9n\u201d.<\/p>\n<p style=\"text-align: justify;\">Gladys Zu\u00f1iga, coordinadora del Centro Ays\u00e9n Rehabilita, fue parte de esta primera iniciativa y destac\u00f3, \u201cestamos muy contentos de haber recibido esta invitaci\u00f3n por parte de Ecoterr\u00e1neo, porque es tan importante que todos los actores sociales se unan para que seamos participes del cambio. Muy agradecida de esta instancia, ojal\u00e1 se pueda repetir y que todos como sociedad y comuna aportemos desde nuestro lugar a la inclusi\u00f3n\u201d.<\/p>\n<p style=\"text-align: justify;\">Mar\u00eda Teresa Figueroa, vecina de Puerto Ays\u00e9n, se mostr\u00f3 muy agradecida por haber sido parte en el conversatorio y en la jornada de inclusi\u00f3n propiciada por la empresa local. \u201cEsta iniciativa que se hizo entre Ecoterr\u00e1neo y Bamb\u00fa excelente, porque esto es lo que se necesita aqu\u00ed en la ciudad donde estamos viviendo nosotros, donde caminamos todos los d\u00edas, con ni\u00f1os de diferentes condiciones, entonces, me alegro mucho y estoy muy feliz por esto\u201d.<\/p>\n<p style=\"text-align: justify;\">Es importante mencionar que Ecoterr\u00e1neo Patagonia Cowork, es una empresa aysenina, instalada en Puerto Ays\u00e9n y que pretende continuar integr\u00e1ndose en la comunidad, sus emprendedores, servicios p\u00fablicos y entidades privadas.<\/p>\n<p style=\"text-align: justify;\">La empresa madre de Ecoterr\u00e1neo es Geogama, fundada hace 15 a\u00f1os por Christian Haeger junto a su socio cofundador Enzo Parodi en Puerto Ays\u00e9n y cuentan con 4 \u00e1reas de trabajo como laboratorio ambiental acreditado por ISO 17025, turismo cient\u00edfico, estudios de evaluaci\u00f3n ambiental y \u00e1rea de I+D y oceanograf\u00eda, tambi\u00e9n con presencia en Espa\u00f1a, regi\u00f3n de Magallanes y Ays\u00e9n.<\/p>\n<\/div><\/section><\/div><div  style='height:50px' class='hr hr-invisible   avia-builder-el-6  el_after_av_one_full  el_before_av_social_share '><span class='hr-inner ' ><span class='hr-inner-style'><\/span><\/span><\/div><\/p>\n<div  class='av-social-sharing-box  avia-builder-el-7  el_after_av_hr  el_before_av_hr  '><div class='av-share-box'><h5 class='av-share-link-description av-no-toc '>Compartir esta noticia<\/h5><ul class='av-share-box-list noLightbox'><li class='av-share-link av-social-link-facebook' ><a target=\"_blank\" aria-label=\"Compartir en Facebook\" href='https:\/\/www.facebook.com\/sharer.php?u=https:\/\/radiorevelacionfm.cl\/?p=35898&#038;t=Equipos%20Ecoterr%C3%A1neo%20y%20centro%20integral%20Bamb%C3%BA%20junto%20a%20la%20comunidad%20son%20parte%20de%20la%20intervenci%C3%B3n%20%E2%80%9CPlaza%20Inclusiva%E2%80%9D' aria-hidden='false' data-av_icon='\ue8f3' data-av_iconfont='entypo-fontello' title='' data-avia-related-tooltip='Compartir en Facebook' rel=\"noopener\"><span class='avia_hidden_link_text'>Compartir en Facebook<\/span><\/a><\/li><li class='av-share-link av-social-link-twitter' ><a target=\"_blank\" aria-label=\"Compartir en Twitter\" href='https:\/\/twitter.com\/share?text=Equipos%20Ecoterr%C3%A1neo%20y%20centro%20integral%20Bamb%C3%BA%20junto%20a%20la%20comunidad%20son%20parte%20de%20la%20intervenci%C3%B3n%20%E2%80%9CPlaza%20Inclusiva%E2%80%9D&#038;url=https:\/\/radiorevelacionfm.cl\/?p=35898' aria-hidden='false' data-av_icon='\ue8f1' data-av_iconfont='entypo-fontello' title='' data-avia-related-tooltip='Compartir en Twitter' rel=\"noopener\"><span class='avia_hidden_link_text'>Compartir en Twitter<\/span><\/a><\/li><li class='av-share-link av-social-link-whatsapp' ><a target=\"_blank\" aria-label=\"Compartir en Whatsapp\" href='https:\/\/api.whatsapp.com\/send?text=https:\/\/radiorevelacionfm.cl\/?p=35898' aria-hidden='false' data-av_icon='\uf232' data-av_iconfont='entypo-fontello' title='' data-avia-related-tooltip='Compartir en Whatsapp' rel=\"noopener\"><span class='avia_hidden_link_text'>Compartir en Whatsapp<\/span><\/a><\/li><li class='av-share-link av-social-link-linkedin' ><a target=\"_blank\" aria-label=\"Compartir en LinkedIn\" href='https:\/\/linkedin.com\/shareArticle?mini=true&#038;title=Equipos%20Ecoterr%C3%A1neo%20y%20centro%20integral%20Bamb%C3%BA%20junto%20a%20la%20comunidad%20son%20parte%20de%20la%20intervenci%C3%B3n%20%E2%80%9CPlaza%20Inclusiva%E2%80%9D&#038;url=https:\/\/radiorevelacionfm.cl\/?p=35898' aria-hidden='false' data-av_icon='\ue8fc' data-av_iconfont='entypo-fontello' title='' data-avia-related-tooltip='Compartir en LinkedIn' rel=\"noopener\"><span class='avia_hidden_link_text'>Compartir en LinkedIn<\/span><\/a><\/li><li class='av-share-link av-social-link-mail' ><a  aria-label=\"Compartir por correo\" href='mailto:?subject=Equipos%20Ecoterr%C3%A1neo%20y%20centro%20integral%20Bamb%C3%BA%20junto%20a%20la%20comunidad%20son%20parte%20de%20la%20intervenci%C3%B3n%20%E2%80%9CPlaza%20Inclusiva%E2%80%9D&#038;body=https:\/\/radiorevelacionfm.cl\/?p=35898' aria-hidden='false' data-av_icon='\ue805' data-av_iconfont='entypo-fontello' title='' data-avia-related-tooltip='Compartir por correo'><span class='avia_hidden_link_text'>Compartir por correo<\/span><\/a><\/li><\/ul><\/div><\/div>\n<div  style='height:50px' class='hr hr-invisible   avia-builder-el-8  el_after_av_social_share  el_before_av_comments_list '><span class='hr-inner ' ><span class='hr-inner-style'><\/span><\/span><\/div>\n<div  class='av-buildercomment  av-blog-meta-html-info-disabled av-blog-meta-tag-disabled  '><\/div>\n","protected":false},"excerpt":{"rendered":"","protected":false},"author":1,"featured_media":35899,"comment_status":"open","ping_status":"open","sticky":false,"template":"","format":"standard","meta":{"footnotes":""},"categories":[38],"tags":[],"class_list":["post-35898","post","type-post","status-publish","format-standard","has-post-thumbnail","hentry","category-regional"],"jetpack_featured_media_url":"https:\/\/radiorevelacionfm.cl\/wp-content\/uploads\/2023\/10\/ECOTERRANEO-Y-BAMBU-4-1-1.jpg","_links":{"self":[{"href":"https:\/\/radiorevelacionfm.cl\/index.php?rest_route=\/wp\/v2\/posts\/35898","targetHints":{"allow":["GET"]}}],"collection":[{"href":"https:\/\/radiorevelacionfm.cl\/index.php?rest_route=\/wp\/v2\/posts"}],"about":[{"href":"https:\/\/radiorevelacionfm.cl\/index.php?rest_route=\/wp\/v2\/types\/post"}],"author":[{"embeddable":true,"href":"https:\/\/radiorevelacionfm.cl\/index.php?rest_route=\/wp\/v2\/users\/1"}],"replies":[{"embeddable":true,"href":"https:\/\/radiorevelacionfm.cl\/index.php?rest_route=%2Fwp%2Fv2%2Fcomments&post=35898"}],"version-history":[{"count":1,"href":"https:\/\/radiorevelacionfm.cl\/index.php?rest_route=\/wp\/v2\/posts\/35898\/revisions"}],"predecessor-version":[{"id":35900,"href":"https:\/\/radiorevelacionfm.cl\/index.php?rest_route=\/wp\/v2\/posts\/35898\/revisions\/35900"}],"wp:featuredmedia":[{"embeddable":true,"href":"https:\/\/radiorevelacionfm.cl\/index.php?rest_route=\/wp\/v2\/media\/35899"}],"wp:attachment":[{"href":"https:\/\/radiorevelacionfm.cl\/index.php?rest_route=%2Fwp%2Fv2%2Fmedia&parent=35898"}],"wp:term":[{"taxonomy":"category","embeddable":true,"href":"https:\/\/radiorevelacionfm.cl\/index.php?rest_route=%2Fwp%2Fv2%2Fcategories&post=35898"},{"taxonomy":"post_tag","embeddable":true,"href":"https:\/\/radiorevelacionfm.cl\/index.php?rest_route=%2Fwp%2Fv2%2Ftags&post=35898"}],"curies":[{"name":"wp","href":"https:\/\/api.w.org\/{rel}","templated":true}]}}